{"id":156410,"date":"2022-05-28T15:07:52","date_gmt":"2022-05-28T12:07:52","guid":{"rendered":"https:\/\/www.enerjigazetesi.ist\/?p=156410"},"modified":"2022-05-28T15:12:09","modified_gmt":"2022-05-28T12:12:09","slug":"enerji-timi-kadin-kooperatifleri-ne-tasarrufu-anlatti","status":"publish","type":"post","link":"https:\/\/www.enerjigazetesi.ist\/en\/enerji-timi-kadin-kooperatifleri-ne-tasarrufu-anlatti\/","title":{"rendered":"(Turkish) &#8217;Enerji Timi&#8217; Kad\u0131n Kooperatifleri&#8217;ne Tasarrufu Anlatt\u0131"},"content":{"rendered":"<p class=\"qtranxs-available-languages-message qtranxs-available-languages-message-en\">Sorry, this entry is only available in <a href=\"https:\/\/www.enerjigazetesi.ist\/tr\/wp-json\/wp\/v2\/posts\/156410\" class=\"qtranxs-available-language-link qtranxs-available-language-link-tr\" title=\"Turkish\">Turkish<\/a>. For the sake of viewer convenience, the content is shown below in the alternative language. You may click the link to switch the active language.<\/p><p><\/p>\n<h2>Uluda\u011f Elektrik, Enerji Dan\u0131\u015fman\u0131m Projesi kapsam\u0131nda hanelerde ve k\u00fc\u00e7\u00fck i\u015fletmelerde ba\u015flatt\u0131\u011f\u0131 enerji tasarrufu ve verimlili\u011fi bilin\u00e7lendirmesine Kent Konseyi Kad\u0131n Meclisi \u00fcyeleri ve kad\u0131n kooperatifleriyle devam etti.<\/h2>\n<p>Kad\u0131nlardan olu\u015fan bir toplulu\u011fa<strong> enerji tasarrufu<\/strong> ve <strong>verimlili\u011fi<\/strong> konusunda bilgiler aktaran \u015firket, s\u00fcrd\u00fcr\u00fclebilir bir d\u00fcnya i\u00e7in enerjinin \u00f6nemi ve hane i\u00e7i <strong>elektrikli cihaz kullan\u0131m\u0131nda<\/strong> dikkat edilmesi gerekenler hakk\u0131nda bilgi verdi.<\/p>\n<h3><strong>\u201cEnerjik t\u00fcyolar, kad\u0131nlarla payla\u015f\u0131ld\u0131\u201d<\/strong><\/h3>\n<p>Ge\u00e7ti\u011fimiz y\u0131llarda <strong>Enerji Dan\u0131\u015fman\u0131m Projesi<\/strong> ile vatanda\u015flar\u0131 bilin\u00e7lendirmeye ba\u015flayan Uluda\u011f Elektrik, <strong>enerji tasarrufu<\/strong> ve<strong> verimlili\u011fini<\/strong> farkl\u0131 hedef kitlelere yayg\u0131nla\u015ft\u0131rmak amac\u0131yla \u00e7al\u0131\u015fmalar\u0131na devam ediyor. \u015eirket, tasarrufu ayn\u0131 zamanda gelecek nesiller i\u00e7in kazan\u0131lmas\u0131 gereken bir<img loading=\"lazy\" class=\"alignright wp-image-156412\" src=\"https:\/\/www.enerjigazetesi.ist\/wp-content\/uploads\/2022\/05\/enerji-timi-kadin-kooperatifleri-ne-tasarrufu-anlatti-1.jpg\" alt=\"\" width=\"300\" height=\"225\" srcset=\"https:\/\/www.enerjigazetesi.ist\/wp-content\/uploads\/2022\/05\/enerji-timi-kadin-kooperatifleri-ne-tasarrufu-anlatti-1.jpg 550w, https:\/\/www.enerjigazetesi.ist\/wp-content\/uploads\/2022\/05\/enerji-timi-kadin-kooperatifleri-ne-tasarrufu-anlatti-1-300x225.jpg 300w, https:\/\/www.enerjigazetesi.ist\/wp-content\/uploads\/2022\/05\/enerji-timi-kadin-kooperatifleri-ne-tasarrufu-anlatti-1-500x375.jpg 500w, https:\/\/www.enerjigazetesi.ist\/wp-content\/uploads\/2022\/05\/enerji-timi-kadin-kooperatifleri-ne-tasarrufu-anlatti-1-67x50.jpg 67w\" sizes=\"(max-width: 300px) 100vw, 300px\" \/> al\u0131\u015fkanl\u0131k olarak g\u00f6rerek, bu bilinci aileden ba\u015flay\u0131p topluma yayacak en \u00f6nemli halkalardan biri olan kad\u0131nlara y\u00f6nelik etkinlikler ger\u00e7ekle\u015ftirmeye devam ediyor. <strong>Mikro<\/strong> olarak kad\u0131n bireylerden ba\u015flayan bilin\u00e7lendirme \u00e7al\u0131\u015fmas\u0131yla, <strong>makro d\u00fczeyde<\/strong> topluma bu al\u0131\u015fkanl\u0131\u011f\u0131 kazand\u0131rmak hedefleniyor. <strong>Bursa Kent Konseyi Kad\u0131n Meclisi<\/strong> i\u015f birli\u011fiyle daha \u00f6nce kad\u0131n muhtarlara tasarrufu anlatan \u015firket, bu sefer de kad\u0131n kooperatiflerine bilgi aktard\u0131. D\u00fczenlenen etkinlikte pandemiden sonra evlerde y\u00fckselen elektrik t\u00fcketimlerinin nedenleri, hanelerde<strong> tasarruf<\/strong> ve <strong>verimlilik<\/strong> sa\u011flatacak <strong>enerjik ipu\u00e7lar\u0131, enerjiyi verimli kullanma<\/strong>n\u0131n aile b\u00fct\u00e7esinin korunmas\u0131ndaki \u00f6nemi gibi konular hakk\u0131nda bilgiler verildi. Etkinlikte, kat\u0131l\u0131mc\u0131lar\u0131n sorular\u0131na da yan\u0131t verilirken, bilin\u00e7lendirici kitap ve bro\u015f\u00fcrler de da\u011f\u0131t\u0131ld\u0131.<\/p>\n<h3><strong>\u201cTasarruf uygulamalar\u0131n\u0131 daha fazla ki\u015fiye ula\u015ft\u0131rmak hedefleniyor\u201d<\/strong><\/h3>\n<p>\u015eirket d\u00fczenlenen etkinlikle birlikte tasarruf uygulamalar\u0131n\u0131n daha fazla ki\u015fiye ula\u015fmas\u0131n\u0131 hedefliyor. Her hedef kitleye \u00f6zel proje y\u00fcr\u00fcten \u015firketin Enerji Dan\u0131\u015fman\u0131m Projesi kapsam\u0131nda olu\u015fturulan Enerji Dan\u0131\u015fman\u0131 Timi ile <strong>evler<\/strong> ve <strong>i\u015f yerleri<\/strong> ziyaret edilerek, <strong>tasarruf<\/strong> ve <strong>verimlilik<\/strong> konusunda bilin\u00e7lendirme yap\u0131l\u0131yor. Ziyaret s\u0131ras\u0131nda <strong>elektrikli aletlerin, ayd\u0131nlatmalar\u0131n, \u0131s\u0131tma<\/strong> ve <strong>so\u011futma sistemlerinin enerji t\u00fcketimleri<\/strong> incelenerek, bu cihazlar\u0131n nas\u0131l kullan\u0131lmas\u0131 ve konumland\u0131r\u0131lmas\u0131 gerekti\u011fi de anlat\u0131l\u0131yor. Ayn\u0131 zamanda kullan\u0131c\u0131lara \u00f6zel olarak sunulan<strong> tasarruf<\/strong> ve <strong>verimlilik tavsiyeleri<\/strong> ile hem <strong>enerji t\u00fcketiminde<\/strong> hem de fatura tutarlar\u0131nda nas\u0131l d\u00fc\u015f\u00fc\u015f sa\u011flayacaklar\u0131 g\u00f6steriliyor.<\/p>\n<p>Kullan\u0131c\u0131lar, bu enerjik t\u00fcyolarla faturalar\u0131nda <strong>% 20<\/strong>\u2019ye varan tasarruf sa\u011flayabiliyorlar. T\u00fcketiciler, \u015firketin <strong>Enerji Dan\u0131\u015fman\u0131m<\/strong> sayfas\u0131na <strong>&#8216;www.uludagelektrik.com.tr&#8217; <\/strong>adresi \u00fczerinden de ula\u015fabiliyor. Evlerinde kulland\u0131klar\u0131 <strong>cihazlar\u0131 adet, cihaz g\u00fcc\u00fc, haftal\u0131k kullan\u0131m s\u00fcresi<\/strong> ve say\u0131s\u0131n\u0131 kendi kullan\u0131m al\u0131\u015fkanl\u0131klar\u0131na g\u00f6re belirlediklerinde, olu\u015facak enerji t\u00fcketimini<strong> &#8216;kWh&#8217;<\/strong> cinsinden hesaplayabiliyor ve faturalar\u0131na etki edecek tutar\u0131 g\u00f6rebiliyorlar. <strong>Buzdolab\u0131, f\u0131r\u0131n, \u00e7ama\u015f\u0131r makinesi<\/strong> gibi <strong>beyaz e\u015fyalar\u0131n, televizyon<\/strong> gibi elektronik e\u015fyalar\u0131n<strong> enerji tasarrufunun<\/strong> nas\u0131l yap\u0131laca\u011f\u0131 gibi konular hakk\u0131nda detayl\u0131 bilgiye de ula\u015fabiliyorlar.<\/p>","protected":false},"excerpt":{"rendered":"<p>Sorry, this entry is only available in Turkish. For the sake of viewer convenience, the content is shown below in the alternative language. You may click the link to switch the active language. Uluda\u011f Elektrik, Enerji Dan\u0131\u015fman\u0131m Projesi kapsam\u0131nda hanelerde ve k\u00fc\u00e7\u00fck i\u015fletmelerde ba\u015flatt\u0131\u011f\u0131 enerji tasarrufu ve verimlili\u011fi bilin\u00e7lendirmesine Kent Konseyi Kad\u0131n Meclisi \u00fcyeleri ve [&hellip;]<\/p>\n","protected":false},"author":19,"featured_media":156413,"comment_status":"open","ping_status":"open","sticky":false,"template":"","format":"standard","meta":[],"categories":[51,53],"tags":[26353,78462,103,12,103620,103621,28709],"views":111,"_links":{"self":[{"href":"https:\/\/www.enerjigazetesi.ist\/en\/wp-json\/wp\/v2\/posts\/156410"}],"collection":[{"href":"https:\/\/www.enerjigazetesi.ist\/en\/wp-json\/wp\/v2\/posts"}],"about":[{"href":"https:\/\/www.enerjigazetesi.ist\/en\/wp-json\/wp\/v2\/types\/post"}],"author":[{"embeddable":true,"href":"https:\/\/www.enerjigazetesi.ist\/en\/wp-json\/wp\/v2\/users\/19"}],"replies":[{"embeddable":true,"href":"https:\/\/www.enerjigazetesi.ist\/en\/wp-json\/wp\/v2\/comments?post=156410"}],"version-history":[{"count":0,"href":"https:\/\/www.enerjigazetesi.ist\/en\/wp-json\/wp\/v2\/posts\/156410\/revisions"}],"wp:featuredmedia":[{"embeddable":true,"href":"https:\/\/www.enerjigazetesi.ist\/en\/wp-json\/wp\/v2\/media\/156413"}],"wp:attachment":[{"href":"https:\/\/www.enerjigazetesi.ist\/en\/wp-json\/wp\/v2\/media?parent=156410"}],"wp:term":[{"taxonomy":"category","embeddable":true,"href":"https:\/\/www.enerjigazetesi.ist\/en\/wp-json\/wp\/v2\/categories?post=156410"},{"taxonomy":"post_tag","embeddable":true,"href":"https:\/\/www.enerjigazetesi.ist\/en\/wp-json\/wp\/v2\/tags?post=156410"}],"curies":[{"name":"wp","href":"https:\/\/api.w.org\/{rel}","templated":true}]}}