{"id":156392,"date":"2022-05-28T11:14:41","date_gmt":"2022-05-28T08:14:41","guid":{"rendered":"https:\/\/www.enerjigazetesi.ist\/?p=156392"},"modified":"2022-05-28T11:23:32","modified_gmt":"2022-05-28T08:23:32","slug":"ytu-tekno-gsyo-avrasya-nin-en-buyuk-ar-ge-teknoloji-ve-inovasyon-zirvesi-nde","status":"publish","type":"post","link":"https:\/\/www.enerjigazetesi.ist\/en\/ytu-tekno-gsyo-avrasya-nin-en-buyuk-ar-ge-teknoloji-ve-inovasyon-zirvesi-nde\/","title":{"rendered":"(Turkish) &#8217;YT\u00dc Tekno Gsyo&#8217; Avrasya Ar-Ge Teknoloji ve \u0130novasyon Zirvesi&#8217;nde!"},"content":{"rendered":"<p class=\"qtranxs-available-languages-message qtranxs-available-languages-message-en\">Sorry, this entry is only available in <a href=\"https:\/\/www.enerjigazetesi.ist\/tr\/wp-json\/wp\/v2\/posts\/156392\" class=\"qtranxs-available-language-link qtranxs-available-language-link-tr\" title=\"Turkish\">Turkish<\/a>. For the sake of viewer convenience, the content is shown below in the alternative language. You may click the link to switch the active language.<\/p><p><\/p>\n<h2><strong>Bu y\u0131l ilk kez d\u00fczenlenecek \u201cEuritech Avrasya Ar-Ge, \u0130novasyon ve Teknoloji Zirve ve Fuar\u0131\u201d 01 &#8211; 03 Haziran 2022 tarihlerinde Bili\u015fim Vadisi\u2019nde d\u00fczenlenirken Teknoloji, Ar-Ge ve inovasyon alan\u0131ndaki \u00f6nemli geli\u015fmelerin payla\u015f\u0131laca\u011f\u0131 ve projelerin sergilenece\u011fi etkinli\u011fin 3&#8217;\u00fcnc\u00fc g\u00fcn\u00fcnde YT\u00dc Y\u0131ld\u0131z Teknopark i\u015ftiraklerinden Y\u0131ld\u0131z Tekno GSYO ana sponsorlu\u011funda \u201c\u0130novasyonun Finansman\u0131 Zirvesi\u201d d\u00fczenlenecek.<\/strong><\/h2>\n<p><strong>Mimar ve M\u00fchendisler Grubu<\/strong> taraf\u0131ndan bu y\u0131l ilk kez d\u00fczenlenecek <strong>\u201cEuritech Avrasya Ar-Ge, \u0130novasyon ve Teknoloji Zirve ve Fuar\u0131\u201d<\/strong> i\u00e7in geri say\u0131m ba\u015flad\u0131. <strong>01-03 Haziran 2022<\/strong> tarihlerinde Bili\u015fim Vadisi\u2019nde ger\u00e7ekle\u015fecek zirvede<strong> teknoloji, Ar-Ge ve inovasyon<\/strong> alan\u0131ndaki<strong> \u00f6nemli <img loading=\"lazy\" class=\"alignright wp-image-156396\" src=\"https:\/\/www.enerjigazetesi.ist\/wp-content\/uploads\/2022\/05\/ytu-tekno-gsyo-avrasya-nin-en-buyuk-ar-ge-teknoloji-ve-inovasyon-zirvesi-nde-2.jpg\" alt=\"\" width=\"320\" height=\"214\" srcset=\"https:\/\/www.enerjigazetesi.ist\/wp-content\/uploads\/2022\/05\/ytu-tekno-gsyo-avrasya-nin-en-buyuk-ar-ge-teknoloji-ve-inovasyon-zirvesi-nde-2.jpg 550w, https:\/\/www.enerjigazetesi.ist\/wp-content\/uploads\/2022\/05\/ytu-tekno-gsyo-avrasya-nin-en-buyuk-ar-ge-teknoloji-ve-inovasyon-zirvesi-nde-2-300x200.jpg 300w, https:\/\/www.enerjigazetesi.ist\/wp-content\/uploads\/2022\/05\/ytu-tekno-gsyo-avrasya-nin-en-buyuk-ar-ge-teknoloji-ve-inovasyon-zirvesi-nde-2-500x334.jpg 500w, https:\/\/www.enerjigazetesi.ist\/wp-content\/uploads\/2022\/05\/ytu-tekno-gsyo-avrasya-nin-en-buyuk-ar-ge-teknoloji-ve-inovasyon-zirvesi-nde-2-75x50.jpg 75w, https:\/\/www.enerjigazetesi.ist\/wp-content\/uploads\/2022\/05\/ytu-tekno-gsyo-avrasya-nin-en-buyuk-ar-ge-teknoloji-ve-inovasyon-zirvesi-nde-2-450x300.jpg 450w\" sizes=\"(max-width: 320px) 100vw, 320px\" \/>geli\u015fmeler payla\u015f\u0131lacak<\/strong> ve <strong>projeler sergilenecek.<\/strong><\/p>\n<p>A\u00e7\u0131l\u0131\u015f konu\u015fmalar\u0131n\u0131n <em>T.C. Sanayi ve Teknoloji Bakan\u0131 Mustafa Varank, Cumhurba\u015fkanl\u0131\u011f\u0131 Savunma Sanayii Ba\u015fkan\u0131 \u0130smail Demir, Mimar ve M\u00fchendisler Grubu Ba\u015fkan\u0131 B\u00fclent \u015een<\/em> taraf\u0131ndan ger\u00e7ekle\u015ftirilece\u011fi zirvenin 2&#8217;inci g\u00fcn\u00fcnde, <em>T.C. Enerji ve Tabii Kaynaklar Bakan\u0131 Fatih D\u00f6nmez, Ula\u015ft\u0131rma ve Altyap\u0131 Bakanl\u0131\u011f\u0131 Bakan Yard\u0131mc\u0131s\u0131 Dr. \u00d6mer Fatih Sayan ve D\u0131\u015f Ekonomik \u0130li\u015fkiler Kurulu (DE\u0130K) Ba\u015fkan\u0131 Nail Olpak<\/em>, 3&#8217;\u00fcnc\u00fc g\u00fcn\u00fcnde ise <em>Hazine ve Maliye Bakan Yard\u0131mc\u0131s\u0131 Mahmut G\u00fcrcan, SPK Ba\u015fkan\u0131 \u0130brahim \u00d6mer G\u00f6n\u00fcl ve YT\u00dc Y\u0131ld\u0131z Teknopark Genel M\u00fcd\u00fcr\u00fc Orhan Tan\u0131\u015fman<\/em> a\u00e7\u0131l\u0131\u015f konu\u015fmalar\u0131n\u0131 ger\u00e7ekle\u015ftirecek.<\/p>\n<p>Zirvenin 3&#8217;\u00fcnc\u00fc g\u00fcn\u00fcnde <strong>Y\u0131ld\u0131z Tekno GSYO<\/strong> ana sponsorlu\u011funda d\u00fczenlenecek <em>\u201c\u0130novasyonun Finansman\u0131 Zirvesi\u201d<\/em>nde;<strong> \u2018\u0130novasyon ve Start-uplar\u0131n Finansman\u0131: Fikirleri Etkiye D\u00f6n\u00fc\u015ft\u00fcrmek\u2019, \u2018Giri\u015fimciler \u0130\u00e7in Yeni Nesil Finans Enstr\u00fcman\u0131: Kitlesel Fonlama\u2019<\/strong> ve <strong>\u2018Start-up S\u0131rlar\u0131: Uzaklara Gitmek \u0130\u00e7in Finansman S\u0131rlar\u0131\u2019<\/strong> ba\u015fl\u0131kl\u0131 paneller d\u00fczenlenecek. \u0130lk oturumun ba\u015fkanl\u0131\u011f\u0131n\u0131 Gazeteci <strong>Hakan \u00c7elik<\/strong>\u2019in \u00fcstlenece\u011fi <strong>\u0130novasyonun Finansman\u0131 Zirvesi<\/strong> kapsam\u0131ndaki panellerde <em>Halkbank Genel M\u00fcd\u00fcr Yard\u0131mc\u0131s\u0131<\/em> <strong>Ergin Kaya<\/strong>, <em>\u0130stanbul Portf\u00f6y Y\u00f6netimi Genel M\u00fcd\u00fcr\u00fc<\/em> <strong>Bar\u0131\u015f Hocao\u011flu<\/strong>, <em>Hedef GSYO Genel M\u00fcd\u00fcr\u00fc<\/em> <strong>Haluk Lap<\/strong>, <em>Fongogo Kurucu Orta\u011f\u0131 ve CEO\u2019su<\/em> <strong>Ali \u00c7ebi<\/strong>, <em>Melek Yat\u0131r\u0131mc\u0131<\/em> <strong>Hande Enes<\/strong> gibi \u00f6nemli isimler konu\u015fmac\u0131 olarak yer alacak.<\/p>\n<p><strong>Euritech Avrasya Ar-Ge, \u0130novasyon <\/strong>ve<strong> Teknoloji Zirve <\/strong>ve<strong> Fuar\u0131<\/strong> kapsam\u0131nda ayr\u0131ca, <strong>T\u00fcrkiye Sa\u011fl\u0131k Enstit\u00fcleri Ba\u015fkanl\u0131\u011f\u0131<\/strong> himayesinde<strong> \u2018T\u00dcSEB Future Health-Gelece\u011fin Sa\u011fl\u0131k Teknolojileri Zirve ve Fuar\u0131\u2019<\/strong> organize edilecek ve <strong>\u2018S\u00fcrd\u00fcr\u00fclebilir Ula\u015f\u0131m: E-mobilite\u2019<\/strong> ba\u015fl\u0131\u011f\u0131 alt\u0131nda <strong>Elektrikli Ula\u015f\u0131m Ara\u00e7lar\u0131 Hackleme Yar\u0131\u015fmas\u0131<\/strong> d\u00fczenlenecek.<\/p>\n<p><strong>Daha Detayl\u0131 Bilgi \u0130\u00e7in:<\/strong> <a href=\"https:\/\/euri.tech\/\" target=\"_blank\" rel=\"noopener\">https:\/\/euri.tech\/<\/a> adresini ziyaret edebilirsiniz.<\/p>","protected":false},"excerpt":{"rendered":"<p>Sorry, this entry is only available in Turkish. For the sake of viewer convenience, the content is shown below in the alternative language. You may click the link to switch the active language. Bu y\u0131l ilk kez d\u00fczenlenecek \u201cEuritech Avrasya Ar-Ge, \u0130novasyon ve Teknoloji Zirve ve Fuar\u0131\u201d 01 &#8211; 03 Haziran 2022 tarihlerinde Bili\u015fim Vadisi\u2019nde [&hellip;]<\/p>\n","protected":false},"author":1,"featured_media":156395,"comment_status":"open","ping_status":"open","sticky":false,"template":"","format":"standard","meta":[],"categories":[53,157],"tags":[2059,3008,103617,3176,103616,103615],"views":147,"_links":{"self":[{"href":"https:\/\/www.enerjigazetesi.ist\/en\/wp-json\/wp\/v2\/posts\/156392"}],"collection":[{"href":"https:\/\/www.enerjigazetesi.ist\/en\/wp-json\/wp\/v2\/posts"}],"about":[{"href":"https:\/\/www.enerjigazetesi.ist\/en\/wp-json\/wp\/v2\/types\/post"}],"author":[{"embeddable":true,"href":"https:\/\/www.enerjigazetesi.ist\/en\/wp-json\/wp\/v2\/users\/1"}],"replies":[{"embeddable":true,"href":"https:\/\/www.enerjigazetesi.ist\/en\/wp-json\/wp\/v2\/comments?post=156392"}],"version-history":[{"count":1,"href":"https:\/\/www.enerjigazetesi.ist\/en\/wp-json\/wp\/v2\/posts\/156392\/revisions"}],"predecessor-version":[{"id":156393,"href":"https:\/\/www.enerjigazetesi.ist\/en\/wp-json\/wp\/v2\/posts\/156392\/revisions\/156393"}],"wp:featuredmedia":[{"embeddable":true,"href":"https:\/\/www.enerjigazetesi.ist\/en\/wp-json\/wp\/v2\/media\/156395"}],"wp:attachment":[{"href":"https:\/\/www.enerjigazetesi.ist\/en\/wp-json\/wp\/v2\/media?parent=156392"}],"wp:term":[{"taxonomy":"category","embeddable":true,"href":"https:\/\/www.enerjigazetesi.ist\/en\/wp-json\/wp\/v2\/categories?post=156392"},{"taxonomy":"post_tag","embeddable":true,"href":"https:\/\/www.enerjigazetesi.ist\/en\/wp-json\/wp\/v2\/tags?post=156392"}],"curies":[{"name":"wp","href":"https:\/\/api.w.org\/{rel}","templated":true}]}}