{"id":156314,"date":"2022-05-27T10:35:13","date_gmt":"2022-05-27T07:35:13","guid":{"rendered":"https:\/\/www.enerjigazetesi.ist\/?p=156314"},"modified":"2022-05-27T10:36:46","modified_gmt":"2022-05-27T07:36:46","slug":"kobi-ler-icin-yesil-donusum-projesinin-4-uncu-etkinligi-samsun-da-duzenlendi","status":"publish","type":"post","link":"https:\/\/www.enerjigazetesi.ist\/en\/kobi-ler-icin-yesil-donusum-projesinin-4-uncu-etkinligi-samsun-da-duzenlendi\/","title":{"rendered":"(Turkish) &#8217;Ye\u015fil D\u00f6n\u00fc\u015f\u00fcm Projesi&#8217;nin 4. Etkinli\u011fi Samsun\u2019da D\u00fczenlendi"},"content":{"rendered":"<p class=\"qtranxs-available-languages-message qtranxs-available-languages-message-en\">Sorry, this entry is only available in <a href=\"https:\/\/www.enerjigazetesi.ist\/tr\/wp-json\/wp\/v2\/posts\/156314\" class=\"qtranxs-available-language-link qtranxs-available-language-link-tr\" title=\"Turkish\">Turkish<\/a>. For the sake of viewer convenience, the content is shown below in the alternative language. You may click the link to switch the active language.<\/p><p><\/p>\n<h2><strong>ORKAS\u0130FED ev sahipli\u011finde, i\u015f insanlar\u0131 ve uzmanlar\u0131n kat\u0131l\u0131m\u0131 ile yap\u0131lan etkinlikte, ye\u015fil d\u00f6n\u00fc\u015f\u00fcm\u00fcn\u00fcn ger\u00e7ekle\u015fmesinde Anadolu\u2019nun g\u00fcc\u00fcne dikkat \u00e7ekildi.<\/strong><\/h2>\n<p><img loading=\"lazy\" class=\"alignright wp-image-156316\" src=\"https:\/\/www.enerjigazetesi.ist\/wp-content\/uploads\/2022\/05\/kobi-ler-icin-yesil-donusum-projesinin-4-uncu-etkinligi-samsun-da-duzenlendi.jpg\" alt=\"\" width=\"320\" height=\"196\" srcset=\"https:\/\/www.enerjigazetesi.ist\/wp-content\/uploads\/2022\/05\/kobi-ler-icin-yesil-donusum-projesinin-4-uncu-etkinligi-samsun-da-duzenlendi.jpg 719w, https:\/\/www.enerjigazetesi.ist\/wp-content\/uploads\/2022\/05\/kobi-ler-icin-yesil-donusum-projesinin-4-uncu-etkinligi-samsun-da-duzenlendi-300x184.jpg 300w, https:\/\/www.enerjigazetesi.ist\/wp-content\/uploads\/2022\/05\/kobi-ler-icin-yesil-donusum-projesinin-4-uncu-etkinligi-samsun-da-duzenlendi-500x306.jpg 500w, https:\/\/www.enerjigazetesi.ist\/wp-content\/uploads\/2022\/05\/kobi-ler-icin-yesil-donusum-projesinin-4-uncu-etkinligi-samsun-da-duzenlendi-80x50.jpg 80w\" sizes=\"(max-width: 320px) 100vw, 320px\" \/>\u0130\u015f d\u00fcnyas\u0131 \u00f6rg\u00fctlerinden <strong>T\u00fcrk Giri\u015fim ve \u0130\u015f D\u00fcnyas\u0131 Konfederasyonu (T\u00dcRKONFED),<\/strong> 120\u2019yi a\u015fk\u0131n \u00fclkede faaliyetlerini s\u00fcrd\u00fcren <strong>Konrad-Adenauer-Stiftung (KAS)<\/strong> i\u015f birli\u011fi ve <strong>Akbank\u2019\u0131n deste\u011fiyle<\/strong> \u015eubat ay\u0131nda ba\u015flat\u0131lan &#8220;<strong>KOB\u0130\u2019ler i\u00e7in Ye\u015fil D\u00f6n\u00fc\u015f\u00fcm Projesi<\/strong>\u201dnin 4&#8217;\u00fcnc\u00fc etkinli\u011fi <strong>Samsun\u2019da<\/strong> d\u00fczenlendi. <strong>Orta Karadeniz Sanayi ve \u0130\u015f D\u00fcnyas\u0131 Federasyonu (ORKAS\u0130FED)<\/strong> ev sahipli\u011finde yap\u0131lan etkinlikte, <strong>ye\u015fil d\u00f6n\u00fc\u015f\u00fcm\u00fcn i\u015f d\u00fcnyas\u0131<\/strong> i\u00e7in \u00f6nemi ve kurumlar\u0131n <strong>Avrupa Ye\u015fil Mutabakat\u0131 (AYM)<\/strong> kapsam\u0131ndaki d\u00f6n\u00fc\u015f\u00fcme adaptasyonu g\u00fcndeme ta\u015f\u0131nd\u0131.<\/p>\n<h3><strong>\u201cEnerji Verimlili\u011fi ve Yenilenebilir Enerji\u201d ele al\u0131nd\u0131<\/strong><\/h3>\n<p>A\u00e7\u0131l\u0131\u015f konu\u015fmalar\u0131ndan sonra <em>T\u00dcRKONFED Ye\u015fil D\u00f6n\u00fc\u015f\u00fcm Komisyonu Ba\u015fkan\u0131<\/em><strong> Onur \u00dcnl\u00fc<\/strong>\u2019n\u00fcn moderat\u00f6rl\u00fc\u011f\u00fcnde, <em>T\u00dcRKONFED Akademik Dan\u0131\u015fman\u0131<\/em> <strong>Do\u00e7. Dr. Nazl\u0131 Karamollao\u011flu<\/strong> ve <em>Altensis Kurucu Orta\u011f\u0131<\/em><strong> Serkan Emin\u2019<\/strong>in kat\u0131l\u0131m\u0131yla \u201c<strong>Enerji Verimlili\u011fi ve Yenilenebilir Enerji\u201d<\/strong> ba\u015fl\u0131kl\u0131 bir panel d\u00fczenlendi. Etkinlik, <strong>uzmanlar ile kat\u0131l\u0131mc\u0131lar\u0131n<\/strong> yapt\u0131\u011f\u0131 <strong>fikir al\u0131\u015fveri\u015fi <\/strong>ile\u00a0tamamland\u0131.<\/p>\n<p><strong>T\u00dcRKONFED<\/strong> \u00fcyesi <strong>federasyon<\/strong> ve<strong> derneklerin<\/strong> ev sahipli\u011finde toplam <strong>7 ilde<\/strong> d\u00fczenlenecek olan etkinliklerin tamamlanmas\u0131 sonras\u0131 proje \u00e7\u0131kt\u0131lar\u0131 rapor haline d\u00f6n\u00fc\u015ft\u00fcr\u00fclerek payla\u015f\u0131m\u0131 da yap\u0131lacak.<\/p>","protected":false},"excerpt":{"rendered":"<p>Sorry, this entry is only available in Turkish. For the sake of viewer convenience, the content is shown below in the alternative language. You may click the link to switch the active language. ORKAS\u0130FED ev sahipli\u011finde, i\u015f insanlar\u0131 ve uzmanlar\u0131n kat\u0131l\u0131m\u0131 ile yap\u0131lan etkinlikte, ye\u015fil d\u00f6n\u00fc\u015f\u00fcm\u00fcn\u00fcn ger\u00e7ekle\u015fmesinde Anadolu\u2019nun g\u00fcc\u00fcne dikkat \u00e7ekildi. \u0130\u015f d\u00fcnyas\u0131 \u00f6rg\u00fctlerinden T\u00fcrk [&hellip;]<\/p>\n","protected":false},"author":1,"featured_media":156317,"comment_status":"open","ping_status":"open","sticky":false,"template":"","format":"standard","meta":[],"categories":[53,52],"tags":[2714,87402,12,103590,61306,102231,103589,43668,105,2482],"views":167,"_links":{"self":[{"href":"https:\/\/www.enerjigazetesi.ist\/en\/wp-json\/wp\/v2\/posts\/156314"}],"collection":[{"href":"https:\/\/www.enerjigazetesi.ist\/en\/wp-json\/wp\/v2\/posts"}],"about":[{"href":"https:\/\/www.enerjigazetesi.ist\/en\/wp-json\/wp\/v2\/types\/post"}],"author":[{"embeddable":true,"href":"https:\/\/www.enerjigazetesi.ist\/en\/wp-json\/wp\/v2\/users\/1"}],"replies":[{"embeddable":true,"href":"https:\/\/www.enerjigazetesi.ist\/en\/wp-json\/wp\/v2\/comments?post=156314"}],"version-history":[{"count":0,"href":"https:\/\/www.enerjigazetesi.ist\/en\/wp-json\/wp\/v2\/posts\/156314\/revisions"}],"wp:featuredmedia":[{"embeddable":true,"href":"https:\/\/www.enerjigazetesi.ist\/en\/wp-json\/wp\/v2\/media\/156317"}],"wp:attachment":[{"href":"https:\/\/www.enerjigazetesi.ist\/en\/wp-json\/wp\/v2\/media?parent=156314"}],"wp:term":[{"taxonomy":"category","embeddable":true,"href":"https:\/\/www.enerjigazetesi.ist\/en\/wp-json\/wp\/v2\/categories?post=156314"},{"taxonomy":"post_tag","embeddable":true,"href":"https:\/\/www.enerjigazetesi.ist\/en\/wp-json\/wp\/v2\/tags?post=156314"}],"curies":[{"name":"wp","href":"https:\/\/api.w.org\/{rel}","templated":true}]}}