{"id":156291,"date":"2022-05-26T15:22:04","date_gmt":"2022-05-26T12:22:04","guid":{"rendered":"https:\/\/www.enerjigazetesi.ist\/?p=156291"},"modified":"2022-05-26T15:25:10","modified_gmt":"2022-05-26T12:25:10","slug":"turk-telekom-enerji-verimliligi-ni-artiracak-yerli-platformunu-hayata-gecirdi","status":"publish","type":"post","link":"https:\/\/www.enerjigazetesi.ist\/en\/turk-telekom-enerji-verimliligi-ni-artiracak-yerli-platformunu-hayata-gecirdi\/","title":{"rendered":"(Turkish) &#8217;T\u00fcrk Telekom&#8217; Enerji Verimlili\u011fini Art\u0131racak Yerli Platformunu Hayata Ge\u00e7irdi"},"content":{"rendered":"<p class=\"qtranxs-available-languages-message qtranxs-available-languages-message-en\">Sorry, this entry is only available in <a href=\"https:\/\/www.enerjigazetesi.ist\/tr\/wp-json\/wp\/v2\/posts\/156291\" class=\"qtranxs-available-language-link qtranxs-available-language-link-tr\" title=\"Turkish\">Turkish<\/a>. For the sake of viewer convenience, the content is shown below in the alternative language. You may click the link to switch the active language.<\/p><p><\/p>\n<h2><strong>T\u00fcrk Telekom, i\u015fletmelerde enerji tasarrufu ve karbon sal\u0131m\u0131n\u0131n\u0131 azaltacak yapay zeka destekli ak\u0131ll\u0131 enerji y\u00f6netim platformunu hayata ge\u00e7irdi. T\u00fcrk Telekom m\u00fchendislerinin deste\u011fi ile yerli teknoloji \u015firketi Neta\u015f ve yerli yaz\u0131l\u0131m \u015firketi Servisnet i\u015f birli\u011fiyle geli\u015ftirilen platform, T\u00fcrk Telekom \u015febekesinde ticari olarak kullan\u0131lmaya ba\u015fland\u0131.<\/strong><\/h2>\n<p>T\u00fcrkiye\u2019nin lider bilgi ve ileti\u015fim teknolojileri \u015firketi T\u00fcrk Telekom, gelecek nesillere <strong>s\u00fcrd\u00fcr\u00fclebilir bir d\u00fcnya b\u0131rakma<\/strong> hedefiyle<strong> tasarruf, enerji verimlili\u011fi<\/strong> ve <strong>yenilenebilir enerji<\/strong> alanlar\u0131ndaki yat\u0131r\u0131mlar\u0131na devam ediyor. <strong>T\u00fcrk Telekom,\u00a0Neta\u015f\u00a0<\/strong>ve yerli servis entegrasyon ve yaz\u0131l\u0131m \u015firketi\u00a0<strong>Servisnet\u00a0<\/strong>i\u015f birli\u011fiyle<strong>\u00a0<\/strong>yerli <strong>ak\u0131ll\u0131 enerji y\u00f6netim platformu<\/strong>nu hayata ge\u00e7irdi.<\/p>\n<h3><strong>Enerji tasarrufu sa\u011flanarak karbon sal\u0131m\u0131n\u0131 azalt\u0131ld\u0131<\/strong><\/h3>\n<h3><strong><img loading=\"lazy\" class=\"alignright wp-image-156293\" src=\"https:\/\/www.enerjigazetesi.ist\/wp-content\/uploads\/2022\/05\/turk-telekom-enerji-verimliligi-ni-artiracak-yerli-platformunu-hayata-gecirdi.jpg\" alt=\"\" width=\"300\" height=\"169\" srcset=\"https:\/\/www.enerjigazetesi.ist\/wp-content\/uploads\/2022\/05\/turk-telekom-enerji-verimliligi-ni-artiracak-yerli-platformunu-hayata-gecirdi.jpg 550w, https:\/\/www.enerjigazetesi.ist\/wp-content\/uploads\/2022\/05\/turk-telekom-enerji-verimliligi-ni-artiracak-yerli-platformunu-hayata-gecirdi-300x169.jpg 300w, https:\/\/www.enerjigazetesi.ist\/wp-content\/uploads\/2022\/05\/turk-telekom-enerji-verimliligi-ni-artiracak-yerli-platformunu-hayata-gecirdi-500x281.jpg 500w, https:\/\/www.enerjigazetesi.ist\/wp-content\/uploads\/2022\/05\/turk-telekom-enerji-verimliligi-ni-artiracak-yerli-platformunu-hayata-gecirdi-80x45.jpg 80w\" sizes=\"(max-width: 300px) 100vw, 300px\" \/><\/strong><\/h3>\n<p><strong>Jenerat\u00f6r, klima,\u00a0do\u011fru ak\u0131m (DC) g\u00fc\u00e7 kayna\u011f\u0131, yenilenebilir enerji kaynaklar\u0131<\/strong> gibi t\u00fcm enerji ekipmanlar\u0131n\u0131n \u00e7al\u0131\u015fma<strong>\u00a0<\/strong>performanslar\u0131n\u0131 <strong>proaktif<\/strong> olarak <strong>izleyen<\/strong> ve<strong> analiz<\/strong> eden platform, T\u00fcrk Telekom \u015febekesinin <strong>enerji verimlili\u011fini<\/strong> art\u0131rarak <strong>karbon emisyonunun d\u00fc\u015f\u00fcr\u00fclmesine<\/strong> katk\u0131 sa\u011fl\u0131yor. Marka ve modelden ba\u011f\u0131ms\u0131z olarak <strong>t\u00fcm enerji cihazlar\u0131n\u0131 tek bir uygulama<\/strong> ile g\u00f6zlemleme ve y\u00f6netme imkan\u0131 sunuyor.<\/p>\n<h3><strong>\u201cYerli ve mill\u00ee teknolojilerle \u00fclkemiz i\u00e7in \u00fcretmeye devam edece\u011fiz\u201d<\/strong><\/h3>\n<p><strong>T\u00fcrk Telekom Teknoloji Genel M\u00fcd\u00fcr Yard\u0131mc\u0131s\u0131 Yusuf K\u0131ra\u00e7, <\/strong>projeye <span style=\"text-decoration: underline;\">dair \u015f\u00f6yle konu\u015ftu:<\/span> <em>\u201cEnerji kaynaklar\u0131n\u0131n verimli kullan\u0131lmas\u0131, yenilenebilir enerji kaynaklar\u0131n\u0131n yayg\u0131nla\u015ft\u0131r\u0131lmas\u0131 ve karbon sal\u0131n\u0131m\u0131n\u0131n azalt\u0131lmas\u0131 konular\u0131nda \u00e7al\u0131\u015fmalar\u0131m\u0131z\u0131 s\u00fcrd\u00fcr\u00fcyoruz. Bu kapsamda Neta\u015f ve Servisnet ile birlikte hayata ge\u00e7irdi\u011fimiz <strong>yapay zek\u00e2 destekli<\/strong> ak\u0131ll\u0131 <strong>enerji y\u00f6netim platformu<\/strong>nu, T\u00fcrk Telekom \u015febekesinde ticari olarak kullanmaya ba\u015flad\u0131k. Teknolojiyi toplumun <strong>iyilik<\/strong> ve <strong>faydas\u0131na hizmet<\/strong> edecek \u015fekilde geli\u015ftiren bir kurum olarak, <strong>yerli<\/strong> ve<strong> mill\u00ee imk\u00e2nlarla<\/strong> hayata ge\u00e7irdi\u011fimiz <strong>\u00fcr\u00fcn<\/strong> ve <strong>hizmetleri<\/strong> \u00fclkemiz i\u00e7in \u00fcretmeye devam edece\u011fiz.\u201d<\/em><\/p>\n<p><strong>Neta\u015f CEO\u2019su Sinan Dumlu;\u00a0<\/strong><em>&#8220;Ak\u0131ll\u0131 enerji y\u00f6netim platformu\u2019 projesini, T\u00fcrk Telekom ve yerli \u00e7\u00f6z\u00fcm orta\u011f\u0131m\u0131z Servisnet ile birlikte hayata ge\u00e7irmekten mutluluk duyuyoruz. S\u00fcrd\u00fcr\u00fclebilirli\u011fi teknolojinin d\u00f6n\u00fc\u015ft\u00fcr\u00fcc\u00fc g\u00fcc\u00fc ile desteklemek <strong>\u2018ak\u0131ll\u0131 dijitalle\u015fme ak\u0131ll\u0131 d\u00f6n\u00fc\u015f\u00fcm\u2019<\/strong> yakla\u015f\u0131m\u0131m\u0131z\u0131n en \u00f6nemli hedeflerinden birisi.&#8221;<\/em><\/p>\n<p><strong>Servisnet Genel M\u00fcd\u00fcr\u00fc Serdar Toros\u00a0<\/strong>\u015f\u00f6yle ifade etti:<em> \u201c<strong>Enerjiyi verimli kullanmak<\/strong> ve y\u00f6netebilmek t\u00fcm modern ekonomilerde temel aray\u0131\u015f ve odak noktalar\u0131ndan biridir. Bu ger\u00e7eklikten yola \u00e7\u0131karak T\u00fcrk Telekom ve Servisnet m\u00fchendisleri, <strong>\u2018ak\u0131ll\u0131 enerji y\u00f6netim platformu\u2019<\/strong>nu geli\u015ftirdiler. Kendi kendine \u00f6\u011frenebilen<strong> yapay zek\u00e2 algoritmalar\u0131n\u0131n<\/strong> \u00e7al\u0131\u015ft\u0131\u011f\u0131, <strong>zero-touch teknolojileri<\/strong>nin kullan\u0131ld\u0131\u011f\u0131 yaz\u0131l\u0131m, T\u00fcrk Telekom\u2019un <strong>operasyonel m\u00fckemmelli\u011fi<\/strong> ve <strong>enerji verimlili\u011fini<\/strong> hedefleyen <strong>dijital d\u00f6n\u00fc\u015f\u00fcm yolcu\u011funda<\/strong> b\u00fcy\u00fck bir ad\u0131m olarak g\u00f6r\u00fclmelidir.\u201d<\/em><\/p>\n<p>T\u00fcrk Telekom, <strong>2021 y\u0131l\u0131nda<\/strong>, abone ba\u015f\u0131na d\u00fc\u015fen <strong>elektrik t\u00fcketimini<\/strong> bir \u00f6nceki y\u0131la g\u00f6re azaltmay\u0131 ba\u015fard\u0131.<strong>\u00a0Sabit<\/strong> ve <strong>mobil \u015febekede<\/strong> toplam elektrik t\u00fcketimini son <strong>5 y\u0131lda<\/strong> <strong>% 3<\/strong> d\u00fc\u015f\u00fcren T\u00fcrk Telekom, y\u0131ll\u0131k ortalama <strong>31 milyon kilovat saat (kwh)<\/strong> enerji tasarrufu sa\u011flarken, son <strong>5 y\u0131lda<\/strong> y\u0131ll\u0131k ortalama <strong>15 bin ton<\/strong> karbon emisyonunu da engelledi.<\/p>","protected":false},"excerpt":{"rendered":"<p>Sorry, this entry is only available in Turkish. For the sake of viewer convenience, the content is shown below in the alternative language. You may click the link to switch the active language. T\u00fcrk Telekom, i\u015fletmelerde enerji tasarrufu ve karbon sal\u0131m\u0131n\u0131n\u0131 azaltacak yapay zeka destekli ak\u0131ll\u0131 enerji y\u00f6netim platformunu hayata ge\u00e7irdi. T\u00fcrk Telekom m\u00fchendislerinin deste\u011fi [&hellip;]<\/p>\n","protected":false},"author":1,"featured_media":156294,"comment_status":"open","ping_status":"open","sticky":false,"template":"","format":"standard","meta":[],"categories":[51,53,52],"tags":[103585,103584,38829,103,148,32781,3424,103583,793],"views":150,"_links":{"self":[{"href":"https:\/\/www.enerjigazetesi.ist\/en\/wp-json\/wp\/v2\/posts\/156291"}],"collection":[{"href":"https:\/\/www.enerjigazetesi.ist\/en\/wp-json\/wp\/v2\/posts"}],"about":[{"href":"https:\/\/www.enerjigazetesi.ist\/en\/wp-json\/wp\/v2\/types\/post"}],"author":[{"embeddable":true,"href":"https:\/\/www.enerjigazetesi.ist\/en\/wp-json\/wp\/v2\/users\/1"}],"replies":[{"embeddable":true,"href":"https:\/\/www.enerjigazetesi.ist\/en\/wp-json\/wp\/v2\/comments?post=156291"}],"version-history":[{"count":0,"href":"https:\/\/www.enerjigazetesi.ist\/en\/wp-json\/wp\/v2\/posts\/156291\/revisions"}],"wp:featuredmedia":[{"embeddable":true,"href":"https:\/\/www.enerjigazetesi.ist\/en\/wp-json\/wp\/v2\/media\/156294"}],"wp:attachment":[{"href":"https:\/\/www.enerjigazetesi.ist\/en\/wp-json\/wp\/v2\/media?parent=156291"}],"wp:term":[{"taxonomy":"category","embeddable":true,"href":"https:\/\/www.enerjigazetesi.ist\/en\/wp-json\/wp\/v2\/categories?post=156291"},{"taxonomy":"post_tag","embeddable":true,"href":"https:\/\/www.enerjigazetesi.ist\/en\/wp-json\/wp\/v2\/tags?post=156291"}],"curies":[{"name":"wp","href":"https:\/\/api.w.org\/{rel}","templated":true}]}}