{"id":156286,"date":"2022-05-26T14:58:14","date_gmt":"2022-05-26T11:58:14","guid":{"rendered":"https:\/\/www.enerjigazetesi.ist\/?p=156286"},"modified":"2022-05-26T15:03:16","modified_gmt":"2022-05-26T12:03:16","slug":"sigma-elektrik-turkiye-deki-bayilerini-kktcnin-bafra-sehrinde-agirladi","status":"publish","type":"post","link":"https:\/\/www.enerjigazetesi.ist\/en\/sigma-elektrik-turkiye-deki-bayilerini-kktcnin-bafra-sehrinde-agirladi\/","title":{"rendered":"(Turkish) &#8217;Sigma Elektrik&#8217; T\u00fcrkiye\u2019deki Bayilerini KKTC\u2019nin Bafra \u015eehrinde A\u011f\u0131rlad\u0131"},"content":{"rendered":"<p class=\"qtranxs-available-languages-message qtranxs-available-languages-message-en\">Sorry, this entry is only available in <a href=\"https:\/\/www.enerjigazetesi.ist\/tr\/wp-json\/wp\/v2\/posts\/156286\" class=\"qtranxs-available-language-link qtranxs-available-language-link-tr\" title=\"Turkish\">Turkish<\/a>. For the sake of viewer convenience, the content is shown below in the alternative language. You may click the link to switch the active language.<\/p><p><\/p>\n<h2><strong>\u201cMade In T\u00fcrkiye\u201d damgas\u0131n\u0131 d\u00fcnyaya tan\u0131tan Sigma Elektrik, T\u00fcrkiye\u2019deki bayilerini KKTC\u2019nin Bafra \u015fehrinde a\u011f\u0131rlad\u0131. Bayiler <em>\u201cSigma 2022 \u0130\u015f Ortaklar\u0131 Organizasyonu\u201d<\/em> sayesinde yeni ba\u015far\u0131lar elde etmek \u00fczere motivasyonlar\u0131n\u0131 y\u00fckseltme f\u0131rsat\u0131 buldular.<\/strong><\/h2>\n<p style=\"text-align: center;\"><img loading=\"lazy\" class=\"aligncenter wp-image-156288 size-full\" src=\"https:\/\/www.enerjigazetesi.ist\/wp-content\/uploads\/2022\/05\/sigma-elektrik-turkiyedeki-bayilerini-kktcnin-bafra-sehrinde-agirladi.jpg\" alt=\"\" width=\"550\" height=\"243\" srcset=\"https:\/\/www.enerjigazetesi.ist\/wp-content\/uploads\/2022\/05\/sigma-elektrik-turkiyedeki-bayilerini-kktcnin-bafra-sehrinde-agirladi.jpg 550w, https:\/\/www.enerjigazetesi.ist\/wp-content\/uploads\/2022\/05\/sigma-elektrik-turkiyedeki-bayilerini-kktcnin-bafra-sehrinde-agirladi-300x133.jpg 300w, https:\/\/www.enerjigazetesi.ist\/wp-content\/uploads\/2022\/05\/sigma-elektrik-turkiyedeki-bayilerini-kktcnin-bafra-sehrinde-agirladi-500x221.jpg 500w, https:\/\/www.enerjigazetesi.ist\/wp-content\/uploads\/2022\/05\/sigma-elektrik-turkiyedeki-bayilerini-kktcnin-bafra-sehrinde-agirladi-80x35.jpg 80w\" sizes=\"(max-width: 550px) 100vw, 550px\" \/><\/p>\n<p><strong>Al\u00e7ak gerilim koruma \u00fcr\u00fcnleri<\/strong> sekt\u00f6r\u00fcnde \u00fclkemizin ad\u0131n\u0131 d\u00fcnyaya duyuran <strong>Sigma Elektrik<\/strong>, 10-<strong>12 May\u0131s 2022<\/strong> tarihleri aras\u0131nda KKTC\u2019de <strong>\u201cSigma 2022 \u0130\u015f Ortaklar\u0131 Organizasyonu\u201d<\/strong> d\u00fczenledi.<\/p>\n<p>\u015eirket, T\u00fcrkiye\u2019nin <strong>7 b\u00f6lgesine<\/strong> yay\u0131lm\u0131\u015f olan bayilerinden <strong>75<\/strong> ki\u015fiyi Bafra \u015fehrindeki <strong>Concorde Luxury Resort\u2019ta<\/strong> a\u011f\u0131rlad\u0131. <strong>3 g\u00fcn<\/strong> s\u00fcren etkinliklerde bayiler \u00e7e\u015fitli etkinliklerin yan\u0131 s\u0131ra <strong>K\u0131br\u0131s\u2019\u0131n<\/strong> m\u00fckemmel ortam\u0131nda dinlenme f\u0131rsat\u0131 buldular. <strong>Motivasyon y\u00fckseltme<\/strong> amac\u0131yla yap\u0131lan organizasyonda \u015firketin <strong>\u00fcr\u00fcn<\/strong> ve<strong> hizmetlerini<\/strong> T\u00fcrkiye\u2019nin <strong>d\u00f6rt bir yan\u0131na<\/strong> ula\u015ft\u0131ran <strong>bayiler yeni ba\u015far\u0131lara imza atmak<\/strong> i\u00e7in enerji depolad\u0131.<\/p>","protected":false},"excerpt":{"rendered":"<p>Sorry, this entry is only available in Turkish. For the sake of viewer convenience, the content is shown below in the alternative language. You may click the link to switch the active language. \u201cMade In T\u00fcrkiye\u201d damgas\u0131n\u0131 d\u00fcnyaya tan\u0131tan Sigma Elektrik, T\u00fcrkiye\u2019deki bayilerini KKTC\u2019nin Bafra \u015fehrinde a\u011f\u0131rlad\u0131. Bayiler \u201cSigma 2022 \u0130\u015f Ortaklar\u0131 Organizasyonu\u201d sayesinde yeni [&hellip;]<\/p>\n","protected":false},"author":1,"featured_media":156290,"comment_status":"open","ping_status":"open","sticky":false,"template":"","format":"standard","meta":[],"categories":[51,53],"tags":[103582,11453,45283,26353,7037,100081],"views":170,"_links":{"self":[{"href":"https:\/\/www.enerjigazetesi.ist\/en\/wp-json\/wp\/v2\/posts\/156286"}],"collection":[{"href":"https:\/\/www.enerjigazetesi.ist\/en\/wp-json\/wp\/v2\/posts"}],"about":[{"href":"https:\/\/www.enerjigazetesi.ist\/en\/wp-json\/wp\/v2\/types\/post"}],"author":[{"embeddable":true,"href":"https:\/\/www.enerjigazetesi.ist\/en\/wp-json\/wp\/v2\/users\/1"}],"replies":[{"embeddable":true,"href":"https:\/\/www.enerjigazetesi.ist\/en\/wp-json\/wp\/v2\/comments?post=156286"}],"version-history":[{"count":0,"href":"https:\/\/www.enerjigazetesi.ist\/en\/wp-json\/wp\/v2\/posts\/156286\/revisions"}],"wp:featuredmedia":[{"embeddable":true,"href":"https:\/\/www.enerjigazetesi.ist\/en\/wp-json\/wp\/v2\/media\/156290"}],"wp:attachment":[{"href":"https:\/\/www.enerjigazetesi.ist\/en\/wp-json\/wp\/v2\/media?parent=156286"}],"wp:term":[{"taxonomy":"category","embeddable":true,"href":"https:\/\/www.enerjigazetesi.ist\/en\/wp-json\/wp\/v2\/categories?post=156286"},{"taxonomy":"post_tag","embeddable":true,"href":"https:\/\/www.enerjigazetesi.ist\/en\/wp-json\/wp\/v2\/tags?post=156286"}],"curies":[{"name":"wp","href":"https:\/\/api.w.org\/{rel}","templated":true}]}}