{"id":156274,"date":"2022-05-26T13:19:50","date_gmt":"2022-05-26T10:19:50","guid":{"rendered":"https:\/\/www.enerjigazetesi.ist\/?p=156274"},"modified":"2022-05-26T13:21:08","modified_gmt":"2022-05-26T10:21:08","slug":"yesil-is-zirvesi-ne-guncel-gelismeler-ve-enerji-damgasini-vurdu","status":"publish","type":"post","link":"https:\/\/www.enerjigazetesi.ist\/en\/yesil-is-zirvesi-ne-guncel-gelismeler-ve-enerji-damgasini-vurdu\/","title":{"rendered":"(Turkish) &#8217;Ye\u015fil \u0130\u015f Zirvesi\u2019ne G\u00fcncel Geli\u015fmeler ve Enerji Damgas\u0131n\u0131 Vurdu"},"content":{"rendered":"<p class=\"qtranxs-available-languages-message qtranxs-available-languages-message-en\">Sorry, this entry is only available in <a href=\"https:\/\/www.enerjigazetesi.ist\/tr\/wp-json\/wp\/v2\/posts\/156274\" class=\"qtranxs-available-language-link qtranxs-available-language-link-tr\" title=\"Turkish\">Turkish<\/a>. For the sake of viewer convenience, the content is shown below in the alternative language. You may click the link to switch the active language.<\/p><p><\/p>\n<h2>S\u00fcrd\u00fcr\u00fclebilirlik Akademisi taraf\u0131ndan, bu y\u0131l \u2018Ye\u015fil D\u00f6n\u00fc\u015f\u00fcm\u00fcn Paradigmalar\u0131\u2019 temas\u0131yla 9&#8217;uncusu ger\u00e7ekle\u015ftirilen ve \u00e7evrimi\u00e7i d\u00fczenlenen Zirve\u2019de, k\u00fcresel iklim krizi, yeni riskler ve kayg\u0131larla birlikte, s\u00fcrd\u00fcr\u00fclebilir i\u015f d\u00f6n\u00fc\u015f\u00fcm\u00fcn\u00fcn ne derece acil ve \u00f6nemli oldu\u011funun alt\u0131n\u0131 bir kez daha \u00e7izdi.<\/h2>\n<p><strong>S\u00fcrd\u00fcr\u00fclebilirlik Akademisi Ba\u015fkan\u0131 Murat Sungur Bursa,<\/strong>\u00a0<strong>Ye\u015fil \u0130\u015f Zirvesi<\/strong>\u2019nin a\u00e7\u0131l\u0131\u015f\u0131nda yapt\u0131\u011f\u0131 konu\u015fmada, do\u011frudan <strong>insan kaynakl\u0131, \u00fcretim <\/strong>ve<strong> t\u00fcketim \u00e7\u0131lg\u0131nl\u0131\u011f\u0131<\/strong> ve bunlar\u0131 kullanma <img loading=\"lazy\" class=\"alignright wp-image-156279\" src=\"https:\/\/www.enerjigazetesi.ist\/wp-content\/uploads\/2022\/05\/yesil-is-zirvesi-ne-guncel-gelismeler-ve-enerji-damgasini-vurdu.jpg\" alt=\"\" width=\"320\" height=\"177\" srcset=\"https:\/\/www.enerjigazetesi.ist\/wp-content\/uploads\/2022\/05\/yesil-is-zirvesi-ne-guncel-gelismeler-ve-enerji-damgasini-vurdu.jpg 550w, https:\/\/www.enerjigazetesi.ist\/wp-content\/uploads\/2022\/05\/yesil-is-zirvesi-ne-guncel-gelismeler-ve-enerji-damgasini-vurdu-300x166.jpg 300w, https:\/\/www.enerjigazetesi.ist\/wp-content\/uploads\/2022\/05\/yesil-is-zirvesi-ne-guncel-gelismeler-ve-enerji-damgasini-vurdu-500x277.jpg 500w, https:\/\/www.enerjigazetesi.ist\/wp-content\/uploads\/2022\/05\/yesil-is-zirvesi-ne-guncel-gelismeler-ve-enerji-damgasini-vurdu-80x44.jpg 80w\" sizes=\"(max-width: 320px) 100vw, 320px\" \/>bi\u00e7imlerinin <strong>ciddi sorunlar olu\u015fturmaya<\/strong> ba\u015flad\u0131\u011f\u0131n\u0131, o nedenle \u00e7evre konusunda sadece teknoloji de\u011fil mevzuat d\u00fczenlemelerine de ihtiya\u00e7 oldu\u011funun anla\u015f\u0131ld\u0131\u011f\u0131n\u0131 s\u00f6yledi. \u00a0Sungur, <em>\u201cD\u00fcnyan\u0131n gelmi\u015f oldu\u011fu \u00e7evre sorunlar\u0131 seviyesini \u00e7\u00f6zmek i\u00e7in<strong> teknolojik \u00f6nlemler, idari \u00f6nlemler<\/strong> yap\u0131labilir, yapt\u0131r\u0131mlar yap\u0131labilir. Ancak temel nedenlerden biri insan\u0131n etik anlay\u0131\u015f\u0131yla ba\u011flant\u0131l\u0131 oldu\u011funun alt\u0131n\u0131 \u00e7izmek istiyorum. Yeni etik de\u011ferler bize \u015funu s\u00f6yl\u00fcyor: Sen sadece topluma de\u011fil,<strong> canl\u0131<\/strong> ve <strong>cans\u0131z<\/strong> t\u00fcm varl\u0131klara, tabiat unsurlar\u0131na kar\u015f\u0131 sorumlusun. Bunlar bizim i\u00e7in \u00f6nemli sorumluluk alan\u0131d\u0131r ve gelecek nesillere kar\u015f\u0131 sorumlulu\u011fumuzdur\u201d<\/em> diye konu\u015ftu.<\/p>\n<h3><strong>S\u00fcrd\u00fcr\u00fclebilirlik yat\u0131r\u0131m ortam\u0131n\u0131 da iyile\u015ftirecek<\/strong><\/h3>\n<p><strong>T\u00dcS\u0130AD Y\u00f6netim Kurulu Ba\u015fkan\u0131 Orhan Turan,<\/strong>\u00a0artan n\u00fcfus, azalan do\u011fal kaynaklar, \u00fcretim ve t\u00fcketim kal\u0131plar\u0131n\u0131n s\u00fcregelen yap\u0131s\u0131n\u0131n, k\u00fcresel riskleri \u00e7evresel konularda yo\u011funla\u015ft\u0131rd\u0131\u011f\u0131n\u0131n alt\u0131n\u0131 \u00e7izdi. Davos\u2019ta da konunun ele al\u0131nd\u0131\u011f\u0131na dikkati \u00e7eken Turan, s\u00f6zlerini <span style=\"text-decoration: underline;\">\u015f\u00f6yle s\u00fcrd\u00fcrd\u00fc:<\/span> <em>\u201c\u00d6n\u00fcm\u00fczdeki d\u00f6nemde, t\u00fcm d\u00fczeylerdeki tart\u0131\u015fmalarda daha \u00e7ok odaklanaca\u011f\u0131m\u0131z konular ye\u015fil ve dijital d\u00f6n\u00fc\u015f\u00fcm\u00fcn etkile\u015fim alanlar\u0131, pandemi, <strong>Rusya-Ukrayna savas\u0131yla<\/strong> k\u0131r\u0131lganl\u0131\u011f\u0131 iyice belirginle\u015fen k\u00fcresel tedarik zinciri ve i\u015fbirli\u011fi kanallar\u0131n\u0131n her d\u00fczeyde g\u00fc\u00e7lendirilmesi ihtiyac\u0131 olacak\u201d diye konu\u015ftu. <strong>S\u00fcrd\u00fcr\u00fclebilirlik<\/strong> ve <strong>ye\u015fil ekonomik olgular\u0131n\u0131n<\/strong> stratejik de\u011ferlendirmelerde giderek kilit rol oynad\u0131\u011f\u0131n\u0131n alt\u0131n\u0131 \u00e7izen Turan, s\u00f6zlerine \u015f\u00f6yle devam etti: \u201cYani, ekonomi yakla\u015f\u0131m\u0131n\u0131 ve ticari ili\u015fkileri de bu olgular \u00fczerinden \u015fekillendiren bir \u00e7ok strateji ve d\u00fczenlemeyle kar\u015f\u0131 kar\u015f\u0131yay\u0131z. <strong>T\u00dcS\u0130AD<\/strong> olarak, k\u00fcresel dinamikleri \u015fekillendiren <strong>Paris Anla^\u015fmas\u0131<\/strong> ve <strong>Avrupa Ye\u015fil Mutabakat\u0131<\/strong> gibi geli\u015fmeleri planlar\u0131m\u0131za mutlak entegre etmemiz gereken konular olarak g\u00f6r\u00fcyoruz. \u0130klim de\u011fi\u015fikli\u011finin etkilerini artan seviyelerde hissediyoruz. Kaynaklar\u0131m\u0131z k\u0131s\u0131tl\u0131. Bu yap\u0131 <strong>ye\u015fil d\u00f6n\u00fc\u015f\u00fcm\u00fc<\/strong> ve i\u015f modellerinde <strong>s\u00fcrd\u00fcr\u00fclebilirlik modellerini<\/strong> \u00f6nceliklendirmeyi gerektiriyor. \u00c7al\u0131\u015fmalar\u0131m\u0131z <strong>ye\u015fil d\u00f6n\u00fc\u015f\u00fcm\u00fc<\/strong>n, kalk\u0131nma politikalar\u0131m\u0131z i\u00e7inde tercihten ziyade bir zorunluluk oldu\u011funu g\u00f6steriyor. Yol haritalar\u0131 emisyonlar\u0131n azalt\u0131lmas\u0131,<strong> su<\/strong> ve <strong>arazi y\u00f6netimi<\/strong>, <strong>iyi tar\u0131m uygulamalar\u0131, orman b\u00fct\u00fcnl\u00fc\u011f\u00fcn\u00fcn sa\u011flanmas\u0131, enerji d\u00f6n\u00fc\u015f\u00fcm\u00fc<\/strong> ve <strong>d\u00f6ng\u00fcsellik<\/strong> prensiplerinin i\u00e7selle\u015ftirilmesi gibi \u00e7ok geni\u015f bir kapsam\u0131 ele almal\u0131. <strong>Karbon n\u00f6tr olma<\/strong> ve <strong>s\u00fcrd\u00fcr\u00fclebilirlik<\/strong> ama\u00e7lar\u0131na odaklanm\u0131\u015f politikalar, sadece rekabet g\u00fcc\u00fcm\u00fcz\u00fc korumayacak, yat\u0131r\u0131m ortam\u0131n\u0131n \u00f6ng\u00f6r\u00fclebilirli\u011fini ve s\u00fcrd\u00fcr\u00fclebilir yat\u0131r\u0131m\u0131n ivmelenmesini de sa\u011flayacak.\u201d<\/em><\/p>\n<h3><strong>Yenilenebilir kaynaklarla 6 kat fazla elektrik<\/strong><\/h3>\n<p><strong>Schneider Electric\u00a0T\u00fcrkiye, Orta Asya ve Pakistan B\u00f6lge Ba\u015fkan\u0131 Bora Tuncer,<\/strong>\u00a0yenilenebilir enerji kaynaklar\u0131n\u0131n \u00f6nemine vurgu yaparak, <em>\u201c2040 y\u0131l\u0131na kadar yenilenebilir kaynaklardan 6 kat fazla elektrik \u00fcretilecek. D\u00fcnyan\u0131n karbon emisyonlar\u0131n\u0131n y\u00fczde 60\u2019\u0131ndan fazlas\u0131ndan sorumlu enerjiyle ili\u015fkimizi yeniden g\u00f6zden ge\u00e7irmeliyiz. Elektrik 4,0, verimlilikle birlikte, yenilenebilir enerji kaynaklar\u0131n\u0131 desteklemesi ve karbon emisyonu hedeflerine ula\u015fmam\u0131zda yard\u0131mc\u0131 olacak. T\u00fcketiciye ak\u0131ll\u0131 enerji sa\u011flamak i\u00e7in Elektrik 4,0\u2019a ge\u00e7i\u015f sa\u011fl\u0131kl\u0131 \u015fekilde devam ediyor. Kirlili\u011fe neden olan fosil yak\u0131tlar\u0131n kullan\u0131m\u0131 azald\u0131k\u00e7a, d\u00fcnyam\u0131z daha ya\u015fanabilir hale gelecek\u201d diye konu\u015ftu. Elektrik 4,0 sayesinde israf\u0131n da ortadan kalkt\u0131\u011f\u0131n\u0131, yeni enerji d\u00fcnyas\u0131n\u0131n in\u015fa edildi\u011fini s\u00f6yleyen Tuncer, \u201cG\u00fcn\u00fcm\u00fczde \u00fcretilen enerjinin y\u00fczde 60\u2019\u0131ndan fazla israf ediliyor. Verimlilik i\u00e7in dijital teknolojileri art\u0131k daha fazla kullanmal\u0131y\u0131z\u201d<\/em> ifadelerini kulland\u0131.<\/p>\n<h3><strong>Ciddi yap\u0131sal de\u011fi\u015fime ihtiya\u00e7 var<\/strong><\/h3>\n<p><strong>Shell T\u00fcrkiye \u00dclke Ba\u015fkan\u0131 Ahmet Erdem,\u00a0<\/strong><em>\u2018Ekonomik b\u00fcy\u00fcmeyi s\u00fcrd\u00fcr\u00fcrken ye\u015fil d\u00f6n\u00fc\u015f\u00fcme lidrelik etmek\u201d ba\u015fl\u0131kl\u0131 oturumda yapt\u0131\u011f\u0131 konu\u015fmada, enerjide ciddi yap\u0131sal de\u011fi\u015fime ihtiya\u00e7 oldu\u011funa vurgu yapt\u0131. Shell\u2019in g\u00fcndeminde enerji verimlili\u011finin uzun s\u00fcredir oldu\u011funa vurgu yapan Erdem, 2030 ve 2050 hedeflerinden bahsetti. Erdem, \u201cNet karbon s\u0131f\u0131r olma yolculu\u011funda Shell\u2019in rafinerilerindeki petrol \u00fcr\u00fcn\u00fc \u00fcretimini azaltma y\u00f6n\u00fcnde de hedefleri var. 95 milyon tondan, 2030\u2019a geldi\u011fimizde 45 milyon tona d\u00fc\u015f\u00fcrmek gibi bir hedefimiz vard\u0131. Burada 75 milyon tona d\u00fc\u015f\u00fcrm\u00fc\u015f durumday\u0131z. Bu da hedefe do\u011fru olan gidi\u015fi g\u00f6steriyor. Ayn\u0131 \u015fekilde elektrik ara\u00e7lar art\u0131yor. TOGG geliyor. Elektrikli ara\u00e7lar daha \u00e7ok \u00f6ne \u00e7\u0131k\u0131yor. Yine 2030\u2019da ula\u015fmak istedi\u011fimiz 560 terawatt saatin, yakla\u015f\u0131k yar\u0131s\u0131na gelmi\u015f durumday\u0131z. 251 terawatt\/saat bir elektrik hacmimiz oldu. Bu da hedefe do\u011fru gidiyor.\u201d<\/em><\/p>\n<h3><strong>Enerji tasarrufu e\u011fitimlerinde 7 milyon \u00e7ocu\u011fa dokunduk<\/strong><\/h3>\n<p><strong>Enerjisa Enerji S\u00fcrd\u00fcr\u00fclebilirlik ve Kurumsal Yetkinlikler B\u00f6l\u00fcm Ba\u015fkan\u0131\u00a0Ebru Ta\u015f\u00e7\u0131o\u011flu,\u00a0<\/strong>kentle\u015fmeye dikkat \u00e7ekerek, teknolojiyle desteklenmi\u015f \u015febeke ve alt yap\u0131 yat\u0131r\u0131mlar\u0131na ihtiya\u00e7 oldu\u011funu s\u00f6yledi. Kurumsal m\u00fc\u015fterilere g\u00fcne\u015f enerjisi sistemleri sunduklar\u0131ndan bahseden Ta\u015f\u0131\u00e7\u0131o\u011flu, <em>\u201cEnerji verimlili\u011fi dan\u0131\u015fmanl\u0131\u011f\u0131 yap\u0131yoruz. \u015eu ana kadar toplam 13,4 megavatl\u0131k bir kapasite kuruldu ve bu da 6 bin hane halk\u0131n\u0131n bir y\u0131ll\u0131k kullan\u0131m\u0131 bedelinde. Enerji verimlili\u011fi projelerinden de 2 bin hanelik bir enerji tasarruf sa\u011flad\u0131k\u201d diye konu\u015ftu. Sorumlu \u00fcretim ve t\u00fcketimin \u00f6nemine vurgu yapan Ta\u015f\u00e7\u0131o\u011flu, enerji tasarrufu noktas\u0131nda g\u00f6n\u00fcll\u00fc \u00e7al\u0131\u015fanlarla e\u011fitimler de verdiklerini belirtti. Ta\u015f\u00e7\u0131o\u011flu, \u201cEnerjiSA\u2019n\u0131n enerjimi koruyorum ba\u015fl\u0131kl\u0131 projesi var. 12 y\u0131ld\u0131r devam ediyor. 7-10 ya\u015f aras\u0131 \u00e7ocuklara ula\u015f\u0131yoruz ve onlara enerji tasarrufunu anlat\u0131yoruz. \u015eu ana kadar dijital yollarla birlikte 7 milyon \u00e7ocu\u011fa dokunduk. \u00c7\u00fcnk\u00fc enerjiyle olan ili\u015fki ve onu sorumlu t\u00fcketmek gen\u00e7 ya\u015flardan ba\u015fl\u0131yor\u201d<\/em> diye konu\u015ftu.<\/p>\n<h3><strong>S\u00fcrd\u00fcr\u00fclebilirlik e\u011fitimi<\/strong><\/h3>\n<p><strong>IC \u0130brahim \u00c7e\u00e7en Yat\u0131r\u0131m Holding CEO\u2019su Murad Bayar,\u00a0<\/strong>s\u00fcrd\u00fcr\u00fclebilirlik ajandas\u0131 olu\u015fturman\u0131n birinci hedefleri oldu\u011funu s\u00f6yleyerek, yapt\u0131klar\u0131 \u00e7al\u0131\u015fmalar\u0131 anlatt\u0131. \u0130stanbul Teknik \u00dcniversitesi (\u0130T\u00dc) deste\u011fiyle Bo\u011faz\u2019da deniz kirlili\u011fi tespit projesini hayata ge\u00e7irdiklerini, b\u00f6ylelikle gemilerden kaynakl\u0131 kirlili\u011fi azaltmay\u0131 hedeflediklerini, \u00f6zel otoyol i\u015fletmecilerinde ise s\u00fcrd\u00fcr\u00fclebilirlik raporlar\u0131n\u0131 yay\u0131mlad\u0131klar\u0131n\u0131 a\u00e7\u0131klad\u0131. Grup \u015firketlerinin de kat\u0131l\u0131m\u0131yla bu hafta <strong>50 g\u00f6n\u00fcll\u00fc \u00e7al\u0131\u015fanla<\/strong> birlikte, s\u00fcrd\u00fcr\u00fclebilirlik hedeflerinin aktar\u0131laca\u011f\u0131 11 ba\u015fl\u0131kta 3 ayl\u0131k e\u011fitimin ba\u015flat\u0131laca\u011f\u0131n\u0131 a\u00e7\u0131klayan Bayar, <em>\u201cE\u011fitimin sonunda bu g\u00f6n\u00fcll\u00fc arkada\u015flar\u0131m\u0131z, s\u00fcrd\u00fcr\u00fclebilirlik el\u00e7ilerimizi olacak. S\u00fcrd\u00fcr\u00fclebilirli\u011fe, toplam \u00e7abaya anlaml\u0131 bir katk\u0131 yapaca\u011f\u0131m\u0131z\u0131 d\u00fc\u015f\u00fcn\u00fcyorum grup olarak\u201d<\/em> diye konu\u015ftu.<\/p>\n<h3><strong>Sofra \u015fekerinden deterjan, at\u0131k giyi\u015finden yumu\u015fat\u0131c\u0131<\/strong><\/h3>\n<p><strong>Unilever T\u00fcrkiye, Orta Asya ve \u0130ran Ev Bak\u0131m Kategorisinden Sorumlu Ba\u015fkan Yard\u0131mc\u0131s\u0131 Ali Fuat Orhono\u011flu,<\/strong> plastiksiz \u00e7\u00f6z\u00fcmlere gittiklerini ve b\u00fct\u00fcn s\u00fcre\u00e7ler g\u00f6zden ge\u00e7irerek, ambalajlar\u0131, form\u00fclleri ve \u00fcr\u00fcnleri s\u00fcrd\u00fcr\u00fclebilir kaynaklara kayd\u0131racaklar\u0131n\u0131 s\u00f6yledi. S\u00fcrd\u00fcr\u00fclebilirlik noktas\u0131nda \u00f6n y\u0131kamay\u0131 ortadan kald\u0131r\u0131p su t\u00fcketimi azaltacak y\u00f6nelime \u00e7ok erken ba\u015flad\u0131klar\u0131na i\u015faret eden Orhono\u011flu, \u201cBu al\u0131\u015fkanl\u0131k ortadan kalkt\u0131 ve su t\u00fcketiminin azalmas\u0131na katk\u0131 sa\u011flad\u0131\u201d dedi. OMO ve Cif markalar\u0131nda ambalajlar\u0131n tamam\u0131nda geri d\u00f6n\u00fc\u015ft\u00fcr\u00fclm\u00fc\u015f plastik kullanmaya ba\u015flad\u0131klar\u0131na i\u015faret eden Orhono\u011flu, yapt\u0131klar\u0131 \u00e7al\u0131\u015fmalar\u0131 \u015f\u00f6yle anlatt\u0131: \u201cOMO\u2019da plastikte 70 ton tasarruf sa\u011flad\u0131k. Sadece bir senede. Bu da artarak s\u00fcrecek. Konsantre \u00e7\u00f6z\u00fcmlerle ambalaj kullan\u0131m\u0131 azalacak. At\u0131k giysilerden yumu\u015fat\u0131c\u0131, sofra \u015fekerinden bula\u015f\u0131k deterjan\u0131 projesi i\u00e7in \u00e7al\u0131\u015f\u0131yoruz. Di\u011fer taraftan Migros\u2019la i\u015f birli\u011fi yapt\u0131k. Ortak bir dolum \u00fcnitesi kurduk. T\u00fcketici s\u0131v\u0131 deterjan\u0131 bitince ambalaj\u0131yla geliyor ve o musluktan deterjan\u0131n\u0131 dolduruyor. Plastik kullan\u0131m\u0131 azal\u0131yor. \u015eu anda sadece Ata\u015fehir\u2019de. T\u00fcrkiye\u2019nin bir \u00e7ok yerine yayg\u0131nla\u015facak.\u201d<\/p>\n<h3><strong>Denizden 29 ton plastik toplad\u0131k<\/strong><\/h3>\n<p>Evlerin yan\u0131 s\u0131ra \u015fehirleri de temizleyen sosyal altyap\u0131ya y\u00f6nelik \u00e7al\u0131\u015fmalar\u0131ndan da bahseden Orhono\u011flu, \u201c\u0130nsan trafi\u011finin yo\u011fun oldu\u011fu Zincirlikuyu Metrob\u00fcs dura\u011f\u0131n\u0131 yeniledik. Kad\u0131k\u00f6y r\u0131ht\u0131mda Cif Kad\u0131k\u00f6y Park\u0131 in\u015fa ettik. \u00c7if \u00e7\u00f6p kaparlar sayesinde denizden 29 ton plastik toplad\u0131k\u201d dedi.<\/p>\n<h3><strong>B\u00fcy\u00fck yok olu\u015fun e\u015fi\u011findeyiz<\/strong><\/h3>\n<p><strong>Carbon Free Group CEO\u2019su Jae Mather,\u00a0<\/strong>iklim de\u011fi\u015fikli\u011fini kanser h\u00fccrelerinin b\u00fcy\u00fcmesine benzeterek, \u201cEtraftan ald\u0131\u011f\u0131m\u0131z sinyalleri g\u00f6z ard\u0131 ediyoruz. Bu da sa\u011fl\u0131kl\u0131 h\u00fccreleri \u00f6ld\u00fcr\u00fcyor\u201d ifadelerini kulland\u0131. Yap\u0131lan \u00e7al\u0131\u015fmalar\u0131n, ciddi sorunlara i\u015faret etti\u011fini ve bio \u00e7e\u015fitlili\u011fin y\u00fczde 50\u2019sinin \u00f6n\u00fcm\u00fczdeki 100 y\u0131lda yok olaca\u011f\u0131n\u0131 g\u00f6sterdi\u011fi uyar\u0131s\u0131 yapan Mather, \u201cB\u00fcy\u00fck yok olu\u015fun e\u015fi\u011findeyiz asl\u0131nda\u201d dedi. Mather, s\u00f6zlerini \u015f\u00f6yle s\u00fcrd\u00fcrd\u00fc: \u201cKarbondioksit konsantrasyonundan dolay\u0131 2100 itibariyle deniz d\u00fczeyinin bir metre artaca\u011f\u0131n\u0131 \u00f6ng\u00f6r\u00fcyoruz. Yani d\u00fcnya karalar\u0131n\u0131n y\u00fczde 5 ile 10\u2019u sular alt\u0131nda kalacak. En k\u0131ymetli tar\u0131m alanlar\u0131 da sular\u0131 alt\u0131nda kalarak kaybolacak. Mercan alanlar\u0131 da y\u00fczde 38 k\u00fc\u00e7\u00fclecek. Biz 2 dereceye odakland\u0131k ancak, fosil yak\u0131tlar kullanmaya devam edersek 6 derecelik art\u0131\u015f olas\u0131 g\u00f6r\u00fcn\u00fcyor. \u00d6n\u00fcm\u00fczdeki d\u00f6nemde \u00e7ok ciddi u\u00e7 iklim olaylar\u0131 da kar\u015f\u0131m\u0131za \u00e7\u0131kacak. Yani burada, yanan bir ev var ve bunu ciddi olarak ele almam\u0131z gerekiyor. \u015eayet 2 derece olursak, b\u00f6cek t\u00fcrlerindeki kay\u0131p \u00fc\u00e7 kat, a\u011fa\u00e7 t\u00fcrlerindeki kay\u0131p iki kat olacak. D\u00fcnyan\u0131n s\u00fcrd\u00fcr\u00fclebilir olmas\u0131 i\u00e7in do\u011fan\u0131n yapt\u0131\u011f\u0131 gibi rejenerasyon yapmam\u0131z gerekiyor. Ancak fosil yak\u0131tlar\u0131n sa\u011flad\u0131\u011f\u0131 kolay enerjiyi seviyoruz.\u201d Bill McKibben\u2019in, \u201cE\u011fer gezegeni mahvediyorsa buna yat\u0131r\u0131m diyemeyiz\u201d s\u00f6zlerini an\u0131msatan Mather, \u201cHala farkl\u0131 kararlar verebiliriz\u201d \u00e7a\u011fr\u0131s\u0131 yapt\u0131.<\/p>\n<h3><strong>Patates \u00fcretiminde su t\u00fcketimini y\u00fczde 50 azaltt\u0131k<\/strong><\/h3>\n<p><strong>PepsiCo Yiyecek Kategorisi K\u0131demli Pazarlama Direkt\u00f6r\u00fc Seren \u00c7ank\u0131r\u0131,\u00a0<\/strong>d\u00fcnyan\u0131n en b\u00fcy\u00fck tar\u0131m i\u015fletmelerinden biri olduklar\u0131n\u0131 belirterek, teknoloji ve dijitalle\u015fmenin yenileyici tar\u0131m uygulamalar\u0131n\u0131n en \u00f6nemli par\u00e7as\u0131n\u0131 olu\u015fturdu\u011funu s\u00f6yledi. \u00c7ank\u0131r\u0131, s\u00f6zlerini \u015f\u00f6yle s\u00fcrd\u00fcrd\u00fc: \u201cD\u00fc\u015f\u00fck bas\u0131n\u00e7l\u0131 sulama teknolojilerine ciddi yat\u0131r\u0131mlar yap\u0131yoruz. 2010 y\u0131l\u0131ndan beri net tarla verimini y\u00fczde 30 art\u0131rd\u0131k, depo firelerini y\u00fczde 26 azaltt\u0131k. Bir patates \u00fcretimi i\u00e7in t\u00fcketilen su miktar\u0131n\u0131 y\u00fczde 50, birim patates \u00fcretiminde sal\u0131nan karbon seviyesini y\u00fczde 50 azaltt\u0131k. Tar\u0131mda birim ba\u015f\u0131na kulland\u0131\u011f\u0131m\u0131z suyu T\u00fcrkiye\u2019de y\u00fczde 50 azaltmay\u0131 ba\u015fard\u0131k. Tarlalar\u0131m\u0131z\u0131 yapay zekayla anl\u0131k takip ediyoruz. Verim ve kalitenin istenen seviyede olmas\u0131n\u0131 sa\u011fl\u0131yoruz. Tarlalarda kullan\u0131lan su t\u00fcketimini daha da azaltmay\u0131 hedefliyoruz.\u201d<\/p>\n<h3><strong>Yiyecek at\u0131klar\u0131ndan cipslik patates \u00fcretimi<\/strong><\/h3>\n<p>Topraks\u0131z tar\u0131mla cipslik patates \u00fcretimi ger\u00e7ekle\u015ftirdiklerini a\u00e7\u0131klayan \u00c7ank\u0131r\u0131, \u201cTopra\u011f\u0131 koruyarak beslemek, s\u00fcrd\u00fcr\u00fclebilir tar\u0131mda \u00e7ok \u00f6nemli. Bu noktada kendi yiyecek fabrikalar\u0131m\u0131zda olu\u015fan organik at\u0131klardan, kendi organa-mineral g\u00fcbremizi \u00fcretiyoruz. Bu toprakta da \u00f6nemli sonu\u00e7lar veriyor. T\u00fcrkiye Pepsi CO \u00e7er\u00e7evesinde buldu\u011fumuz bir g\u00fcbre \u00e7e\u015fidi nat\u00fcralist. Bu noktada \u0130ngiltere ba\u015fta olmak \u00fczere di\u011fer Pepsi Co \u00fclkelerine ihra\u00e7 etmenin gururunu ya\u015f\u0131yoruz. Anadolu Meralar\u0131 kapsam\u0131nda yenileyici tar\u0131m uygulamalar\u0131na devam edece\u011fiz.\u201d<\/p>\n<h3><strong>Enerji sekt\u00f6r\u00fcnde d\u00f6n\u00fc\u015f\u00fcm gerekiyor<\/strong><\/h3>\n<p>EnerjiSA Enerji \u0130leti\u015fim Direkt\u00f6r\u00fc G\u00f6kt\u00fcrk Demirel, d\u00fcnyada \u00fcretilen karbon emisyonunun y\u00fczde 80\u2019inin enerji kaynakl\u0131 oldu\u011funu, elektri\u011fin de y\u00fczde 60\u2019\u0131n\u0131n fosil kaynaklardan \u00fcretildi\u011fine i\u015faret ederek, enerji sekt\u00f6r\u00fcnde bir d\u00f6n\u00fc\u015f\u00fcm gerekti\u011finin alt\u0131n\u0131 \u00e7izdi. Bu d\u00f6n\u00fc\u015f\u00fcm\u00fcn en \u00f6nemli unsurlar\u0131n\u0131n enerji verimlili\u011fi ve yenilenebilir enerji oldu\u011funun alt\u0131n\u0131 \u00e7izen Demirel, \u201cBurada yap\u0131lacak verimlilik yat\u0131r\u0131mlar\u0131n\u0131n d\u00f6n\u00fc\u015f\u00fc \u00e7ok h\u0131zl\u0131 oluyor. D\u00fcnyada kabul edilen baz\u0131 enerji trendleri var. Elektri\u011fin t\u00fcketildi\u011fi yerde \u00fcretilmesi ve bunun yenilenebilir kaynaklardan yap\u0131lmas\u0131 \u00e7ok \u00f6nemli. \u00c7at\u0131lara kurulan g\u00fcne\u015f panelleri ve batarya teknolojilerinin geli\u015fmesi bu d\u00f6n\u00fc\u015f\u00fcm\u00fc tetikleyecek unsurlar\u201d diye konu\u015ftu. Toplumda bir de\u011fi\u015fim ve d\u00f6n\u00fc\u015f\u00fcm\u00fc tetiklemek gerekti\u011fine dikkati \u00e7eken Demirel, \u201cEnerji d\u00fcnyas\u0131n\u0131n \u00f6nc\u00fcs\u00fc olmak ve bu de\u011fi\u015fimi \u015fekillendirmek amac\u0131m\u0131z\u201d ifadelerini kulland\u0131.<\/p>\n<p><strong>Allianz\u00a0<\/strong>Global S\u00fcrd\u00fcr\u00fclebilirlik M\u00fcd\u00fcr\u00fc P\u0131r\u0131l Kad\u0131be\u015fegil, iklim konusunun giderek geli\u015fti\u011fine \u015fahit olduklar\u0131n\u0131 ve s\u00fcrd\u00fcr\u00fclebilirlik raporlamas\u0131n\u0131n art\u0131k finansal raporlama g\u00fcndemine de girdi\u011fini s\u00f6yledi.<\/p>\n<h3><strong>T\u00fcrkiye taksonometride \u00f6ne ge\u00e7ebilir<\/strong><\/h3>\n<p><strong>D\u00fcnya Bankas\u0131 K\u0131demli Finans Sekt\u00f6r\u00fc Uzman\u0131 Etkin \u00d6zen,<\/strong>\u00a0kaynaklar\u0131n s\u00fcrd\u00fcr\u00fclebilir yat\u0131r\u0131mlara kanalize edilmesi perspektifindeki taksonometri konusuna de\u011findi. Avrupa Birli\u011fi\u2019nin her ne kadar taksonometreyi uygulasa da, hen\u00fcz veride karbon gazlar\u0131 d\u0131\u015f\u0131nda s\u00fcrd\u00fcr\u00fclebilir bir veri seti olu\u015fturulmad\u0131\u011f\u0131na dikkati \u00e7eken \u00d6zen, T\u00fcrkiye\u2019deki geli\u015fmelerin \u00e7ok da geride kalmad\u0131\u011f\u0131na i\u015faret ederek, \u015f\u00f6yle devam etti: \u201cT\u00fcrkiye\u2019de finansal sekt\u00f6r\u00fcn profesyonelli\u011fine, insan g\u00fcc\u00fcn\u00fcn kalitesine bakt\u0131\u011f\u0131n\u0131zda, finansal sekt\u00f6r kendini iklim risklerine kar\u015f\u0131 haz\u0131rl\u0131yor ve aksiyon al\u0131yor. Ancak reg\u00fclasyon ve d\u00fczenlemeler, finansal sekt\u00f6r\u00fcn h\u0131z\u0131na hen\u00fcz yeti\u015femiyor. Bu noktada daha kapsay\u0131c\u0131 bir yakla\u015f\u0131m benimsenirse, ye\u015fil finansman, taksanometri konusunda T\u00fcrkiye \u00f6ne ge\u00e7ebilir\u201d ifadelerini kulland\u0131.<\/p>\n<h3><strong>Ye\u015fil finansman ad\u0131mlar\u0131 at\u0131l\u0131yor<\/strong><\/h3>\n<p><strong>Kalk\u0131nma ve Yat\u0131r\u0131m Bankas\u0131 S\u00fcrd\u00fcr\u00fclebilirlik ve \u00c7evresel, Sosyal Etki Y\u00f6netimi M\u00fcd\u00fcr\u00fc Erhan \u00c7al\u0131\u015fkan,<\/strong>\u00a0s\u00fcrd\u00fcr\u00fclebilir finansmanda iklim de\u011fi\u015fikli\u011fiyle m\u00fccadele, yenilenebilir enerji, kaynak verimlili\u011fi ve d\u00f6ng\u00fcsel ekonominin, temel odak alanlar\u0131 oldu\u011funu s\u00f6yledi. Avrupa Birli\u011fi\u2019nin (AB) s\u00fcrd\u00fcr\u00fclebilirlik taksonometrisinin 2020\u2019de reg\u00fclasyon olarak yay\u0131mland\u0131\u011f\u0131na i\u015faret eden \u00c7al\u0131\u015fkan, \u201cBurada iklim de\u011fi\u015fikli\u011finin azalt\u0131lmas\u0131, kirlili\u011fe kar\u015f\u0131 \u00f6nlem ve kavramlar yer al\u0131yor. \u00dclkemizde ise Ye\u015fil Mutabakat Eylem Plan\u0131 yay\u0131mland\u0131 ve Ticaret Bakanl\u0131\u011f\u0131\u2019m\u0131z koordinat\u00f6rl\u00fc\u011f\u00fcnde y\u00fcr\u00fct\u00fcl\u00fcyor. Burada bir ba\u015fl\u0131k ye\u015fil finansman. Hazine ve Maliye Bakanl\u0131\u011f\u0131m\u0131z \u00e7er\u00e7evesinde de s\u00fcrd\u00fcr\u00fclebilir tahvil \u00e7er\u00e7eve dok\u00fcman\u0131 haz\u0131rl\u0131klar\u0131 da bir ad\u0131m olarak yer al\u0131yordu. Bu da Kas\u0131m 2021\u2019de ger\u00e7ekle\u015fti. Ye\u015fil tahvil ve sukuk rehberi de hedefler aras\u0131ndayd\u0131. Bu da ger\u00e7ekle\u015fti. Ye\u015fil finansmana y\u00f6nelik \u015fu anda reg\u00fclatif anlamda ad\u0131mlar at\u0131l\u0131yor. 2023 y\u0131l\u0131 sonuna kadar ye\u015fil taksonometrinin haz\u0131rlanmas\u0131 hedefleniyor.\u201d<\/p>\n<h3><strong>\u00c7elik, al\u00fcminyum ve \u00e7imento ilk etkilenecek sekt\u00f6rler<\/strong><\/h3>\n<p><strong>Ticaret Bakanl\u0131\u011f\u0131 Uluslararas\u0131 Anla\u015fmalar ve AB Genel M\u00fcd\u00fcrl\u00fc\u011f\u00fc Genel M\u00fcd\u00fcr Yard\u0131mc\u0131s\u0131 Bahar G\u00fc\u00e7l\u00fc,\u00a0<\/strong>s\u0131n\u0131rda karbon d\u00fczenlemesiyle AB\u2019nin karbonu maliyetlemeyi \u00f6ng\u00f6rd\u00fc\u011f\u00fcn\u00fc ve bu sayede ye\u015fil d\u00f6n\u00fc\u015f\u00fcm\u00fc, \u00fcr\u00fcn mevzuatlar\u0131n\u0131n birer par\u00e7as\u0131 haline getirmeyi, bu standartlar\u0131 kar\u015f\u0131lamayan \u00fcr\u00fcnlerin de AB piyasas\u0131na arz\u0131n\u0131n bile m\u00fcmk\u00fcn olmayaca\u011f\u0131n\u0131 vurgulad\u0131. G\u00fc\u00e7l\u00fc, \u201cAB en b\u00fcy\u00fck ticaret orta\u011f\u0131m\u0131zken, AB de\u011fer zincirlerine entegre olu\u015fken bunlardan uyum sa\u011flamamam\u0131z m\u00fcmk\u00fcn de\u011fil\u201d ifadelerini kulland\u0131. Uluslararas\u0131 \u015firketlerin, karbon emisyonlar\u0131n\u0131 azaltmak i\u00e7in taahh\u00fctler verdi\u011fini s\u00f6yleyen G\u00fc\u00e7l\u00fc, s\u0131n\u0131rda karbon d\u00fczenlemesine ilk etapta enerji yo\u011fun sekt\u00f6rlerin tabi olaca\u011f\u0131n\u0131 belirterek, \u201c\u00c7elik, al\u00fcminyum, \u00e7imento bunlar aras\u0131nda. Kimyasallar da \u00f6ncelikli sekt\u00f6rlerden. Yap\u0131 malzemeleri, tekstil gibi sekt\u00f6rleri de d\u00f6n\u00fc\u015f\u00fcm ihtiyac\u0131 olan sekt\u00f6rler aras\u0131nda g\u00f6r\u00fcyoruz\u201d a\u00e7\u0131klamas\u0131nda bulundu. T\u00fcrkiye\u2019de ye\u015fil finansman eko sisteminin geli\u015fmesi gerekti\u011fini belirten Bahar G\u00fc\u00e7l\u00fc, T\u00fcrkiye\u2019ye ye\u015fil d\u00f6n\u00fc\u015f\u00fcm i\u00e7in sa\u011flanacak 3,1 milyar dolarl\u0131k kayna\u011f\u0131 da an\u0131msatarak, \u201cFirmalar\u0131m\u0131z\u0131n yol haritalar\u0131n\u0131 belirlemeleri \u00e7ok \u00f6nemli. \u0130novasyona daha fazla vakit ve kaynak ay\u0131rmak gerekiyor\u201d diye konu\u015ftu.<\/p>\n<h3><strong>Foto\u011fraf\u0131 iyi okuyal\u0131m risk ve f\u0131rsatlar\u0131 \u00e7al\u0131\u015fal\u0131m<\/strong><\/h3>\n<p><strong>T\u00dcS\u0130AD \u00c7evre ve \u0130klim De\u011fi\u015fikli\u011fi \u00c7al\u0131\u015fma Grubu ve Ye\u015fil Mutabakat G\u00f6rev G\u00fcc\u00fc Ba\u015fkan\u0131 Fatih \u00d6zkad\u0131,\u00a0<\/strong>Avrupa Birli\u011fi Komisyonu\u2019nun s\u00fcrd\u00fcr\u00fclebilirlik durum teklifi direktifinin tasla\u011f\u0131n\u0131 yay\u0131nlad\u0131\u011f\u0131na i\u015faret ederek, \u201cBiz bu taslaklar\u0131, \u00e7ok iyi \u00e7al\u0131\u015farak bunlar\u0131n bize bir tehdit de\u011fil, bir f\u0131rsata d\u00f6n\u00fc\u015ft\u00fcr\u00fclebilece\u011fi kanaatindeyim. AB ile yak\u0131n ili\u015fkilere sahip KOB\u0130\u2019lerimizi de derinden etkileyecek d\u00fczenlemelerde, T\u00dcS\u0130AD olarak liderlik etmemiz gerekiyor. \u00d6zellikle ana sanayinin, yard\u0131mc\u0131 sanayilerle daha kapsay\u0131c\u0131 \u00e7al\u0131\u015fmas\u0131 son derece \u00f6nemli. D\u00f6ng\u00fcsel ekonomiye uyum son derece \u00f6nemli. Daha az at\u0131\u011f\u0131n, daha fazla de\u011fer yaratarak ArGe ve inovasyonla \u00fclkemize katma de\u011fer yaratacak \u015fekilde kullanmam\u0131z\u0131 son derece k\u0131ymetli g\u00f6r\u00fcyorum. Kamu ve \u00f6zel sekt\u00f6re \u00f6nemli g\u00f6revler d\u00fc\u015f\u00fcyor. Bu d\u00f6nemde foto\u011fraf\u0131 iyi okuyup, risk ve f\u0131rsatlar\u0131 birlikte \u00e7al\u0131\u015fmal\u0131y\u0131z\u201d diye konu\u015ftu.<\/p>\n<h3><strong>S\u0131n\u0131rda karbondan \u2018penalt\u0131\u2019 almayal\u0131m<\/strong><\/h3>\n<p>T\u00dcS\u0130AD olarak, iklim de\u011fi\u015fikli\u011fi koordinasyon kurulunun etkin bir payda\u015f\u0131 olduklar\u0131n\u0131 s\u00f6yleyen \u00d6zkad\u0131, \u00f6zellikle 2053 net s\u0131f\u0131r emisyon hedefinin verilmesi memnuniyet verici oldu\u011funu s\u00f6yledi. Karbon fiyatland\u0131r\u0131lmas\u0131n\u0131n, iklim de\u011fi\u015fikli\u011fi etkilerinin azalt\u0131lmas\u0131nda en etkili politika arac\u0131 olarak kabul edildi\u011fine i\u015faret eden \u00d6zkad\u0131, s\u00f6zlerini \u015f\u00f6yle s\u00fcrd\u00fcrd\u00fc: \u201c2005 y\u0131l\u0131ndan beri AB\u2019de uygulanan ETS (Emisyon Ticaret Sistemi) mekanizmas\u0131n\u0131n etkin par\u00e7as\u0131 olmam\u0131z gerekti\u011fi konusunda iyi bir uzla\u015f\u0131 var. Kald\u0131 ki bunu iyi y\u00f6netemedi\u011fimiz taktirde, s\u0131n\u0131rda karbon d\u00fczenlemesinden ciddi bir penalt\u0131 alaca\u011f\u0131m\u0131z da a\u015fikar. Durum b\u00f6yle olunca asl\u0131nda Avrupa Birli\u011fi, en ba\u015f\u0131ndan beri \u00e7ifte vergilendirmeyi, \u00e7ifte cezaland\u0131rmay\u0131 istemiyor. \u0130klim kanununun y\u00fcr\u00fcrl\u00fc\u011fe konulmas\u0131n\u0131 sa\u011flamak ve emisyon ticaret sisteminden olu\u015fan fonun, yine etkin \u015fekilde ye\u015fil d\u00f6n\u00fc\u015f\u00fcmde kullan\u0131lmas\u0131n\u0131 sa\u011flamam\u0131z gerekiyor. Avrupa Birli\u011fi, Japonya, Singapur\u2019la serbest ticaret anla\u015fmalar\u0131na (STA) belki Meksika ile devam edecek. Bizim bu \u00fclkelerin \u00f6n\u00fcnde gidecek \u015feklide etkin mekanizmalar kurmam\u0131z gerekiyor\u201d diye konu\u015ftu.<\/p>\n<h3><strong>\u0130lk ad\u0131m enerji t\u00fcketiminin \u00f6l\u00e7\u00fcm\u00fc olsun<\/strong><\/h3>\n<p><strong>T\u00dcS\u0130AD Y\u00f6netim Kurulu \u00dcyesi ve Enerji, \u00c7evre ve \u0130klim De\u011fi\u015fikli\u011fi Yuvarlak Masa Ba\u015fkan\u0131 Cevdet Alemdar,\u00a0<\/strong>T\u00fcrkiye\u2019de i\u015fletmelerin y\u00fczde 99\u2019unun KOB\u0130\u2019lerden olu\u015ftu\u011funu, istihdam\u0131n da y\u00fczde 73\u2019\u00fcn\u00fcn, ihracat\u0131n da y\u00fczde 50\u2019den fazlas\u0131n\u0131n KOB\u0130\u2019ler taraf\u0131ndan yap\u0131ld\u0131\u011f\u0131n\u0131 s\u00f6yledi. \u00a0\u201c\u00d6l\u00e7medi\u011finiz \u015feyi iyile\u015ftiremezsiniz, bilmedi\u011finiz \u015feyi anlatamazs\u0131n\u0131z\u201d diyen Alemdar, \u015f\u00f6yle devam etti: \u201cDijitalle\u015fmeyle veri bankas\u0131 olu\u015fturmak \u00e7ok \u00f6nemli. Ben ne kadar, tedarik\u00e7im ne kadar enerji t\u00fcketiyor, at\u0131klar\u0131m ne kadar noktas\u0131nda bir veri olu\u015fturabilmek ilk ad\u0131m olabilir. \u00c7evre standartlar\u0131n\u0131 art\u0131k okumaya ba\u015flamam\u0131z bir anlamda yol g\u00f6steriyor. Ayr\u0131ca \u015fu anda Avrupa Birli\u011fi, de\u011fer zinciri yasas\u0131 \u00e7\u0131kartmak i\u00e7in \u00e7al\u0131\u015f\u0131yor. Onu takip etmekte de fayda var. T\u00dcS\u0130AD olarak, do\u011faya ra\u011fmen \u00fcreten bir i\u015f modeli olabilece\u011fine inanm\u0131yoruz. Biz do\u011faya kar\u015f\u0131 bir m\u00fccadele i\u00e7inde de\u011fil, do\u011fayla birlikte geli\u015fen bir insanl\u0131k istiyoruz\u201d diye konu\u015ftu.<\/p>\n<h3><strong>Rekabet g\u00fcc\u00fcm\u00fcz\u00fc art\u0131rmada f\u0131rsat<\/strong><\/h3>\n<p><strong>\u0130ktisadi Kalk\u0131nma Vakf\u0131 Genel Sekreter Do\u00e7. Dr. \u00c7i\u011fdem Nas,\u00a0<\/strong>ye\u015fil d\u00f6n\u00fc\u015f\u00fcm\u00fcn ek maliyet de\u011fil, T\u00fcrkiye\u2019nin rekabet g\u00fcc\u00fcn\u00fcn art\u0131r\u0131lmas\u0131, d\u00fcnya ekonomisinde daha iyi noktaya gelmesinde bir f\u0131rsat olarak g\u00f6r\u00fclmesi gerekti\u011finin alt\u0131n\u0131 \u00e7izdi. Ye\u015fil Mutabakat\u2019\u0131n, T\u00fcrkiye-AB ili\u015fkilerinin canland\u0131r\u0131lmas\u0131n\u0131 yeniden g\u00fcndeme ta\u015f\u0131d\u0131\u011f\u0131na i\u015faret eden Nas, \u201c\u00c7\u00fcnk\u00fc AB, tedarik zincirlerini \u00a0\u00e7e\u015fitlendirme ve diren\u00e7lili\u011fini art\u0131rma \u00e7abas\u0131nda. G\u00fcmr\u00fck Birli\u011fi partneri olarak T\u00fcrkiye\u2019yi bu s\u00fcrecin bir par\u00e7as\u0131 yapabilmek \u00f6nemli bir \u00f6ncelik. T\u00fcrkiye i\u00e7in de bu bir f\u0131rsat. T\u00fcrkiye, AB modelinden de esinlenerek kendi i\u00e7inde bir yol haritas\u0131na d\u00f6n\u00fc\u015ft\u00fcrebilir\u201d diye konu\u015ftu.<\/p>\n<h3><strong>T\u00fcrkiye hak etti\u011fi yeri almal\u0131<\/strong><\/h3>\n<p>Karbon piyasas\u0131 y\u00f6n\u00fcnde ad\u0131mlar\u0131n at\u0131lmakta oldu\u011funu ve iklim yasas\u0131n\u0131n haz\u0131rland\u0131\u011f\u0131n\u0131 g\u00f6rd\u00fcklerini s\u00f6yleyen Do\u00e7. Dr. \u00c7i\u011fdem Nas, \u201cT\u00fcrkiye\u2019de ad\u0131mlar at\u0131yor ancak vakti kaybetmemeliyiz. S\u0131n\u0131rda karbon d\u00fczenlemesinin 2023\u2019de yasala\u015fmas\u0131 ve 2026\u2019da b\u00fct\u00fcn\u00fcyle y\u00fcr\u00fcrl\u00fc\u011fe girmesi bekleniyor. Sekt\u00f6rlerin de buna g\u00f6re haz\u0131rlanabilmesi i\u00e7in vakit kaybetmeden harekete ge\u00e7meliyiz. Uluslararas\u0131 yat\u0131r\u0131mlar\u0131n da ye\u015fil d\u00f6n\u00fc\u015f\u00fcme kanalize edilmesi T\u00fcrkiye\u2019nin \u00f6ncelikleri aras\u0131nda olmal\u0131. T\u00fcrkiye\u2019nin burada hak etti\u011fi yeri almas\u0131 gerekti\u011fini d\u00fc\u015f\u00fcn\u00fcyorum\u201d diye konu\u015ftu.<\/p>\n<p>Konferans\u0131n stratejik \u00e7\u00f6z\u00fcm orta\u011f\u0131 Schnieder Electric.Ana sponsorlar\u0131; Unilever , Turkcell, EnerjiSA, IC Holding.Alt\u0131n sponsorlar\u0131; Shell, Borusan Otomotiv, Ford Otosan, DFDS, Lay\u2019s, Kalk\u0131nma Yat\u0131r\u0131m Bankas\u0131.G\u00fcm\u00fc\u015f sponsorlar\u0131; Coca-Cola \u0130\u00e7ecek, Quick Karbon, Kontrolmatik ve Kordsa.<\/p>\n<p>Zirve 2&#8217;inci g\u00fcn\u00fcnde de zengin ve orijinal i\u00e7erik yap\u0131s\u0131 ile devam ederken detayl\u0131 bilgi ve kay\u0131tlar i\u00e7in <a href=\"https:\/\/surdurulebilirlik.com.tr\/etkinlik\/yesil-is-zirvesi-2022\/\" target=\"_blank\" rel=\"noopener\">https:\/\/surdurulebilirlik.com.tr\/etkinlik\/yesil-is-zirvesi-2022\/<\/a>\u00a0adresini ziyaret etmek m\u00fcmk\u00fcn.<\/p>","protected":false},"excerpt":{"rendered":"<p>Sorry, this entry is only available in Turkish. For the sake of viewer convenience, the content is shown below in the alternative language. You may click the link to switch the active language. S\u00fcrd\u00fcr\u00fclebilirlik Akademisi taraf\u0131ndan, bu y\u0131l \u2018Ye\u015fil D\u00f6n\u00fc\u015f\u00fcm\u00fcn Paradigmalar\u0131\u2019 temas\u0131yla 9&#8217;uncusu ger\u00e7ekle\u015ftirilen ve \u00e7evrimi\u00e7i d\u00fczenlenen Zirve\u2019de, k\u00fcresel iklim krizi, yeni riskler ve kayg\u0131larla [&hellip;]<\/p>\n","protected":false},"author":19,"featured_media":156279,"comment_status":"open","ping_status":"open","sticky":false,"template":"","format":"standard","meta":[],"categories":[53,52],"tags":[1564,40956,53412,101811,1423,2482,11887,8168],"views":169,"_links":{"self":[{"href":"https:\/\/www.enerjigazetesi.ist\/en\/wp-json\/wp\/v2\/posts\/156274"}],"collection":[{"href":"https:\/\/www.enerjigazetesi.ist\/en\/wp-json\/wp\/v2\/posts"}],"about":[{"href":"https:\/\/www.enerjigazetesi.ist\/en\/wp-json\/wp\/v2\/types\/post"}],"author":[{"embeddable":true,"href":"https:\/\/www.enerjigazetesi.ist\/en\/wp-json\/wp\/v2\/users\/19"}],"replies":[{"embeddable":true,"href":"https:\/\/www.enerjigazetesi.ist\/en\/wp-json\/wp\/v2\/comments?post=156274"}],"version-history":[{"count":0,"href":"https:\/\/www.enerjigazetesi.ist\/en\/wp-json\/wp\/v2\/posts\/156274\/revisions"}],"wp:featuredmedia":[{"embeddable":true,"href":"https:\/\/www.enerjigazetesi.ist\/en\/wp-json\/wp\/v2\/media\/156279"}],"wp:attachment":[{"href":"https:\/\/www.enerjigazetesi.ist\/en\/wp-json\/wp\/v2\/media?parent=156274"}],"wp:term":[{"taxonomy":"category","embeddable":true,"href":"https:\/\/www.enerjigazetesi.ist\/en\/wp-json\/wp\/v2\/categories?post=156274"},{"taxonomy":"post_tag","embeddable":true,"href":"https:\/\/www.enerjigazetesi.ist\/en\/wp-json\/wp\/v2\/tags?post=156274"}],"curies":[{"name":"wp","href":"https:\/\/api.w.org\/{rel}","templated":true}]}}