{"id":156219,"date":"2022-05-25T14:36:51","date_gmt":"2022-05-25T11:36:51","guid":{"rendered":"https:\/\/www.enerjigazetesi.ist\/?p=156219"},"modified":"2022-05-25T14:49:06","modified_gmt":"2022-05-25T11:49:06","slug":"izoder-enerji-verimliligi-ne-yonelik-yalitim-cagrisi-yapti","status":"publish","type":"post","link":"https:\/\/www.enerjigazetesi.ist\/en\/izoder-enerji-verimliligi-ne-yonelik-yalitim-cagrisi-yapti\/","title":{"rendered":"(Turkish) &#8217;\u0130ZODER&#8217; Enerji Verimlili\u011fine Y\u00f6nelik Yal\u0131t\u0131m \u00c7a\u011fr\u0131s\u0131 Yapt\u0131"},"content":{"rendered":"<p class=\"qtranxs-available-languages-message qtranxs-available-languages-message-en\">Sorry, this entry is only available in <a href=\"https:\/\/www.enerjigazetesi.ist\/tr\/wp-json\/wp\/v2\/posts\/156219\" class=\"qtranxs-available-language-link qtranxs-available-language-link-tr\" title=\"Turkish\">Turkish<\/a>. For the sake of viewer convenience, the content is shown below in the alternative language. You may click the link to switch the active language.<\/p><p><\/p>\n<h2><strong>Is\u0131 Su Ses ve Yang\u0131n Yal\u0131t\u0131mc\u0131lar\u0131 Derne\u011fi (\u0130ZODER) <\/strong><strong>Y\u00f6netim Kurulu Ba\u015fkan\u0131 Emrullah Eruslu taraf\u0131ndan Rusya &#8211; Ukrayna sava\u015f\u0131n\u0131n enerji verimlili\u011finin d\u00fcnyadaki kritik \u00f6neme sahip de\u011ferinin bir kez daha hat\u0131rland\u0131\u011f\u0131na vurgu yap\u0131ld\u0131. <\/strong><\/h2>\n<p>Sekt\u00f6rlere g\u00f6re <strong>enerji t\u00fcketimi<\/strong> incelendi\u011finde; <strong>% 32,7<\/strong>\u2019lik pay ile <strong>konut<\/strong> ve <strong>hizmet sekt\u00f6rleri<\/strong>nden olu\u015fan bina sekt\u00f6r\u00fc ve y\u00fczde <strong>32,3<\/strong>\u2019l\u00fck pay ile sanayi sekt\u00f6r\u00fc \u00f6ne \u00e7\u0131k\u0131yor. Binalarda t\u00fcketilen enerjinin y\u00fczde <strong>80<\/strong>\u2019inin <strong>\u0131s\u0131tma<\/strong> ve <strong>so\u011futma ama\u00e7l\u0131 t\u00fcketildi\u011fine<\/strong> dikkat \u00e7eken <strong>Emrullah Eruslu<\/strong>, \u201cEnerji <img loading=\"lazy\" class=\"alignright wp-image-156225\" src=\"https:\/\/www.enerjigazetesi.ist\/wp-content\/uploads\/2022\/05\/IZODER_Baskani_Emrullah_Eruslu.jpg\" alt=\"\" width=\"320\" height=\"243\" srcset=\"https:\/\/www.enerjigazetesi.ist\/wp-content\/uploads\/2022\/05\/IZODER_Baskani_Emrullah_Eruslu.jpg 550w, https:\/\/www.enerjigazetesi.ist\/wp-content\/uploads\/2022\/05\/IZODER_Baskani_Emrullah_Eruslu-300x227.jpg 300w, https:\/\/www.enerjigazetesi.ist\/wp-content\/uploads\/2022\/05\/IZODER_Baskani_Emrullah_Eruslu-500x379.jpg 500w, https:\/\/www.enerjigazetesi.ist\/wp-content\/uploads\/2022\/05\/IZODER_Baskani_Emrullah_Eruslu-66x50.jpg 66w\" sizes=\"(max-width: 320px) 100vw, 320px\" \/>ithalat\u0131na milyarlarca dolar aktarmam\u0131za ra\u011fmen \u0131s\u0131nam\u0131yoruz. <strong>T\u00fcrkiye \u0130statistik Kurumu (T\u00dc\u0130K)<\/strong> taraf\u0131ndan a\u00e7\u0131klanan <strong>Gelir ve Ya\u015fam Ko\u015fullar\u0131 Ara\u015ft\u0131rmas\u0131 2021<\/strong> sonu\u00e7lar\u0131na g\u00f6re, konutun izolasyonundan dolay\u0131 \u0131s\u0131namama en \u00e7ok kar\u015f\u0131la\u015f\u0131lan konut ve \u00e7evre problemi oldu. Kurumsal olmayan n\u00fcfusun y\u00fczde <strong>34,3<\/strong>&#8216;\u00fc konutunda izolasyondan dolay\u0131 \u0131s\u0131nma sorunu, <strong>%<\/strong> <strong>33,9<\/strong>&#8216;u <strong>s\u0131zd\u0131ran \u00e7at\u0131, nemli duvarlar, \u00e7\u00fcr\u00fcm\u00fc\u015f pencere<\/strong> <strong>\u00e7er\u00e7eveleri vb.<\/strong> problemleri ya\u015farken, <strong>% 23,4<\/strong>&#8216;\u00fc trafik veya end\u00fcstrinin neden oldu\u011fu <strong>hava kirlili\u011fi, \u00e7evre kirlili\u011fi<\/strong> veya <strong>di\u011fer \u00e7evresel sorunlarla<\/strong> kar\u015f\u0131la\u015ft\u0131.<\/p>\n<p>Do\u011falgaz ve elektrik faturas\u0131n\u0131 <strong>% 50\u00a0<\/strong>azaltman\u0131n tek yolu, ya\u015fad\u0131\u011f\u0131m\u0131z<strong> binalara \u0131s\u0131 yal\u0131t\u0131m\u0131 uygulamas\u0131<\/strong> yapt\u0131rmakt\u0131r. T\u00fcrkiye\u2019deki binalar\u0131 \u0131s\u0131 yal\u0131t\u0131ml\u0131 hale getirerek, \u00fclkemizin toplam enerji faturas\u0131n\u0131 yakla\u015f\u0131k <strong>% 15, yak\u0131t giderlerini % 50<\/strong> azaltmam\u0131z m\u00fcmk\u00fcn. Sadece binalar\u0131n enerji verimli hale getirilmesiyle (En az C s\u0131n\u0131f\u0131 binalar) her y\u0131l <strong>9-10<\/strong> milyar dolar tasarruf elde etme potansiyelimiz var.\u201d dedi.<\/p>\n<h3><strong>Is\u0131 yal\u0131t\u0131m\u0131 seferberli\u011fi ba\u015flat\u0131lmal\u0131<\/strong><\/h3>\n<p>\u00dclkemizde mevcut bina stokunun sadece <strong>% 20<\/strong>\u2019sinin \u0131s\u0131 yal\u0131t\u0131m\u0131 ile ilgili mevzuatlar kapsam\u0131nda oldu\u011funa dikkat \u00e7eken <strong>\u0130ZODER Ba\u015fkan\u0131 Emrullah\u00a0Eruslu<\/strong> a\u00e7\u0131klamalar\u0131n\u0131 \u015f\u00f6yle s\u00fcrd\u00fcrd\u00fc: \u201cGeri kalan <strong>% 80<\/strong>\u2019lik mevcut bina stokumuza y\u00f6nelik tedbirler almadan, arzulanan enerji verimlili\u011fi hedeflerine ula\u015f\u0131lmas\u0131 m\u00fcmk\u00fcn de\u011fil. <strong>Yal\u0131t\u0131m uygulamalar\u0131<\/strong> i\u00e7in mevsimsel olarak en uygun aylara girdik. O nedenle hemen harekete ge\u00e7ilmeli. <strong>\u0130ZODER<\/strong> olarak t\u00fcketicinin al\u0131m g\u00fcc\u00fcn\u00fc desteklemek amac\u0131yla uzun s\u00fcredir \u00fczerinde \u00e7al\u0131\u015ft\u0131\u011f\u0131m\u0131z yal\u0131t\u0131m kredisi kampanyas\u0131n\u0131n hayata ge\u00e7mesi i\u00e7in \u00e7abal\u0131yoruz. Bankalar\u0131m\u0131z\u0131n <strong>\u201cye\u015fil kredi \u2013 ye\u015fil finansman\u201d<\/strong> kapsam\u0131nda vatanda\u015flar\u0131m\u0131za y\u00f6nelik olarak d\u00fc\u015f\u00fck faizli veya faizsiz, uzun vadeli kredi se\u00e7eneklerini olu\u015fturarak \u0131s\u0131 yal\u0131t\u0131m\u0131 seferberli\u011fini desteklemelerini bekliyoruz.\u00a0<strong>Enerji ve Tabii Kaynaklar Bakan\u0131m\u0131z Fatih D\u00f6nmez<\/strong>\u00a0k\u0131sa s\u00fcre \u00f6nce\u00a0enerji verimlili\u011fini hanelerde yayg\u0131nla\u015ft\u0131rmak, bilin\u00e7lendirme ve fark\u0131ndal\u0131k olu\u015fturmak, yal\u0131t\u0131ms\u0131z konutlar i\u00e7in uygun \u015fartlarda <strong>kredi verilmesini sa\u011flamak<\/strong> amac\u0131yla ilgili bakanl\u0131klarla g\u00f6r\u00fc\u015f\u00fcld\u00fc\u011f\u00fcn\u00fc a\u00e7\u0131klad\u0131. At\u0131lacak bu ad\u0131mlar\u0131n \u00fclkemizin enerji stratejisi a\u00e7\u0131s\u0131ndan \u00e7ok \u00f6nemli oldu\u011funa inan\u0131yoruz. <strong>Yal\u0131t\u0131m uygulamalar\u0131n\u0131n<\/strong> kredi deste\u011finin yan\u0131 s\u0131ra, t\u00fcketiciye y\u00f6nelik <strong>KDV iadesi<\/strong> gibi \u00e7al\u0131\u015fmalarla devlet taraf\u0131nda <strong>te\u015fvik<\/strong> edilmesinin de <strong>yal\u0131t\u0131m\u0131n yayg\u0131nla\u015fmas\u0131<\/strong> a\u00e7\u0131s\u0131ndan \u00f6nemli g\u00f6r\u00fcyoruz.\u201d<\/p>\n<h3><strong>Konutlar\u0131m\u0131z\u0131 \u0131s\u0131tmak i\u00e7in \u00e7ok enerji harc\u0131yoruz<\/strong><\/h3>\n<p>Geli\u015fmi\u015f \u00fclkelerle mukayese edildi\u011finde \u00fclkemizde yeni yap\u0131lan bir bina <strong>2,4<\/strong> ila <strong>5<\/strong> kat daha fazla enerji t\u00fcketti\u011finin alt\u0131n\u0131 \u00e7izen <strong>Emrullah Eruslu\u00a0<\/strong>\u015funlar\u0131 s\u00f6yledi: \u201cBu fark\u0131n sebebi \u00fclkemizdeki mevzuat\u0131n geli\u015fmi\u015f \u00fclkelerin \u00e7ok gerisinde kalmas\u0131. T\u00fcm geli\u015fmi\u015f \u00fclkeler binalardaki enerji t\u00fcketimlerini azaltmak i\u00e7in mevzuatlar\u0131n\u0131 s\u00fcrekli iyile\u015ftirirken biz 2008 y\u0131l\u0131nda tak\u0131l\u0131p kald\u0131k. Aram\u0131zdaki bu fark\u0131n kapat\u0131lmas\u0131 ve 2008 y\u0131l\u0131ndan beri iyile\u015ftirmedi\u011fimiz mevzuatlar\u0131m\u0131z\u0131n geli\u015fmi\u015f \u00fclkelerin seviyesine getirilmesi i\u00e7in esasl\u0131 ve cesur ad\u0131mlar\u0131 atmam\u0131z gereklidir. Dernek olarak hayata ge\u00e7irdi\u011fimiz <strong>\u201cTek Yol U D\u00f6n\u00fc\u015f\u00fc\u201d<\/strong> kampanyam\u0131zla T\u00fcrkiye\u2019deki binalar\u0131n daha <strong>az enerji harcayan<\/strong> \u00e7evre dostu bir yap\u0131ya kavu\u015fmas\u0131 i\u00e7in \u00e7at\u0131, duvar ve d\u00f6\u015femelerimizdeki yal\u0131t\u0131m kal\u0131nl\u0131klar\u0131n\u0131 <strong>art\u0131rarak<\/strong> ve <strong>kaplamal\u0131 yal\u0131t\u0131m<\/strong> cam\u0131 \u00fcniteleri kullanarak <strong>U<\/strong> <strong>de\u011ferlerimizin iyile\u015ftirilmesi<\/strong> gerekti\u011fine dikkat \u00e7ektik.<\/p>\n<h3><strong>T\u00fcm vatanda\u015flar\u0131m\u0131z\u0131 daha kal\u0131n yal\u0131t\u0131m yapmaya davet ediyoruz<\/strong><\/h3>\n<p>Di\u011fer yandan her ne kadar yetersiz olsa da mevzuatlar\u0131m\u0131z\u0131n <strong>asgari \u015fartlar\u0131<\/strong> tarif etti\u011fini unutmamal\u0131y\u0131z. T\u00fcketici olarak mevzuatlar\u0131m\u0131z\u0131n daha iyisini talep edebilir ve mevcut binalar\u0131m\u0131zda mevzuatlar\u0131m\u0131z\u0131n tan\u0131mlad\u0131\u011f\u0131 asgari kal\u0131nl\u0131klardan \u00e7ok daha <strong>kal\u0131n \u0131s\u0131 yal\u0131t\u0131m<\/strong> yapabiliriz.<\/p>\n<h3><strong>Yal\u0131t\u0131m kal\u0131nl\u0131\u011f\u0131n\u0131n artmas\u0131n\u0131n in\u015faat maliyetine etkisi olduk\u00e7a az\u00a0<\/strong><\/h3>\n<p>Yal\u0131t\u0131m kal\u0131nl\u0131klar\u0131n\u0131n, enerji verimlili\u011fine etkisi \u00e7ok fazla olsa da <strong>kal\u0131nl\u0131k art\u0131\u015f\u0131n\u0131n uygulama maliyetine<\/strong> olan etkisi olduk\u00e7a azd\u0131r. Yal\u0131t\u0131m kal\u0131nl\u0131\u011f\u0131 artt\u0131k\u00e7a sa\u011flanacak enerji verimlili\u011fi ayn\u0131 oranda artar. Buna kar\u015f\u0131l\u0131k kal\u0131nl\u0131k art\u0131\u015f\u0131n\u0131n in\u015faat maliyetine etkisi olduk\u00e7a azd\u0131r. Yal\u0131t\u0131m kal\u0131nl\u0131\u011f\u0131n\u0131 2 kat\u0131na \u00e7\u0131kard\u0131\u011f\u0131m\u0131zda toplam maliyet ikiye katlanmaz ama bu sayede \u0131s\u0131tma ve so\u011futmada tasarruf potansiyeli iki kat olur. Is\u0131 yal\u0131t\u0131m\u0131 uygulamalar\u0131 hem ilk yat\u0131r\u0131m hem i\u015fletme maliyetlerini d\u00fc\u015f\u00fcrerek<strong> kendini k\u0131sa s\u00fcrede geri \u00f6der<\/strong>, bina \u00f6mr\u00fc boyunca <strong>tasarruf sa\u011flamaya<\/strong> devam eder.<\/p>\n<p>Genel olarak uygulamalarda yal\u0131t\u0131m malzemesinin maliyetinin d\u0131\u015f\u0131nda, yal\u0131t\u0131m kal\u0131nl\u0131\u011f\u0131ndan ba\u011f\u0131ms\u0131z olarak; <strong>iskele kurulumu, elektrik, su<\/strong> gibi alt <strong>yap\u0131 maliyetleri, yap\u0131\u015ft\u0131r\u0131c\u0131, s\u0131va, d\u00fcbel, file<\/strong> vb <strong>yard\u0131mc\u0131 malzeme maliyetleri, boya, d\u0131\u015f cephe kaplamas\u0131<\/strong> gibi tamamlay\u0131c\u0131 malzeme maliyetleri ve i\u015f\u00e7ilik maliyetleri olu\u015fur. T\u00fcm bu maliyetlerin i\u00e7erisinde <strong>yal\u0131t\u0131m malzemesinin kal\u0131nl\u0131\u011f\u0131n\u0131n<\/strong> artt\u0131r\u0131lmas\u0131ndan olu\u015facak ilave maliyeti uygulamadan uygulamaya de\u011fi\u015fmekle birlikte olduk\u00e7a d\u00fc\u015f\u00fckt\u00fcr. Yani <strong>iskeleyi kurdurmu\u015f, i\u015f\u00e7iyi iskeleye \u00e7\u0131karm\u0131\u015f, yap\u0131\u015ft\u0131r\u0131c\u0131, s\u0131va, boya<\/strong> gibi malzemeleri alm\u0131\u015fken <strong>enerji verimlili\u011fini<\/strong> sa\u011flayacak <strong>yal\u0131t\u0131m levhas\u0131n\u0131<\/strong> m\u00fcmk\u00fcn oldu\u011funca kal\u0131n kullanmal\u0131y\u0131z.\u00a0Art\u0131k bizim de Antalya ve \u0130zmir gibi s\u0131cak iklim b\u00f6lgelerinde <strong>6-8cm<\/strong>, \u0130stanbul gibi \u0131l\u0131man iklime sahip b\u00f6lgelerde <strong>9-10cm<\/strong>, Ankara gibi so\u011fuk olan yerlerde <strong>10-12cm<\/strong> ve Erzurum gibi \u00e7ok so\u011fuk olan yerlerde <strong>14-15cm<\/strong> kal\u0131nl\u0131klarda yal\u0131t\u0131m yapmam\u0131z gerekiyor.\u00a0Benzer durum pencereler i\u00e7in de ge\u00e7erli. Pencerelerde kaplamas\u0131z <strong>klasik camlar<\/strong> yerine <strong>\u0131s\u0131 ve\/veya g\u00fcne\u015f kontrol kaplamal\u0131<\/strong> yal\u0131t\u0131m camlar\u0131n\u0131 kullanmal\u0131y\u0131z. Bu noktada t\u00fcm vatanda\u015flar\u0131m\u0131z\u0131 mevzuat\u0131n \u00f6tesine ge\u00e7meye ve daha kal\u0131n yal\u0131t\u0131m yapmaya davet ediyoruz.\u201d<\/p>","protected":false},"excerpt":{"rendered":"<p>Sorry, this entry is only available in Turkish. For the sake of viewer convenience, the content is shown below in the alternative language. You may click the link to switch the active language. Is\u0131 Su Ses ve Yang\u0131n Yal\u0131t\u0131mc\u0131lar\u0131 Derne\u011fi (\u0130ZODER) Y\u00f6netim Kurulu Ba\u015fkan\u0131 Emrullah Eruslu taraf\u0131ndan Rusya &#8211; Ukrayna sava\u015f\u0131n\u0131n enerji verimlili\u011finin d\u00fcnyadaki kritik [&hellip;]<\/p>\n","protected":false},"author":1,"featured_media":156226,"comment_status":"open","ping_status":"open","sticky":false,"template":"","format":"standard","meta":[],"categories":[53,52],"tags":[103,675,380,102597,43365,41077,11887,38378],"views":290,"_links":{"self":[{"href":"https:\/\/www.enerjigazetesi.ist\/en\/wp-json\/wp\/v2\/posts\/156219"}],"collection":[{"href":"https:\/\/www.enerjigazetesi.ist\/en\/wp-json\/wp\/v2\/posts"}],"about":[{"href":"https:\/\/www.enerjigazetesi.ist\/en\/wp-json\/wp\/v2\/types\/post"}],"author":[{"embeddable":true,"href":"https:\/\/www.enerjigazetesi.ist\/en\/wp-json\/wp\/v2\/users\/1"}],"replies":[{"embeddable":true,"href":"https:\/\/www.enerjigazetesi.ist\/en\/wp-json\/wp\/v2\/comments?post=156219"}],"version-history":[{"count":0,"href":"https:\/\/www.enerjigazetesi.ist\/en\/wp-json\/wp\/v2\/posts\/156219\/revisions"}],"wp:featuredmedia":[{"embeddable":true,"href":"https:\/\/www.enerjigazetesi.ist\/en\/wp-json\/wp\/v2\/media\/156226"}],"wp:attachment":[{"href":"https:\/\/www.enerjigazetesi.ist\/en\/wp-json\/wp\/v2\/media?parent=156219"}],"wp:term":[{"taxonomy":"category","embeddable":true,"href":"https:\/\/www.enerjigazetesi.ist\/en\/wp-json\/wp\/v2\/categories?post=156219"},{"taxonomy":"post_tag","embeddable":true,"href":"https:\/\/www.enerjigazetesi.ist\/en\/wp-json\/wp\/v2\/tags?post=156219"}],"curies":[{"name":"wp","href":"https:\/\/api.w.org\/{rel}","templated":true}]}}