{"id":156204,"date":"2022-05-25T12:36:53","date_gmt":"2022-05-25T09:36:53","guid":{"rendered":"https:\/\/www.enerjigazetesi.ist\/?p=156204"},"modified":"2022-05-25T12:36:53","modified_gmt":"2022-05-25T09:36:53","slug":"hidrojen-atagiyla-iklim-notr-fabrikalar-ve-sifir-karbon-trafigi-icin-teknoloji","status":"publish","type":"post","link":"https:\/\/www.enerjigazetesi.ist\/en\/hidrojen-atagiyla-iklim-notr-fabrikalar-ve-sifir-karbon-trafigi-icin-teknoloji\/","title":{"rendered":"(Turkish) Hidrojen Ata\u011f\u0131yla \u0130klim N\u00f6tr Fabrikalar ve S\u0131f\u0131r Karbon Trafi\u011fi \u0130\u00e7in Teknoloji"},"content":{"rendered":"<p class=\"qtranxs-available-languages-message qtranxs-available-languages-message-en\">Sorry, this entry is only available in <a href=\"https:\/\/www.enerjigazetesi.ist\/tr\/wp-json\/wp\/v2\/posts\/156204\" class=\"qtranxs-available-language-link qtranxs-available-language-link-tr\" title=\"Turkish\">Turkish<\/a>. For the sake of viewer convenience, the content is shown below in the alternative language. You may click the link to switch the active language.<\/p><p><\/p>\n<h2>Bosch, hidrojen ekonomisi kurma giri\u015fiminde h\u0131z kazan\u0131yor: Bosch\u2019un end\u00fcstriyel teknolojiden sorumlu y\u00f6netim kurulu \u00fcyesi ve \u015firketin \u00fcretim teknolojisi ba\u015fkan\u0131 olan Rolf Najork, \u201c\u0130klim n\u00f6tr bir gelece\u011fe giden yolda, enerji yo\u011fun end\u00fcstrilerin yenilenebilir kaynaklara ge\u00e7mesini m\u00fcmk\u00fcn k\u0131lmal\u0131y\u0131z. Hidrojen, arz g\u00fcvenli\u011finde kilit bir unsur olacak.\u201d ifadelerini kulland\u0131.<\/h2>\n<p>Bosch, hidrojen kullan\u0131m\u0131 i\u00e7in ihtiya\u00e7 duyulan teknolojiyi \u00e7e\u015fitli sekt\u00f6rlerde sunabilir. \u015eirket, mobil ve <img loading=\"lazy\" class=\"alignright wp-image-156206\" src=\"https:\/\/www.enerjigazetesi.ist\/wp-content\/uploads\/2022\/05\/hidrojen-atagiyla-iklim-notr-fabrikalar-ve-sifir-karbon-trafigi-icin-teknoloji.jpg\" alt=\"\" width=\"320\" height=\"190\" srcset=\"https:\/\/www.enerjigazetesi.ist\/wp-content\/uploads\/2022\/05\/hidrojen-atagiyla-iklim-notr-fabrikalar-ve-sifir-karbon-trafigi-icin-teknoloji.jpg 641w, https:\/\/www.enerjigazetesi.ist\/wp-content\/uploads\/2022\/05\/hidrojen-atagiyla-iklim-notr-fabrikalar-ve-sifir-karbon-trafigi-icin-teknoloji-300x178.jpg 300w, https:\/\/www.enerjigazetesi.ist\/wp-content\/uploads\/2022\/05\/hidrojen-atagiyla-iklim-notr-fabrikalar-ve-sifir-karbon-trafigi-icin-teknoloji-500x296.jpg 500w, https:\/\/www.enerjigazetesi.ist\/wp-content\/uploads\/2022\/05\/hidrojen-atagiyla-iklim-notr-fabrikalar-ve-sifir-karbon-trafigi-icin-teknoloji-80x47.jpg 80w\" sizes=\"(max-width: 320px) 100vw, 320px\" \/>sabit uygulamalar i\u00e7in yak\u0131t pilleri geli\u015ftiriyor, hidrojen dolum istasyonlar\u0131n\u0131 kompres\u00f6rlerle donat\u0131yor ve kendi tesislerinde hidrojen \u00fcretiyor. Ayr\u0131ca Bosch, elektroliz\u00f6r bile\u015fenleri i\u015fine de giriyor. Najork konuyla ilgili \u015funlar\u0131 s\u00f6yledi: \u201cHidrojen bazl\u0131 teknolojileri laboratuvardan end\u00fcstriyel uygulamalara, yollara ve fabrikalara ta\u015f\u0131yoruz.\u201d Bosch, yeni kurulan bir proje birimi arac\u0131l\u0131\u011f\u0131yla hidrojen uzmanl\u0131\u011f\u0131n\u0131 di\u011fer \u015firketlerin kullan\u0131m\u0131na sunuyor. Bosch, hidrojenle ilgili faaliyetlerini 30 May\u0131s \u2013 2 Haziran tarihleri aras\u0131nda Hannover Messe&#8217;de sergileyecek.<\/p>\n<h3><strong>Karbon n\u00f6tr \u00fcretim: Homburg&#8217;da ilk hidrojen d\u00f6ng\u00fcs\u00fc<\/strong><\/h3>\n<p>Almanya&#8217;daki<strong> End\u00fcstri 4.0<\/strong> alan\u0131nda lider tesisi Homburg\u2019da Bosch, gelece\u011fin fabrikas\u0131nda bir hidrojen d\u00f6ng\u00fcs\u00fcn\u00fcn nas\u0131l g\u00f6r\u00fcnebilece\u011fini g\u00f6steriyor. <strong>Yenilenebilir enerji<\/strong> kullanan bir <strong>elektroliz\u00f6r,\u00a0ye\u015fil hidrojen<\/strong> \u00fcretiyor.\u00a0Bu hidrojen daha sonra <strong>Bosch teknolojisi<\/strong>nin halihaz\u0131rda s\u0131k\u0131\u015ft\u0131rd\u0131\u011f\u0131 <strong>hidrojenle yak\u0131t ikmali<\/strong> yapan<strong> yak\u0131t h\u00fccreli ara\u00e7larla<\/strong> birlikte \u00fcretim operasyonlar\u0131 ve mobilite i\u00e7in kullan\u0131l\u0131yor. End\u00fcstriyel s\u00fcre\u00e7ler i\u00e7in Bosch taraf\u0131ndan geli\u015ftirilen sabit bir yak\u0131t h\u00fccresi, <strong>hidrojeni \u0131s\u0131ya<\/strong> ve <strong>elektri\u011fe<\/strong> d\u00f6n\u00fc\u015ft\u00fcr\u00fcyor.\u00a0Santraldeki enerji ak\u0131\u015flar\u0131, <strong>Bosch End\u00fcstri 4.0 yaz\u0131l\u0131m\u0131<\/strong> ile talep do\u011frultusunda kontrol ediliyor. Enerji Platformu halihaz\u0131rda \u015firketin 120&#8217;den fazla tesisinde kullan\u0131l\u0131yor. \u00dcretim operasyonlar\u0131, Bosch&#8217;un k\u00fcresel enerji t\u00fcketiminin yakla\u015f\u0131k <strong>% 90<\/strong>&#8216;\u0131n\u0131 olu\u015fturuyor. Bu, \u015firkete bir avantaj sa\u011fl\u0131yor: Najork, <em>\u201cKarbon ayak izimizi s\u00fcrekli iyile\u015ftiriyoruz. <strong>End\u00fcstri 4.0<\/strong> alan\u0131nda lider fabrikam\u0131z Homburg, k\u00fcresel \u00fcretim a\u011f\u0131m\u0131zda \u00f6nc\u00fc bir rol oynamaktad\u0131r. <strong>Yerel enerji t\u00fcketimimizi<\/strong> sistematik olarak azalt\u0131yoruz ve bu enerjinin m\u00fcmk\u00fcn oldu\u011funca \u00e7o\u011funu <strong>yenilenebilir kaynaklardan<\/strong> \u00fcretiyoruz. Her iki de\u011fi\u015fkende de ince ayar yapmam\u0131z gerekiyor.\u201d<\/em> ifadelerini kulland\u0131.<\/p>\n<h3><strong>Hidrojen dolum istasyonlar<\/strong><strong>\u0131<\/strong><strong>: Bosch, Maximator Hydrogen ile ortak olacak<\/strong><\/h3>\n<p><strong>Bosch Rexroth<\/strong> ve <strong>Maximator Hydrogen<\/strong> taraf\u0131ndan <strong>dolum istasyonlar\u0131, depolama tanklar\u0131<\/strong> ve <strong>boru hatlar\u0131<\/strong> i\u00e7in <strong>hidrojeni s\u0131k\u0131\u015ft\u0131rmak<\/strong> \u00fczere geli\u015ftirilen bir \u00e7\u00f6z\u00fcm Homburg tesisinde denenecek. 2030 y\u0131l\u0131na kadar Bosch Rexroth ve Maximator Hydrogen, bu teknolojiyi<strong> 4.000<\/strong> hidrojen dolum istasyonuna sunmak istiyor. B\u00f6ylece d\u00fcnya genelinde her 3 hidrojen dolum istasyonundan biri Bosch bile\u015fenleriyle donat\u0131lacak. Najork, <em>\u201cEnd\u00fcstri, iklim a\u00e7\u0131s\u0131ndan n\u00f6tr bir gelece\u011fin yolunu a\u00e7\u0131yor. Bosch end\u00fcstriyel teknolojisi, ekonominin ve toplumun sekt\u00f6rler aras\u0131, ekolojik d\u00f6n\u00fc\u015f\u00fcm\u00fc i\u00e7in \u00f6nemli bile\u015fenler sa\u011flayacak.\u201d<\/em> \u015feklinde konu\u015ftu. Hidrojen kompres\u00f6rleri i\u00e7in Bosch Rexroth, elektrohidrolik tahrikler, g\u00fc\u00e7 elektroni\u011fi ve otomatik conta de\u011fi\u015fiklikleri ile az bak\u0131m gerektiren, \u00f6l\u00e7eklenebilir sistem \u00e7\u00f6z\u00fcmleri sunuyor. \u015eirketin portf\u00f6y\u00fcnde \u015fu anda<strong> 75<\/strong> ila <strong>250 kilovat<\/strong> aras\u0131 <strong>tahrik \u00fcniteleri<\/strong> bulunuyor. Bu, dolum istasyonu operat\u00f6rlerine <strong>hidrojen teknolojisine<\/strong> girerken d\u00fc\u015f\u00fck maliyetli bir se\u00e7enek ve \u00e7\u00f6z\u00fcmleri ihtiya\u00e7lar\u0131na g\u00f6re uyarlama \u015fans\u0131 sa\u011fl\u0131yor. Piyasada bulunan alternatiflerle kar\u015f\u0131la\u015ft\u0131r\u0131ld\u0131\u011f\u0131nda yeni, konteyner bazl\u0131<strong> kompres\u00f6rler<\/strong>, operat\u00f6rlerin toplam sahip olma maliyetlerini yar\u0131 yar\u0131ya azaltabiliyor. B\u00f6ylece <strong>Bosch<\/strong> ve <strong>Maximator Hydrogen<\/strong>,<em> binek ara\u00e7larda, ticari ara\u00e7larda, otob\u00fcslerde ve trenlerde ye\u015fil hidrojen kullan\u0131m\u0131n\u0131n<\/em> ekonomik hale getirilmesine \u00f6nemli \u00f6l\u00e7\u00fcde yard\u0131mc\u0131 oluyor.<\/p>\n<h3><strong>Da<\/strong><strong>\u011f\u0131<\/strong><strong>t<\/strong><strong>\u0131<\/strong><strong>lm<\/strong><strong>\u0131\u015f<\/strong><strong> g\u00fc\u00e7 \u00fcretimi: arz g\u00fcvenli<\/strong><strong>\u011f<\/strong><strong>i i\u00e7in yak<\/strong><strong>\u0131<\/strong><strong>t h\u00fccreleri<\/strong><\/h3>\n<p>Enerji talebi b\u00fcy\u00fcyor. Buradaki zorluklardan biri, <strong>yenilenebilir enerjinin de\u011fi\u015fken<\/strong> mevcudiyetidir. Sabit kat\u0131 oksit yak\u0131t h\u00fccrelerinin yard\u0131mc\u0131 olabilece\u011fi nokta i\u015fte bu aland\u0131r. Da\u011f\u0131t\u0131lm\u0131\u015f mikro enerji santralleri, enerjinin fiilen t\u00fcketildi\u011fi yerlerde esnek bir \u015fekilde kullan\u0131l\u0131r, bu da onlar\u0131 end\u00fcstri i\u00e7in verimli enerji \u00fcretmede ideal hale getirir. Homburg tesisinde, sekt\u00f6re ba\u011fl\u0131 bir <strong>hidrojen d\u00f6ng\u00fcs\u00fcnde<\/strong> art\u0131k bir<strong> yak\u0131t h\u00fccresi sistemi<\/strong> kullan\u0131lacak. <em><a href=\"https:\/\/www.bosch.com\/stories\/stationary-fuel-cells\/\">Telekom yan kurulu\u015fu Enerji ve Hava \u00c7\u00f6z\u00fcmlerinde (Power &amp; Air Solutions)<\/a><\/em>, bir veri merkezine g\u00fc\u00e7 sa\u011flamak i\u00e7in ilk kez Bosch yak\u0131t h\u00fccresi teknolojisi kullan\u0131l\u0131yor. \u00c7inli otomobil \u00fcreticisi Weichai ve teknoloji orta\u011f\u0131 Ceres Power ile birlikte Bosch, \u00c7in pazar\u0131nda kat\u0131 oksit yak\u0131t h\u00fccrelerini piyasaya s\u00fcrmeyi planl\u0131yor. T\u00fcm\u00fcyle, 50&#8217;den fazla sabit Bosch yak\u0131t h\u00fccresi \u015fu anda \u015firketin ve m\u00fc\u015fterilerinin lokasyonlar\u0131nda \u00e7al\u0131\u015f\u0131yor. Bu sistemlerin her biri nesnelerin interneti ile birbirine ba\u011fl\u0131d\u0131r. Yak\u0131t h\u00fccrelerinin <strong>t\u00fcm ya\u015fam d\u00f6ng\u00fcs\u00fc<\/strong> boyunca veriler buluta aktar\u0131l\u0131r. Bu, m\u00fcnferit sistemlerin ger\u00e7ek zamanl\u0131 olarak izlenmesine izin veren <strong>dijital ikizler<\/strong> sa\u011flar. Bosch, sabit yak\u0131t h\u00fccrelerinin \u00fcretimine 2024 y\u0131l\u0131nda ba\u015flamay\u0131 planl\u0131yor. \u00dcretim, Bamberg, Homburg ve Wernau olmak \u00fczere Almanya&#8217;daki \u00fc\u00e7 Bosch lokasyonunda ger\u00e7ekle\u015ftirilecek.<\/p>\n<h3><strong>Hidrojen \u00fcretimi: Bosch elektroliz\u00f6r i<\/strong><strong>\u015f<\/strong><strong>ine giriyor<\/strong><\/h3>\n<p>Bosch, gelecekte yaln\u0131zca hidrojeni s\u0131k\u0131\u015ft\u0131r\u0131p yak\u0131t h\u00fccreleri yard\u0131m\u0131yla elektri\u011fe d\u00f6n\u00fc\u015ft\u00fcren teknolojiyi sa\u011flamay\u0131 de\u011fil, ayn\u0131 zamanda hidrojen \u00fcretiminde de yer almay\u0131 planl\u0131yor. \u015eirket \u015fimdi de <a href=\"https:\/\/www.bosch-presse.de\/pressportal\/de\/en\/new-area-of-business-bosch-to-develop-components-for-hydrogen-electrolysis-240065.html\">elektroliz\u00f6rler i\u00e7in bile\u015fenler<\/a> geli\u015ftirmeye ba\u015fl\u0131yor. Bu \u00fcniteler, <strong>suyu hidrojen<\/strong> ve <strong>oksijene ay\u0131ran<\/strong> kimyasal bir reaksiyona neden olmak i\u00e7in elektrik kullan\u0131yor. <strong>Elektri<\/strong><strong>\u011f<\/strong><strong>in yenilenebilir kaynaklardan<\/strong> sa\u011flanmas\u0131 ko\u015fuluyla, nihai \u00fcr\u00fcn <strong>\u201cye\u015fil hidrojen\u201d<\/strong>dir. 2020\u2019lerin sonunda Bosch, hidrojen elektrolizinin temel bile\u015feni olan y\u0131\u011f\u0131n\u0131n toplu \u00fcretimine ve pazarlanmas\u0131na 500 milyon avroya kadar yat\u0131r\u0131m yapacak. Bu y\u0131\u011f\u0131nlar, <strong>\u00e7e\u015fitli \u00e7\u0131k\u0131\u015flar, boyutlar<\/strong> ve <strong>uygulamalar<\/strong> i\u00e7in tasarlanm\u0131\u015f ve bir <strong>bulut arac\u0131l\u0131\u011f\u0131yla<\/strong> ba\u011flanabilen ve hizmet verilebilen <strong>ak\u0131ll\u0131 mod\u00fcller olu\u015fturmak<\/strong> i\u00e7in <strong>g\u00fc\u00e7 elektroni\u011fi, sens\u00f6rler<\/strong> ve <strong>kontrol \u00fcniteleri<\/strong> ile birle\u015ftiriliyor. Bosch, ak\u0131ll\u0131 mod\u00fcllerini 2025&#8217;te piyasaya s\u00fcrmeyi planl\u0131yor ve ilk pilot tesisler gelecek y\u0131l mod\u00fcllerle donat\u0131lacak. Bosch, bu teknolojiyi geli\u015ftirirken, \u00fcretime haz\u0131r \u00fcr\u00fcnleri m\u00fcmk\u00fcn olan en k\u0131sa s\u00fcrede sunabilmesi i\u00e7in t\u00fcm de\u011fer zinciri boyunca ortakl\u0131klar kurmay\u0131 planl\u0131yor.<\/p>\n<h3><strong>Hidrojen projeleri geli<\/strong><strong>\u015f<\/strong><strong>tiriliyor: Bosch, proje birimini kuruyor<\/strong><\/h3>\n<p>Bosch, hidrojen ekonomisinin kurulmas\u0131nda \u00f6nemli bir rol oynuyor ve<strong> alternatif enerjiye ge\u00e7i\u015fi<\/strong> aktif olarak destekliyor. <strong>S\u00fcrd\u00fcr\u00fclebilir teknolojilerin<\/strong> <em>toplu \u00fcretimi<\/em> ve <em>dijitalle\u015ftirilmesinde<\/em> edindi\u011fi deneyim ve uzmanl\u0131\u011f\u0131 al\u0131p i\u015f ortaklar\u0131na ve m\u00fc\u015fterilere sunuyor. Bu ba\u011flamda Bosch, <strong>ye\u015fil hidrojen<\/strong> projelerini ba\u015flatan ve geli\u015ftiren ve \u00e7e\u015fitli payda\u015flar\u0131 bir araya getiren bir birim kurdu. Proje biriminin ilk hidrojen projelerinden biri de <strong><a href=\"https:\/\/www.wasserstoff-leitprojekte.de\/projects\/h2giga\">H2Giga<\/a><\/strong>. <em>Almanya Federal E\u011fitim ve Ara\u015ft\u0131rma Bakanl\u0131\u011f\u0131<\/em> taraf\u0131ndan finanse edilen proje<strong>, \u00fcretim, kurulum ve bak<\/strong><strong>\u0131<\/strong><strong>mdaki s\u00fcre\u00e7 ad<\/strong><strong>\u0131<\/strong><strong>mlar<\/strong><strong>\u0131<\/strong><strong>n<\/strong><strong>\u0131<\/strong><strong> sim\u00fcle eden dijital ikizler de dahil olmak \u00fczere<\/strong> <strong>g\u00fc\u00e7l\u00fc, dayan<\/strong><strong>\u0131<\/strong><strong>kl<\/strong><strong>\u0131<\/strong><strong> ve \u00f6l\u00e7eklenebilir elektroliz\u00f6rler<\/strong> tasarlamay\u0131 ama\u00e7l\u0131yor.<\/p>","protected":false},"excerpt":{"rendered":"<p>Sorry, this entry is only available in Turkish. For the sake of viewer convenience, the content is shown below in the alternative language. You may click the link to switch the active language. Bosch, hidrojen ekonomisi kurma giri\u015fiminde h\u0131z kazan\u0131yor: Bosch\u2019un end\u00fcstriyel teknolojiden sorumlu y\u00f6netim kurulu \u00fcyesi ve \u015firketin \u00fcretim teknolojisi ba\u015fkan\u0131 olan Rolf Najork, [&hellip;]<\/p>\n","protected":false},"author":1,"featured_media":156207,"comment_status":"open","ping_status":"open","sticky":false,"template":"","format":"standard","meta":[],"categories":[53],"tags":[1364,103568,103566,45064,103565,26689,64356,39902,79569,102890,103567,4232,15986,53137],"views":119,"_links":{"self":[{"href":"https:\/\/www.enerjigazetesi.ist\/en\/wp-json\/wp\/v2\/posts\/156204"}],"collection":[{"href":"https:\/\/www.enerjigazetesi.ist\/en\/wp-json\/wp\/v2\/posts"}],"about":[{"href":"https:\/\/www.enerjigazetesi.ist\/en\/wp-json\/wp\/v2\/types\/post"}],"author":[{"embeddable":true,"href":"https:\/\/www.enerjigazetesi.ist\/en\/wp-json\/wp\/v2\/users\/1"}],"replies":[{"embeddable":true,"href":"https:\/\/www.enerjigazetesi.ist\/en\/wp-json\/wp\/v2\/comments?post=156204"}],"version-history":[{"count":0,"href":"https:\/\/www.enerjigazetesi.ist\/en\/wp-json\/wp\/v2\/posts\/156204\/revisions"}],"wp:featuredmedia":[{"embeddable":true,"href":"https:\/\/www.enerjigazetesi.ist\/en\/wp-json\/wp\/v2\/media\/156207"}],"wp:attachment":[{"href":"https:\/\/www.enerjigazetesi.ist\/en\/wp-json\/wp\/v2\/media?parent=156204"}],"wp:term":[{"taxonomy":"category","embeddable":true,"href":"https:\/\/www.enerjigazetesi.ist\/en\/wp-json\/wp\/v2\/categories?post=156204"},{"taxonomy":"post_tag","embeddable":true,"href":"https:\/\/www.enerjigazetesi.ist\/en\/wp-json\/wp\/v2\/tags?post=156204"}],"curies":[{"name":"wp","href":"https:\/\/api.w.org\/{rel}","templated":true}]}}