{"id":156191,"date":"2022-05-25T11:13:57","date_gmt":"2022-05-25T08:13:57","guid":{"rendered":"https:\/\/www.enerjigazetesi.ist\/?p=156191"},"modified":"2022-05-25T11:15:26","modified_gmt":"2022-05-25T08:15:26","slug":"cocuk-atolyeleri-haziranda-arterin-arka-bahcesinde-suruyor","status":"publish","type":"post","link":"https:\/\/www.enerjigazetesi.ist\/en\/cocuk-atolyeleri-haziranda-arterin-arka-bahcesinde-suruyor\/","title":{"rendered":"(Turkish) Etkinlik: &#8216;\u00c7ocuk At\u00f6lyeleri&#8217; Haziran&#8217;da Arter&#8217;\u0131n Arka Bah\u00e7esinde S\u00fcr\u00fcyor!"},"content":{"rendered":"<p class=\"qtranxs-available-languages-message qtranxs-available-languages-message-en\">Sorry, this entry is only available in <a href=\"https:\/\/www.enerjigazetesi.ist\/tr\/wp-json\/wp\/v2\/posts\/156191\" class=\"qtranxs-available-language-link qtranxs-available-language-link-tr\" title=\"Turkish\">Turkish<\/a>. For the sake of viewer convenience, the content is shown below in the alternative language. You may click the link to switch the active language.<\/p><p><\/p>\n<h2><strong>Arter\u2019de \u00e7ocuklar\u0131n \u00e7a\u011fda\u015f sanat\u0131 ke\u015ffedip yorumlad\u0131\u011f\u0131, \u00e7e\u015fitli malzeme ve \u00fcretim ara\u00e7lar\u0131yla yarat\u0131c\u0131 s\u00fcre\u00e7leri deneyimledi\u011fi at\u00f6lyeler yaz aylar\u0131nda Arka Bah\u00e7e\u2019de, a\u00e7\u0131khavada devam ediyor. Farkl\u0131 ya\u015f gruplar\u0131ndan kat\u0131l\u0131mc\u0131lara y\u00f6nelik d\u00fczenlenen \u00e7ocuk at\u00f6lyeleri, 11 Haziran 2022\u2019de \u201cDenge Heykeli\u201d 25 Haziran 2022\u2019de ise \u201cAn\u0131 \u00d6rt\u00fcs\u00fc\u201d temas\u0131yla d\u00fczenleniyor.<\/strong><\/h2>\n<p><strong>Arter<\/strong> <strong>\u00d6\u011frenme Program\u0131<\/strong> kapsam\u0131nda <strong>farkl\u0131 ya\u015f gruplar\u0131ndan<\/strong> kat\u0131l\u0131mc\u0131lara y\u00f6nelik d\u00fczenlenen \u00e7ocuk at\u00f6lyeleri, <strong>\u00e7evrimi\u00e7i<\/strong> ve<strong> fiziksel ortamda<\/strong> ger\u00e7ekle\u015fmeye devam ediyor. <strong>Arter<\/strong>\u2019in g\u00fcncel sergilerinden hareketle \u015fekillenen at\u00f6lyeler, her \u00e7ocu\u011fun kendi bak\u0131\u015f a\u00e7\u0131s\u0131n\u0131 payla\u015fmas\u0131na \u00f6zen <img loading=\"lazy\" class=\"alignright wp-image-156193\" src=\"https:\/\/www.enerjigazetesi.ist\/wp-content\/uploads\/2022\/05\/cocuk-atolyeleri-haziranda-arterin-arka-bahcesinde-suruyor.jpg\" alt=\"\" width=\"320\" height=\"152\" srcset=\"https:\/\/www.enerjigazetesi.ist\/wp-content\/uploads\/2022\/05\/cocuk-atolyeleri-haziranda-arterin-arka-bahcesinde-suruyor.jpg 354w, https:\/\/www.enerjigazetesi.ist\/wp-content\/uploads\/2022\/05\/cocuk-atolyeleri-haziranda-arterin-arka-bahcesinde-suruyor-300x142.jpg 300w, https:\/\/www.enerjigazetesi.ist\/wp-content\/uploads\/2022\/05\/cocuk-atolyeleri-haziranda-arterin-arka-bahcesinde-suruyor-80x38.jpg 80w\" sizes=\"(max-width: 320px) 100vw, 320px\" \/>g\u00f6steriyor.<\/p>\n<p>Bir heykel nas\u0131l dengede durur?<strong> 7\u201311 ya\u015f aral\u0131\u011f\u0131ndaki<\/strong> \u00e7ocuklara y\u00f6nelik <strong>\u201cDenge Heykeli\u201d <\/strong>ba\u015fl\u0131kl\u0131 at\u00f6lye, <strong>11 Haziran Cumartesi <\/strong>g\u00fcn\u00fc saat <strong>11:00<\/strong>\u2019de <strong>Arka Bah\u00e7e<\/strong>\u2019de ger\u00e7ekle\u015fecek. <strong>\u201cDenge Heykeli\u201d <\/strong>at\u00f6lyesi, kat\u0131l\u0131mc\u0131lar\u0131n\u0131 <strong>Arter<\/strong>\u2019in g\u00fcncel sergilerinde yer alan yap\u0131tlar arac\u0131l\u0131\u011f\u0131yla sanatta<strong> fiziksel<\/strong> ve <strong>g\u00f6rsel dengeyi<\/strong> olu\u015fturan unsurlar \u00fczerine d\u00fc\u015f\u00fcnmeye \u00e7a\u011f\u0131r\u0131yor. \u00dc\u00e7 boyutlu sanatsal formlar\u0131n denge kavram\u0131ndan hareketle yorumlanaca\u011f\u0131 at\u00f6lye \u00e7al\u0131\u015fmas\u0131nda, \u00e7ocuklar<strong> g\u00fcndelik malzemeleri kullanarak<\/strong> kinetik heykeller \u00fcretecekler.<\/p>\n<p><strong>\u201cAn\u0131 \u00d6rt\u00fcs\u00fc\u201d<\/strong> ba\u015fl\u0131kl\u0131 at\u00f6lye ise <strong>25 Haziran 2022 Cumartesi <\/strong>g\u00fcn\u00fc <strong>11:00<\/strong>\u2019de m\u00fcze e\u011fitimcileri <strong>Asl\u0131 Ersoy<\/strong> ve <strong>Elif \u00dcng\u00f6r<\/strong>\u2019\u00fcn kurdu\u011fu <strong>at\u00f6lyepikolo<\/strong> taraf\u0131ndan<strong> Arka Bah\u00e7e<\/strong>\u2019de ger\u00e7ekle\u015ftirilecek. <strong>Arter<\/strong>\u2019de devam eden <strong><em>OyunBu<\/em><\/strong> ba\u015fl\u0131kl\u0131 grup sergisinden esinlenen at\u00f6lye, <strong>04\u201306 yas\u0327<\/strong> aral\u0131g\u0306\u0131ndaki kat\u0131l\u0131mc\u0131lar\u0131 sergide yer alan yap\u0131tlar arac\u0131l\u0131g\u0306\u0131yla c\u0327ocukluk, oyun ve an\u0131 kavramlar\u0131 u\u0308zerine d\u00fc\u015f\u00fcnmeye \u00e7a\u011f\u0131r\u0131yor. Sanat\u00e7\u0131 <strong>Handan B\u00f6r\u00fcte\u00e7ene<\/strong>\u2019nin sergide yer alan <strong><em>Annemin G\u00f6sterisi <\/em>(2002)<\/strong> isimli yap\u0131t\u0131ndan yola \u00e7\u0131kan at\u00f6lyede<strong> \u00e7ocuklar, yeti\u015fkin e\u015flik\u00e7ilerinin<\/strong> yard\u0131m\u0131yla <strong>mono bask\u0131 tekni\u011fini<\/strong> deneyimleyecek ve<strong> beyaz kuma\u015f par\u00e7alar\u0131n\u0131<\/strong> an\u0131lar\u0131yla renklendirecekler.<\/p>\n<p>Kat\u0131l\u0131m\u0131n kontenjanla s\u0131n\u0131rl\u0131 oldu\u011fu at\u00f6lyelerin biletleri<strong> Arter<\/strong>\u2019den temin edilebilir; <strong>0212 708 58 01 <\/strong>numaral\u0131 telefondan veya <a href=\"mailto:biletler@arter.org.tr\" target=\"_blank\" rel=\"nofollow noopener\">biletler@arter.org.tr<\/a> adresi \u00fczerinden rezervasyon yapt\u0131r\u0131labilir. At\u00f6lyeye kat\u0131lan \u00e7ocuklar\u0131n birer yeti\u015fkin e\u015flik\u00e7isi ise, etkinlik g\u00fcn\u00fcnde <strong>Arter<\/strong> sergilerini \u00fccretsiz ziyaret edebilir; 13:00 ve 15:00&#8217;te d\u00fczenlenen rehberli turlar i\u00e7in giri\u015f kat\u0131ndaki gi\u015feden bilet sat\u0131n alabilir.<\/p>\n<p><strong>Arter<\/strong> <span style=\"text-decoration: underline;\">Pazartesi hari\u00e7<\/span> her g\u00fcn a\u00e7\u0131k. <em>Kurumsal Sponsor<\/em> <strong>T\u00fcpra\u015f<\/strong>\u2019\u0131n de\u011ferli deste\u011fiyle, t\u00fcm sergilere giri\u015f 24 ya\u015f alt\u0131 izleyiciler i\u00e7in her g\u00fcn; Per\u015fembe g\u00fcnleri ise her ya\u015ftan izleyici i\u00e7in \u00fccretsiz. <strong>Arter Beraber<\/strong> \u00fcyeleri ise sergileri y\u0131l boyunca <strong>\u00fccretsiz ziyaret<\/strong> etmenin yan\u0131 s\u0131ra farkl\u0131 ayr\u0131cal\u0131klardan faydalan\u0131yor. <strong>Arter<\/strong> binas\u0131n\u0131n <strong>K\u00fct\u00fcphane<\/strong>, <strong>Kitabevi<\/strong>, <strong>Bistro by Divan<\/strong>, arka bahc\u0327e alanlar\u0131na ve Galeri 0\u2019da yer alan sergiye giri\u015f i\u00e7in bilet gerekmiyor. Ula\u015f\u0131m Sponsorlar\u0131 Ford Otosan ve Otokar\u2019\u0131n deste\u011fi sayesinde Taksim\u2019den ve Tepeba\u015f\u0131\u2019ndan \u00fccretsiz servis ara\u00e7lar\u0131yla <strong>Arter<\/strong>\u2019e ula\u015f\u0131labiliyor.<\/p>\n<p><strong>Arter<\/strong>\u2019in g\u00fcncel programlar\u0131na y\u00f6nelik detayl\u0131 bilgiye <a href=\"http:\/\/www.arter.org.tr\/\" target=\"_blank\" rel=\"noopener\">www.arter.org.tr<\/a> adresinden eri\u015febilmek m\u00fcmk\u00fcn.<\/p>\n<p><em><strong>S\u0131n\u0131rl\u0131 say\u0131da kat\u0131l\u0131mc\u0131 ve gerekli sa\u011fl\u0131k \u00f6nlemleriyle ger\u00e7ekle\u015fecek at\u00f6lyelerin biletleri Arter\u2019den temin edilebilir; 0212 708 58 01 numaral\u0131 telefondan veya <a href=\"mailto:biletler@arter.org.tr\">biletler@arter.org.tr<\/a> adresi \u00fczerinden rezervasyon yapt\u0131rabilmek m\u00fcmk\u00fcn.<\/strong><\/em><\/p>","protected":false},"excerpt":{"rendered":"<p>Sorry, this entry is only available in Turkish. For the sake of viewer convenience, the content is shown below in the alternative language. You may click the link to switch the active language. Arter\u2019de \u00e7ocuklar\u0131n \u00e7a\u011fda\u015f sanat\u0131 ke\u015ffedip yorumlad\u0131\u011f\u0131, \u00e7e\u015fitli malzeme ve \u00fcretim ara\u00e7lar\u0131yla yarat\u0131c\u0131 s\u00fcre\u00e7leri deneyimledi\u011fi at\u00f6lyeler yaz aylar\u0131nda Arka Bah\u00e7e\u2019de, a\u00e7\u0131khavada devam ediyor. [&hellip;]<\/p>\n","protected":false},"author":1,"featured_media":156194,"comment_status":"open","ping_status":"open","sticky":false,"template":"","format":"standard","meta":[],"categories":[53],"tags":[103559,72074,95483,103558,75930,94446,94077,71735],"views":85,"_links":{"self":[{"href":"https:\/\/www.enerjigazetesi.ist\/en\/wp-json\/wp\/v2\/posts\/156191"}],"collection":[{"href":"https:\/\/www.enerjigazetesi.ist\/en\/wp-json\/wp\/v2\/posts"}],"about":[{"href":"https:\/\/www.enerjigazetesi.ist\/en\/wp-json\/wp\/v2\/types\/post"}],"author":[{"embeddable":true,"href":"https:\/\/www.enerjigazetesi.ist\/en\/wp-json\/wp\/v2\/users\/1"}],"replies":[{"embeddable":true,"href":"https:\/\/www.enerjigazetesi.ist\/en\/wp-json\/wp\/v2\/comments?post=156191"}],"version-history":[{"count":0,"href":"https:\/\/www.enerjigazetesi.ist\/en\/wp-json\/wp\/v2\/posts\/156191\/revisions"}],"wp:featuredmedia":[{"embeddable":true,"href":"https:\/\/www.enerjigazetesi.ist\/en\/wp-json\/wp\/v2\/media\/156194"}],"wp:attachment":[{"href":"https:\/\/www.enerjigazetesi.ist\/en\/wp-json\/wp\/v2\/media?parent=156191"}],"wp:term":[{"taxonomy":"category","embeddable":true,"href":"https:\/\/www.enerjigazetesi.ist\/en\/wp-json\/wp\/v2\/categories?post=156191"},{"taxonomy":"post_tag","embeddable":true,"href":"https:\/\/www.enerjigazetesi.ist\/en\/wp-json\/wp\/v2\/tags?post=156191"}],"curies":[{"name":"wp","href":"https:\/\/api.w.org\/{rel}","templated":true}]}}