{"id":156150,"date":"2022-05-24T12:04:15","date_gmt":"2022-05-24T09:04:15","guid":{"rendered":"https:\/\/www.enerjigazetesi.ist\/?p=156150"},"modified":"2022-05-24T12:17:27","modified_gmt":"2022-05-24T09:17:27","slug":"veri-nin-gucu-nden-faydalanmak-icin-ne-yapmamiz-lazim","status":"publish","type":"post","link":"https:\/\/www.enerjigazetesi.ist\/en\/veri-nin-gucu-nden-faydalanmak-icin-ne-yapmamiz-lazim\/","title":{"rendered":"(Turkish) Verinin G\u00fcc\u00fcnden Faydalanmak \u0130\u00e7in Ne Yapmam\u0131z Laz\u0131m?"},"content":{"rendered":"<p class=\"qtranxs-available-languages-message qtranxs-available-languages-message-en\">Sorry, this entry is only available in <a href=\"https:\/\/www.enerjigazetesi.ist\/tr\/wp-json\/wp\/v2\/posts\/156150\" class=\"qtranxs-available-language-link qtranxs-available-language-link-tr\" title=\"Turkish\">Turkish<\/a>. For the sake of viewer convenience, the content is shown below in the alternative language. You may click the link to switch the active language.<\/p><p><\/p>\n<h2>Bili\u015fim Sanayicileri Derne\u011fi (T\u00dcB\u0130SAD) taraf\u0131ndan haz\u0131rlanan \u201cT\u00fcrkiye Dijital D\u00f6n\u00fc\u015f\u00fcm Endeksi 2021 Raporu\u201d, 2020 y\u0131l\u0131nda 3,03 olarak \u00f6l\u00e7\u00fclen T\u00fcrkiye&#8217;nin dijitalle\u015fme endeksinin 2021&#8217;de 3,24&#8217;e y\u00fckseldi\u011fini ortaya koyuyor. Bu rakamlar, 2020-2021 aras\u0131 endeks de\u011ferinde % 5&#8217;lik bir iyile\u015fme oldu\u011funu g\u00f6steriyor.<\/h2>\n<p><strong>Dijitalle\u015fme, dijital teknolojilerden<\/strong> ve <strong>dijitalle\u015ftirilmi\u015f verilerin<\/strong> kapsaml\u0131 kullan\u0131m\u0131ndan yararlanarak <strong>i\u015f operasyonlar\u0131n\u0131 iyile\u015ftirme<\/strong> anlam\u0131na geliyor. Bu nedenle <strong>veri, dijital d\u00f6n\u00fc\u015f\u00fcm\u00fcn<\/strong> tam merkezinde yer al\u0131yor. \u00d6te yandan <strong>IDC,<\/strong> d\u00fcnya \u00e7ap\u0131ndaki veri hacminin yeni geli\u015fen teknolojilere yap\u0131lan yat\u0131r\u0131mlarla <strong>2025 y\u0131l\u0131na<\/strong> kadar <strong>175 zettabayta<\/strong> ula\u015faca\u011f\u0131n\u0131 tahmin ediyor.<\/p>\n<p><img loading=\"lazy\" class=\"alignright wp-image-156154\" src=\"https:\/\/www.enerjigazetesi.ist\/wp-content\/uploads\/2022\/05\/veri-nin-gucu-nden-faydalanmak-icin-ne-yapmamiz-lazim.jpg\" alt=\"\" width=\"320\" height=\"236\" srcset=\"https:\/\/www.enerjigazetesi.ist\/wp-content\/uploads\/2022\/05\/veri-nin-gucu-nden-faydalanmak-icin-ne-yapmamiz-lazim.jpg 550w, https:\/\/www.enerjigazetesi.ist\/wp-content\/uploads\/2022\/05\/veri-nin-gucu-nden-faydalanmak-icin-ne-yapmamiz-lazim-300x221.jpg 300w, https:\/\/www.enerjigazetesi.ist\/wp-content\/uploads\/2022\/05\/veri-nin-gucu-nden-faydalanmak-icin-ne-yapmamiz-lazim-500x369.jpg 500w, https:\/\/www.enerjigazetesi.ist\/wp-content\/uploads\/2022\/05\/veri-nin-gucu-nden-faydalanmak-icin-ne-yapmamiz-lazim-68x50.jpg 68w\" sizes=\"(max-width: 320px) 100vw, 320px\" \/>Konuya ili\u015fkin de\u011ferlendirmede bulunan ve <strong>dijital d\u00f6n\u00fc\u015f\u00fcm\u00fcn BT d\u00f6n\u00fc\u015f\u00fcm\u00fcyle<\/strong> ba\u015flad\u0131\u011f\u0131n\u0131 vurgulayan Dell Technologies Sat\u0131\u015f \u00d6ncesi K\u0131demli Y\u00f6neticisi <strong>Emin \u00c7al\u0131kl\u0131<\/strong>, <em>\u201cM\u00fc\u015fterilerin, sahip olunan veri ortamlar\u0131n\u0131 basitle\u015ftirmek, i\u015f y\u00fcklerini <strong>her \u00f6l\u00e7ekte optimize etmek<\/strong> ve bir kurulu\u015fun en de\u011ferli varl\u0131\u011f\u0131 olan <strong>verilerin g\u00fcvenli\u011fini sa\u011flamak<\/strong> i\u00e7in tasarlanm\u0131\u015f bir altyap\u0131yla <strong>veri merkezlerini modernize etmeleri<\/strong> gerekiyor. Ba\u015fka bir deyi\u015fle, verilerin de\u011ferini en \u00fcst d\u00fczeye \u00e7\u0131kararak rekabet g\u00fcc\u00fcn\u00fc art\u0131rmak isteyen kurulu\u015flar, <strong>i\u015f f\u0131rsatlar\u0131 yaratmak<\/strong> i\u00e7in d<strong>epolama altyap\u0131lar\u0131n\u0131 g\u00fcncellemek<\/strong> zorunda. BT odakl\u0131 her kurulu\u015fu ilgilendiren <strong>veri depolamada<\/strong> <strong>inovasyonun h\u0131z\u0131<\/strong> art\u0131yor, ancak kurulu\u015flar\u0131n \u00e7o\u011fu her ge\u00e7en g\u00fcn <strong>b\u00fcy\u00fcyen verilerle<\/strong> ve bunlar\u0131n <strong>h\u0131z\u0131yla m\u00fccadele etmeye<\/strong> devam ediyor. Verilerden<strong> en y\u00fcksek fayda<\/strong> ve <strong>de\u011fer elde etmek,<\/strong> \u00f6zellikle<strong> veri depolar\u0131 exabayt b\u00fcy\u00fckl\u00fc\u011f\u00fcne<\/strong> ula\u015fan kurulu\u015flar i\u00e7in her zamankinden daha kritik hale geliyor\u201d<\/em> ifadelerini kulland\u0131.<\/p>\n<h3><strong>\u201cDepolama, Yaz<\/strong><strong>\u0131<\/strong><strong>l<\/strong><strong>\u0131<\/strong><strong>m Tan<\/strong><strong>\u0131<\/strong><strong>ml<\/strong><strong>\u0131<\/strong><strong> olarak tasarlan<\/strong><strong>\u0131<\/strong><strong>p kullan<\/strong><strong>\u0131<\/strong><strong>lacak\u201d<\/strong><\/h3>\n<p>\u00c7al\u0131kl\u0131, veri sermayesinin ger\u00e7ek de\u011ferini ortaya \u00e7\u0131karmaya yard\u0131mc\u0131 olacak baz\u0131 kurumsal <strong>veri <\/strong><span style=\"text-decoration: underline;\"><strong>depolama uygulamalar\u0131<\/strong>na da de\u011findi:<\/span><\/p>\n<p><em>\u201cKurulu\u015flar\u0131n \u00f6ncelikle depolama donan\u0131mlar\u0131n\u0131 d\u00fczenli olarak <strong>yenilemeleri<\/strong> ve <strong>kesintiye \/ aksamaya neden olan<\/strong> ar\u0131zalardan daha fazla etkilenen eski altyap\u0131y\u0131 saf d\u0131\u015f\u0131 b\u0131rakarak <strong>artan veri taleplerinin h\u0131z\u0131na<\/strong> ayak uydurmalar\u0131 gerekiyor. Modern d<strong>epolama altyap\u0131s\u0131, veri silolar\u0131n\u0131<\/strong> ve <strong>da\u011f\u0131n\u0131k verileri y\u00f6netme<\/strong> konusunda sarf edilen \u00e7abalar\u0131 da azaltabiliyor. S\u00f6z konusu modern depolama altyap\u0131s\u0131 ayr\u0131ca, \u015firket i\u00e7i <strong>verilerin g\u00fcvenli<\/strong> ve <strong>emniyetli kalmas\u0131n\u0131<\/strong> sa\u011flamaya yard\u0131mc\u0131 olan geli\u015fmi\u015f <strong>veri koruma<\/strong> \u00f6zelliklerine de sahip. <strong>Veri \u015fifreleme<\/strong>, buna ek bir koruma katman\u0131 ekleyerek veri g\u00fcvenli\u011fini iyile\u015ftirip veri kayb\u0131 olas\u0131l\u0131\u011f\u0131n\u0131 azalt\u0131yor. 2&#8217;inci olarak, <strong>g\u00fcn\u00fcm\u00fcz<\/strong> ve <strong>2022 sonras\u0131 teknoloji<\/strong> gereksinimlerine bakt\u0131\u011f\u0131m\u0131zda net olarak g\u00f6r\u00fcyoruz ki depolama, <strong>Yaz\u0131l\u0131m Tan\u0131ml<\/strong>\u0131 olarak tasarlan\u0131p kullan\u0131lacak. Kurulu\u015flar, i\u015f a\u00e7\u0131s\u0131ndan <strong>kritik BT altyap\u0131lar\u0131n\u0131n<\/strong> h\u0131zla de\u011fi\u015fen pazar dinamiklerine etkin bir \u015fekilde yan\u0131t vermesi i\u00e7in ola\u011fan\u00fcst\u00fc bir \u00e7eviklik ve basitlik talep ettik\u00e7e, depolama ile bilgi i\u015flem aras\u0131ndaki \u00e7izgi bulan\u0131kla\u015fmaya devam edecek.\u201d<\/em><\/p>\n<h3><strong>Daha fazla esneklik aray<\/strong><strong>\u0131\u015f\u0131<\/strong><strong> mevcut<\/strong><\/h3>\n<p>\u015eirketlerin depolama konusundaki ihtiya\u00e7lar\u0131n\u0131n nas\u0131l \u015fekillendi\u011fini de aktaran \u00c7al\u0131kl\u0131, <em>\u201cM\u00fc\u015fterilerimizden baz\u0131lar\u0131,<strong> Geleneksel Depolama Alan\u0131 A\u011flar\u0131&#8217;nda (SAN&#8217;lar)<\/strong> daha fazla esneklik arad\u0131klar\u0131n\u0131 ve veri merkezli i\u015f y\u00fcklerini desteklemek ve operasyonel karma\u015f\u0131kl\u0131\u011f\u0131 azaltmak i\u00e7in depolamaya m\u00fcmk\u00fcn oldu\u011funca yak\u0131n bilgi i\u015fleme yapmak istediklerini s\u00f6yl\u00fcyor. Bunun nedeni, yaz\u0131l\u0131m tan\u0131ml\u0131 yakla\u015f\u0131mlar\u0131n, modern veri merkezlerinde kaynaklar\u0131 bir araya toplamak ve y\u00f6netmek i\u00e7in end\u00fcstri standard\u0131 donan\u0131m bile\u015fenlerini ve protokolleri yaz\u0131l\u0131mla birle\u015ftirmesi. H\u0131zla \u00f6l\u00e7eklenen depolama ve birbirinden ba\u011f\u0131ms\u0131z bilgi i\u015flem esnekli\u011fine ihtiya\u00e7 duyan veya birden fazla y\u00fcksek performansl\u0131 i\u015f y\u00fck\u00fcn\u00fc veya genel i\u015f y\u00fck\u00fcn\u00fc konsolide etmek isteyen kurulu\u015flar i\u00e7in yaz\u0131l\u0131m tan\u0131ml\u0131 altyap\u0131 (SDI), baz\u0131 i\u015f y\u00fckleri \u00f6zelinde<strong> geleneksel SAN&#8217;lara<\/strong> ve <strong>hiper b\u00fct\u00fcnle\u015fik altyap\u0131ya (HCI)<\/strong> uygun bir <strong>alternatif h\u00e2line<\/strong> geliyor\u201d<\/em> ifadelerini kulland\u0131.<\/p>\n<h3><strong>\u201c\u00c7evik ve esnek bir temel gerekli\u201d<\/strong><\/h3>\n<p>\u00c7al\u0131kl\u0131, yaz\u0131l\u0131m tan\u0131ml\u0131 bir platform se\u00e7erken dikkat edilmesi gereken kritik noktalar\u0131ysa <span style=\"text-decoration: underline;\">\u015f\u00f6yle s\u0131ralad\u0131:<\/span><\/p>\n<p><em>\u201c1&#8217;incisi <strong>esneklik<\/strong> ve <strong>\u00f6l\u00e7eklendirme<\/strong>. Bunlar, uygulama gereksinimlerini en iyi kar\u015f\u0131layan ortam\u0131 se\u00e7menize ve karma uygulama<strong> i\u015f y\u00fcklerini payla\u015f\u0131lan altyap\u0131<\/strong> \u00fczerinde konsolide etmenize olanak tan\u0131r. 2&#8217;incisi, BT operasyonlar\u0131n\u0131 ve ya\u015fam d\u00f6ng\u00fcs\u00fc y\u00f6netimini art\u0131r\u0131rken, hatalar\u0131n etkisini azaltan ve <strong>genel depolama y\u00f6netimine<\/strong> ili\u015fkin genel giderleri ortadan kald\u0131ran<strong> basitlik<\/strong> ve<strong> otomasyon<\/strong>. Bir di\u011feri, ileri performans ve kurumsal kullan\u0131labilirlik. \u00d6yle ki y\u00fcksek performansl\u0131<strong> veritabanlar\u0131, b\u00fcy\u00fck veri analiti\u011fi<\/strong> ve <strong>Yapay Zek\u00e2 (AI) \/ Makine \u00d6\u011frenimi (ML)<\/strong> i\u015f y\u00fckleri dahil olmak \u00fczere kurumsal uygulamalar i\u00e7in <strong>ileri performans<\/strong> sunar. Son olarak geni\u015f bir \u00e7\u00f6z\u00fcm ekosistemi kar\u015f\u0131m\u0131za \u00e7\u0131k\u0131yor. Bu da <strong>BT \u00e7evikli\u011fini<\/strong> daha da art\u0131rmak i\u00e7in <strong>bulut otomasyonu<\/strong> ve <strong>konteyner y\u00f6netimi ara\u00e7lar\u0131 ekosistemini<\/strong> sorunsuz bir \u015fekilde sunan, kapsaml\u0131 kurumsal i\u015f y\u00fckleri i\u00e7in optimize edilmi\u015f ve do\u011frulanm\u0131\u015f zengin <strong>bir \u00e7\u00f6z\u00fcm ekosistemi<\/strong> sa\u011flar. T\u00fcm bunlardan hareketle \u015funu s\u00f6yleyebiliriz ki, <strong>yaz\u0131l\u0131m tan\u0131ml\u0131 mimari<\/strong> sayesinde, <strong>zorlu<\/strong> ve <strong>maliyetli veri ta\u015f\u0131ma i\u015flemleri<\/strong> art\u0131k ge\u00e7mi\u015fte kald\u0131. Bu da kurulu\u015flar i\u00e7in i\u015flerin daha iyi y\u00fcr\u00fct\u00fclmesi, artan gelir f\u0131rsatlar\u0131 ve daha \u00fcretken ekipler anlam\u0131na geliyor. G\u00fcn\u00fcm\u00fcz veri \u00e7a\u011f\u0131nda, BT altyap\u0131s\u0131 i\u00e7in <strong>\u00e7evik<\/strong> ve <strong>esnek<\/strong> bir temele sahip olmak her zamankinden daha \u00f6nemli. Kurulu\u015flar, <strong>geli\u015fmi\u015f depolama altyap\u0131s\u0131<\/strong> teknolojisiyle art\u0131k<strong> yaz\u0131l\u0131m\u0131n potansiyelinden<\/strong> faydalanabiliyor ve<strong> de\u011fi\u015fimi benimserken<\/strong> i\u015fi ileriye ta\u015f\u0131yan tutarl\u0131, \u00f6ng\u00f6r\u00fclebilir <strong>BT \u00e7\u0131kt\u0131lar\u0131<\/strong> elde edebiliyor.\u201d<\/em><\/p>","protected":false},"excerpt":{"rendered":"<p>Sorry, this entry is only available in Turkish. For the sake of viewer convenience, the content is shown below in the alternative language. You may click the link to switch the active language. Bili\u015fim Sanayicileri Derne\u011fi (T\u00dcB\u0130SAD) taraf\u0131ndan haz\u0131rlanan \u201cT\u00fcrkiye Dijital D\u00f6n\u00fc\u015f\u00fcm Endeksi 2021 Raporu\u201d, 2020 y\u0131l\u0131nda 3,03 olarak \u00f6l\u00e7\u00fclen T\u00fcrkiye&#8217;nin dijitalle\u015fme endeksinin 2021&#8217;de 3,24&#8217;e [&hellip;]<\/p>\n","protected":false},"author":1,"featured_media":156154,"comment_status":"open","ping_status":"open","sticky":false,"template":"","format":"standard","meta":[],"categories":[53,157],"tags":[73525,103538,65918,103539,103540],"views":106,"_links":{"self":[{"href":"https:\/\/www.enerjigazetesi.ist\/en\/wp-json\/wp\/v2\/posts\/156150"}],"collection":[{"href":"https:\/\/www.enerjigazetesi.ist\/en\/wp-json\/wp\/v2\/posts"}],"about":[{"href":"https:\/\/www.enerjigazetesi.ist\/en\/wp-json\/wp\/v2\/types\/post"}],"author":[{"embeddable":true,"href":"https:\/\/www.enerjigazetesi.ist\/en\/wp-json\/wp\/v2\/users\/1"}],"replies":[{"embeddable":true,"href":"https:\/\/www.enerjigazetesi.ist\/en\/wp-json\/wp\/v2\/comments?post=156150"}],"version-history":[{"count":0,"href":"https:\/\/www.enerjigazetesi.ist\/en\/wp-json\/wp\/v2\/posts\/156150\/revisions"}],"wp:featuredmedia":[{"embeddable":true,"href":"https:\/\/www.enerjigazetesi.ist\/en\/wp-json\/wp\/v2\/media\/156154"}],"wp:attachment":[{"href":"https:\/\/www.enerjigazetesi.ist\/en\/wp-json\/wp\/v2\/media?parent=156150"}],"wp:term":[{"taxonomy":"category","embeddable":true,"href":"https:\/\/www.enerjigazetesi.ist\/en\/wp-json\/wp\/v2\/categories?post=156150"},{"taxonomy":"post_tag","embeddable":true,"href":"https:\/\/www.enerjigazetesi.ist\/en\/wp-json\/wp\/v2\/tags?post=156150"}],"curies":[{"name":"wp","href":"https:\/\/api.w.org\/{rel}","templated":true}]}}