{"id":156142,"date":"2022-05-24T11:28:31","date_gmt":"2022-05-24T08:28:31","guid":{"rendered":"https:\/\/www.enerjigazetesi.ist\/?p=156142"},"modified":"2022-05-24T11:32:20","modified_gmt":"2022-05-24T08:32:20","slug":"tarim-ve-gida-da-yasanan-krizleri-jeotermal-seralarla-cozmek-mumkun","status":"publish","type":"post","link":"https:\/\/www.enerjigazetesi.ist\/en\/tarim-ve-gida-da-yasanan-krizleri-jeotermal-seralarla-cozmek-mumkun\/","title":{"rendered":"(Turkish) Tar\u0131m ve G\u0131da&#8217;da Ya\u015fanan Krizleri Jeotermal Seralarla \u00c7\u00f6zmek M\u00fcmk\u00fcn"},"content":{"rendered":"<p class=\"qtranxs-available-languages-message qtranxs-available-languages-message-en\">Sorry, this entry is only available in <a href=\"https:\/\/www.enerjigazetesi.ist\/tr\/wp-json\/wp\/v2\/posts\/156142\" class=\"qtranxs-available-language-link qtranxs-available-language-link-tr\" title=\"Turkish\">Turkish<\/a>. For the sake of viewer convenience, the content is shown below in the alternative language. You may click the link to switch the active language.<\/p><p><\/p>\n<h2><strong>G\u0131da ve tar\u0131m alan\u0131nda ya\u015fan\u0131lan krizlere kar\u015f\u0131 alternatif bir \u00e7\u00f6z\u00fcm olarak kar\u015f\u0131m\u0131za \u00e7\u0131kan jeotermal serac\u0131l\u0131k alan\u0131nda \u00fclke olarak \u00e7ok b\u00fcy\u00fck bir potansiyelimiz oldu\u011funu belirten Yenilenebilir Enerji Ara\u015ft\u0131rmalar\u0131 Derne\u011fi &#8211; (YENADER) yetkilileri<u>,<\/u> jeotermal enerjinin tar\u0131m alan\u0131nda kullan\u0131lmas\u0131n\u0131n \u00fclkemize ve s\u00fcrd\u00fcr\u00fclebilir bir d\u00fcnya \u00fczerine katk\u0131lar\u0131ndan bahsetti.<\/strong><\/h2>\n<p><img loading=\"lazy\" class=\"alignright wp-image-156148\" src=\"https:\/\/www.enerjigazetesi.ist\/wp-content\/uploads\/2022\/05\/tarim-ve-gida-da-yasanan-krizleri-jeotermal-seralarla-cozmek-mumkun.jpg\" alt=\"\" width=\"320\" height=\"202\" srcset=\"https:\/\/www.enerjigazetesi.ist\/wp-content\/uploads\/2022\/05\/tarim-ve-gida-da-yasanan-krizleri-jeotermal-seralarla-cozmek-mumkun.jpg 479w, https:\/\/www.enerjigazetesi.ist\/wp-content\/uploads\/2022\/05\/tarim-ve-gida-da-yasanan-krizleri-jeotermal-seralarla-cozmek-mumkun-300x189.jpg 300w, https:\/\/www.enerjigazetesi.ist\/wp-content\/uploads\/2022\/05\/tarim-ve-gida-da-yasanan-krizleri-jeotermal-seralarla-cozmek-mumkun-80x50.jpg 80w\" sizes=\"(max-width: 320px) 100vw, 320px\" \/>D\u00fcnya n\u00fcfusunun h\u0131zla artt\u0131\u011f\u0131 g\u00fcn\u00fcm\u00fczde <strong>tar\u0131msal \u00fcretimin<\/strong> ve<strong> g\u0131dan\u0131n \u00f6nemi<\/strong> her ge\u00e7en g\u00fcn daha fazla ortaya \u00e7\u0131k\u0131yor. Ya\u015fan\u0131lan <strong>salg\u0131n hastal\u0131klar<\/strong> ve <strong>k\u00fcresel krizler<\/strong> bu durumu daha da belirgin bir hale getiriyor. Tar\u0131m sekt\u00f6r\u00fcndeki mevcut durum var olan enerji ihtiyac\u0131n\u0131 daha da art\u0131r\u0131yor. Dolay\u0131s\u0131yla <strong>yerli<\/strong> ve<strong> temiz yenilenebilir enerji<\/strong> kaynaklar\u0131n\u0131n tar\u0131m sekt\u00f6r\u00fcnde kullan\u0131m\u0131n\u0131n yayg\u0131nla\u015fmas\u0131 b\u00fcy\u00fck \u00f6nem ta\u015f\u0131yor.<\/p>\n<h3><strong>JEOTERMAL \u00d6RT\u00dc ALTI YET\u0130\u015eT\u0130R\u0130C\u0130L\u0130\u011e\u0130NDE 1&#8217;\u0130NC\u0130 SIRADAYIZ<\/strong><\/h3>\n<p><strong>Jeotermal enerji potansiyeli<\/strong> bak\u0131m\u0131ndan D\u00fcnya\u2019da \u00f6nemli bir yere sahip olan T\u00fcrkiye\u2019de jeotermal enerjinin, \u00e7ok \u00e7e\u015fitli kullan\u0131m alan\u0131na sahip oldu\u011funu belirten <strong>YENADER Dernek Ba\u015fkan Yard\u0131mc\u0131s\u0131 Ali Karaduman;<\/strong> Jeotermal enerjinin \u00e7e\u015fitli kullan\u0131m alanlar\u0131n\u0131n ba\u015f\u0131nda<strong> sera \u0131s\u0131tmas\u0131<\/strong> da yer ald\u0131\u011f\u0131n\u0131 s\u00f6yleyerek s\u00f6zlerine <span style=\"text-decoration: underline;\">\u015fu \u015fekilde devam etti:<\/span><\/p>\n<p><em>\u201cT\u00fcrkiye jeotermal enerji kaynaklar\u0131n\u0131n kullan\u0131m\u0131 a\u00e7\u0131s\u0131ndan d\u00fcnyada <strong>4\u2019\u00fcnc\u00fc<\/strong>, Avrupa da ise<strong> 1\u2019inci<\/strong> s\u0131rada yer al\u0131yor. Jeotermal \u00f6rt\u00fc alt\u0131 yeti\u015ftiricili\u011finde <strong>5.000 dekar<\/strong> \u00fczerinde alanla d\u00fcnyada birinciyiz. Ancak kullanabilece\u011fimiz potansiyelimiz \u00e7ok daha y\u00fcksek. <strong>Jeotermal tar\u0131m<\/strong> sayesinde iklim ko\u015fullar\u0131 fark etmeksizin<strong> y\u0131l\u0131n 11 ay\u0131 \u00fcretim<\/strong> yap\u0131labiliyor. <strong>G\u0131da<\/strong> ve <strong>tar\u0131m sekt\u00f6r\u00fcnde<\/strong> <strong>ya\u015fanan krizlere kar\u015f\u0131<\/strong> bu alana daha fazla yat\u0131r\u0131m yaparak \u00e7\u00f6z\u00fcm \u00fcretebilir, mevcut potansiyelimizi \u00e7ok daha geli\u015ftirebiliriz.\u201d <\/em><\/p>\n<h3><strong>\u00c7EVRE DOSTU B\u0130R KAYNAK ARAYI\u015eI<\/strong><\/h3>\n<p><strong>K\u00fcresel \u0131s\u0131nman\u0131n<\/strong> neden oldu\u011fu iklim krizine kar\u015f\u0131 jeotermal tar\u0131m\u0131n \u00f6nemli bir alternatif \u00e7\u00f6z\u00fcm oldu\u011funu vurgulayan belirten <strong>YENADER Dernek Ba\u015fkan Yard\u0131mc\u0131s\u0131 Ali Karaduman: <\/strong><em>\u201cPotansiyelimiz \u0131\u015f\u0131\u011f\u0131nda jeotermal kaynaklar ile sadece tar\u0131m ve ekonomik krizlere kar\u015f\u0131 m\u00fccadele etmekle kalmay\u0131p iklim krizine de \u00e7\u00f6z\u00fcm \u00fcretebiliriz. Tar\u0131m sekt\u00f6r\u00fcnde yo\u011fun kullan\u0131lan enerjiyi <strong>temiz, s\u00fcrd\u00fcr\u00fclebilir<\/strong> ve <strong>yenilenebilir<\/strong> bir kaynak olan<strong> jeotermal kaynaklardan<\/strong> elde ederek enerji maliyetlerini d\u00fc\u015f\u00fcrece\u011fimiz gibi karbonsuzla\u015fma hedeflerimize de ula\u015fabiliriz\u201d<\/em> dedi.<\/p>\n<h3><strong>JEOTERMAL SERALAR \u0130LE S\u00dcRD\u00dcR\u00dcLEB\u0130L\u0130R \u00dcRET\u0130M<\/strong><\/h3>\n<p>Jeotermal enerji kaynaklar\u0131n\u0131n, \u00fclkemizde elektrik \u00fcretimi,<strong> termal turizm, konut \u0131s\u0131tmas\u0131, serac\u0131l\u0131k, ya\u015f meyve-sebze kurutma ve tatl\u0131 su bal\u0131k\u00e7\u0131l\u0131\u011f\u0131<\/strong> gibi \u00e7ok farkl\u0131 alanda kullan\u0131labildi\u011finin alt\u0131n\u0131 \u00e7izen <strong>YENADER Dernek Genel Sekreteri Do\u00e7. Dr. F\u00fcsun Tut Hakl\u0131d\u0131r<\/strong> konu hakk\u0131nda <span style=\"text-decoration: underline;\">\u015fu a\u00e7\u0131klamalarda bulundu:<\/span><\/p>\n<p><em>\u201c\u00dclkemizdeki <strong>jeotermal kaynaklar\u0131n verimli kullan\u0131lmas\u0131<\/strong>, enerji ihtiyac\u0131n\u0131n kar\u015f\u0131lanmas\u0131 ve ekonomik b\u00fcy\u00fcme a\u00e7\u0131s\u0131ndan b\u00fcy\u00fck \u00f6nem ta\u015f\u0131yor. \u00dclkemizde jeotermal enerji potansiyelinin <strong>sera \u0131s\u0131tmas\u0131nda kullan\u0131m\u0131n\u0131n<\/strong> yayg\u0131nla\u015ft\u0131r\u0131lmas\u0131 ile s\u00fcrd\u00fcr\u00fclebilir \u00fcretimin art\u0131r\u0131lmas\u0131n\u0131 sa\u011flayabiliriz. \u00dcretim alanlar\u0131nda <strong>yerli<\/strong> ve <strong>temiz enerji kaynaklar\u0131n\u0131<\/strong> kullanmak <strong>verimlili\u011fi art\u0131r\u0131rken<\/strong> \u00fclkemizin kalk\u0131nmas\u0131n\u0131 h\u0131zland\u0131rarak rekabet g\u00fcc\u00fcn\u00fcn de artmas\u0131n\u0131 sa\u011flayacak.\u201d<\/em><\/p>\n<h3><strong>SERA ISITMA G\u0130DERLER\u0130N\u0130 JEOTERMAL KAYNAKLARLA D\u00dc\u015e\u00dcRMEK M\u00dcMK\u00dcN!<\/strong><\/h3>\n<p><strong>Is\u0131tma giderlerinin<\/strong> sera karl\u0131l\u0131\u011f\u0131n\u0131 etkileyen en \u00f6nemli unsurlardan biri oldu\u011funu belirten <strong>YENADER Dernek Genel Sekreteri Do\u00e7. Dr. F\u00fcsun Tut Hakl\u0131d\u0131r <\/strong>s\u00f6zlerine<span style=\"text-decoration: underline;\"> \u015fu \u015fekilde devam etti:<\/span><\/p>\n<p><em>\u201cSerac\u0131l\u0131k i\u015fletmelerinde <strong>\u0131s\u0131tma giderleri, yeti\u015ftirme mevsimi, b\u00f6lge<\/strong> ve <strong>\u00fcr\u00fcn tipine ba\u011fl\u0131<\/strong> olarak de\u011fi\u015fse de toplam maliyetin <strong>%40<\/strong> ile <strong>%80<\/strong>\u2019ini olu\u015fturuyor. Jeotermal enerjinin <strong>tar\u0131msal \u00fcretim<\/strong> alanlar\u0131nda kullan\u0131lmas\u0131, bitkinin ihtiya\u00e7 duydu\u011fu s\u0131cakl\u0131\u011f\u0131 sa\u011flaman\u0131n yan\u0131nda, <strong>a\u015f\u0131r\u0131 s\u0131cak d\u00f6nemler hari\u00e7<\/strong> \u00fcretimin kesintiye u\u011framadan y\u0131l\u0131n her d\u00f6neminde yap\u0131labilmesine imkan tan\u0131yor. Bu sebeple <strong>jeotermal kaynaklar<\/strong>, di\u011fer kullan\u0131m alanlar\u0131na ve sa\u011flad\u0131\u011f\u0131 faydalara ek olarak <strong>tar\u0131msal \u00fcretim<\/strong> a\u00e7\u0131s\u0131ndan da olduk\u00e7a \u00f6nemli bir hale geliyor.\u201d<\/em><\/p>\n<h3><strong>TOPRAKSIZ TARIM \u0130LE \u00dcR\u00dcN KAL\u0130TES\u0130 ARTIYOR<\/strong><\/h3>\n<p>D\u00fcnya n\u00fcfusunun her ge\u00e7en g\u00fcn <strong>art\u0131\u015f g\u00f6stermesi<\/strong> ve<strong> tar\u0131m alanlar\u0131n\u0131n daralmas\u0131<\/strong> sebebiyle teknolojinin bu alanlarda <strong>de\u011fi\u015fim g\u00f6sterdi\u011fini<\/strong> ve <strong>topraks\u0131z tar\u0131m teknolojilerinin<\/strong> yayg\u0131nla\u015fmaya ba\u015flad\u0131\u011f\u0131n\u0131 belirten <strong>Do\u00e7. Dr. F\u00fcsun Tut Hakl\u0131d\u0131r:<\/strong> <em>\u201cTar\u0131m teknolojileri sayesinde art\u0131k <strong>topra\u011fa ba\u011f\u0131ml\u0131 kalmadan<\/strong> gerekli \u00fcretim yap\u0131labiliyor ve yeti\u015ftirilen \u00fcr\u00fcnlerin verimlili\u011finde \u00f6nemli oranda art\u0131\u015flar sa\u011flan\u0131yor. Topraks\u0131z modern <strong>seralarda \u0131s\u0131tma<\/strong>, \u0131\u015f\u0131kland\u0131rma gibi unsurlar\u0131n yeterli oranlarda sa\u011flanmas\u0131yla y\u0131l boyu \u00fcretim yap\u0131labiliyor. Sera \u0131s\u0131tmas\u0131nda <strong>jeotermal enerjinin kullan\u0131lmas\u0131 maliyetleri<\/strong> olduk\u00e7a d\u00fc\u015f\u00fcr\u00fcyor. Ayr\u0131ca <strong>jeotermal enerjinin tar\u0131msal \u00fcretim alanlar\u0131nda<\/strong> kullan\u0131lmas\u0131, bitkinin ihtiya\u00e7 duydu\u011fu s\u0131cakl\u0131\u011f\u0131 sa\u011flama yan\u0131nda, a\u015f\u0131r\u0131 s\u0131cak d\u00f6nemler hari\u00e7 \u00fcretimin kesintiye u\u011framadan y\u0131l\u0131n her d\u00f6neminde yap\u0131labilmesine olanak sa\u011fl\u0131yor. D\u00fczenli \u0131s\u0131tma yap\u0131lan seralarda ise \u00fcr\u00fcn kalitesi olduk\u00e7a art\u0131yor\u201d<\/em> ifadelerini kullan\u0131ld\u0131.<\/p>","protected":false},"excerpt":{"rendered":"<p>Sorry, this entry is only available in Turkish. For the sake of viewer convenience, the content is shown below in the alternative language. You may click the link to switch the active language. G\u0131da ve tar\u0131m alan\u0131nda ya\u015fan\u0131lan krizlere kar\u015f\u0131 alternatif bir \u00e7\u00f6z\u00fcm olarak kar\u015f\u0131m\u0131za \u00e7\u0131kan jeotermal serac\u0131l\u0131k alan\u0131nda \u00fclke olarak \u00e7ok b\u00fcy\u00fck bir potansiyelimiz [&hellip;]<\/p>\n","protected":false},"author":19,"featured_media":156148,"comment_status":"open","ping_status":"open","sticky":false,"template":"","format":"standard","meta":[],"categories":[53,48],"tags":[102484,103537,16077,7268,49212,72650,86261,3114,45863,4033,99445,75795,75794],"views":1184,"_links":{"self":[{"href":"https:\/\/www.enerjigazetesi.ist\/en\/wp-json\/wp\/v2\/posts\/156142"}],"collection":[{"href":"https:\/\/www.enerjigazetesi.ist\/en\/wp-json\/wp\/v2\/posts"}],"about":[{"href":"https:\/\/www.enerjigazetesi.ist\/en\/wp-json\/wp\/v2\/types\/post"}],"author":[{"embeddable":true,"href":"https:\/\/www.enerjigazetesi.ist\/en\/wp-json\/wp\/v2\/users\/19"}],"replies":[{"embeddable":true,"href":"https:\/\/www.enerjigazetesi.ist\/en\/wp-json\/wp\/v2\/comments?post=156142"}],"version-history":[{"count":0,"href":"https:\/\/www.enerjigazetesi.ist\/en\/wp-json\/wp\/v2\/posts\/156142\/revisions"}],"wp:featuredmedia":[{"embeddable":true,"href":"https:\/\/www.enerjigazetesi.ist\/en\/wp-json\/wp\/v2\/media\/156148"}],"wp:attachment":[{"href":"https:\/\/www.enerjigazetesi.ist\/en\/wp-json\/wp\/v2\/media?parent=156142"}],"wp:term":[{"taxonomy":"category","embeddable":true,"href":"https:\/\/www.enerjigazetesi.ist\/en\/wp-json\/wp\/v2\/categories?post=156142"},{"taxonomy":"post_tag","embeddable":true,"href":"https:\/\/www.enerjigazetesi.ist\/en\/wp-json\/wp\/v2\/tags?post=156142"}],"curies":[{"name":"wp","href":"https:\/\/api.w.org\/{rel}","templated":true}]}}