{"id":156120,"date":"2022-05-23T16:45:58","date_gmt":"2022-05-23T13:45:58","guid":{"rendered":"https:\/\/www.enerjigazetesi.ist\/?p=156120"},"modified":"2022-05-23T16:45:58","modified_gmt":"2022-05-23T13:45:58","slug":"aksa-elektrik-in-4uncu-geleneksel-resim-yarismasi-basliyor","status":"publish","type":"post","link":"https:\/\/www.enerjigazetesi.ist\/en\/aksa-elektrik-in-4uncu-geleneksel-resim-yarismasi-basliyor\/","title":{"rendered":"(Turkish) &#8217;Aksa Elektrik&#8217;in 4&#8217;\u00fcnc\u00fc Geleneksel Resim Yar\u0131\u015fmas\u0131 Ba\u015fl\u0131yor"},"content":{"rendered":"<p class=\"qtranxs-available-languages-message qtranxs-available-languages-message-en\">Sorry, this entry is only available in <a href=\"https:\/\/www.enerjigazetesi.ist\/tr\/wp-json\/wp\/v2\/posts\/156120\" class=\"qtranxs-available-language-link qtranxs-available-language-link-tr\" title=\"Turkish\">Turkish<\/a>. For the sake of viewer convenience, the content is shown below in the alternative language. You may click the link to switch the active language.<\/p><p><\/p>\n<h2>Aksa Elektrik\u2019in bu y\u0131l 4&#8217;\u00fcnc\u00fcs\u00fcn\u00fc d\u00fczenledi\u011fi \u201cSenin Enerjin Senin Resmin\u201d yar\u0131\u015fmas\u0131 23 May\u0131s\u2019ta ba\u015fl\u0131yor. \u201cSenin Enerjin Senin Resmin\u2019\u2019 yar\u0131\u015fmas\u0131, yenilenebilir enerji konusunda \u00e7ocuklar\u0131n fark\u0131ndal\u0131klar\u0131n\u0131 art\u0131rmak ve bilin\u00e7lenmelerini sa\u011flamak amac\u0131yla bu y\u0131l \u201cG\u00fcne\u015f Enerjisi\u201d temas\u0131yla ger\u00e7ekle\u015fiyor. \u00c7ocuklar, g\u00fcne\u015f kadar parlak hayal g\u00fc\u00e7lerini, yenilenebilir ve sonsuz enerji kayna\u011f\u0131 g\u00fcne\u015f enerjisi ile bulu\u015fturarak #EnerjimiziG\u00fcne\u015ftenAl\u0131yoruz temas\u0131yla resmedecek.<\/h2>\n<p>\u00c7ocuklar, bu y\u0131l da kat\u0131l\u0131m\u0131n <strong>online kanallardan sa\u011flanaca\u011f\u0131<\/strong> resim yar\u0131\u015fmas\u0131na<strong> 06 Haziran 2022<\/strong> <img loading=\"lazy\" class=\"alignright wp-image-156122\" src=\"https:\/\/www.enerjigazetesi.ist\/wp-content\/uploads\/2022\/05\/aksa-elektrik-in-4uncu-geleneksel-resim-yarismasi-basliyor.jpg\" alt=\"\" width=\"320\" height=\"214\" srcset=\"https:\/\/www.enerjigazetesi.ist\/wp-content\/uploads\/2022\/05\/aksa-elektrik-in-4uncu-geleneksel-resim-yarismasi-basliyor.jpg 550w, https:\/\/www.enerjigazetesi.ist\/wp-content\/uploads\/2022\/05\/aksa-elektrik-in-4uncu-geleneksel-resim-yarismasi-basliyor-300x201.jpg 300w, https:\/\/www.enerjigazetesi.ist\/wp-content\/uploads\/2022\/05\/aksa-elektrik-in-4uncu-geleneksel-resim-yarismasi-basliyor-500x335.jpg 500w, https:\/\/www.enerjigazetesi.ist\/wp-content\/uploads\/2022\/05\/aksa-elektrik-in-4uncu-geleneksel-resim-yarismasi-basliyor-75x50.jpg 75w, https:\/\/www.enerjigazetesi.ist\/wp-content\/uploads\/2022\/05\/aksa-elektrik-in-4uncu-geleneksel-resim-yarismasi-basliyor-450x300.jpg 450w\" sizes=\"(max-width: 320px) 100vw, 320px\" \/>tarihine kadar resimlerini <strong>Aksa Elektrik<\/strong>\u2019in <strong>Facebook<\/strong> ve<strong> Instagram<\/strong> sosyal medya hesaplar\u0131na g\u00f6ndererek kat\u0131labilecek. T\u00fcrkiye\u2019nin t\u00fcm illerinden <strong>5, 6, 7 ve 8\u2019inci s\u0131n\u0131fta<\/strong> e\u011fitim g\u00f6ren \u00f6\u011frencilerin ba\u015fvurabilece\u011fi yar\u0131\u015fman\u0131n kazananlar\u0131, <strong>13 Haziran 2022<\/strong> tarihinde Aksa Elektrik\u2019in <strong>sosyal medya hesaplar\u0131nda<\/strong> a\u00e7\u0131klanacak.<\/p>\n<p><strong>Aksa Elektrik<\/strong> taraf\u0131ndan belirlenen j\u00fcri taraf\u0131ndan yap\u0131lacak de\u011ferlendirme sonucunda <strong>ilk 3\u2019e girmeye<\/strong> hak kazanan \u00e7ocuklar tablet, <strong>4-15<\/strong> aras\u0131nda dereceye giren <strong>12<\/strong> \u00e7ocuk da <strong>dijital saat<\/strong> kazanacak.<\/p>\n<h3><strong>Enerjisini g\u00fcne\u015ften alan \u00e7ocuklar resmedecek<\/strong><\/h3>\n<p>Aksa Elektrik <strong>\u201cSenin Enerjin Senin Resmin\u201d yar\u0131\u015fmas\u0131<\/strong>na ba\u015fvurmak i\u00e7in <strong>ebeveynlerin<\/strong> veya <strong>yasal temsilcilerin<\/strong>, Aksa Elektrik\u2019in <strong>Instagram<\/strong> veya <strong>Facebook hesaplar\u0131n\u0131<\/strong> takip etmesi ve <strong>sosyal medyadan<\/strong> mesaj yoluyla<strong> resimleri iletmeleri<\/strong> yeterli olacak. Kat\u0131lmak isteyen \u00e7ocuklar\u0131n, <strong>kur\u015fun kalemle \u00e7izdikleri<\/strong> veya <strong>pastel boya, sulu boya, ke\u00e7eli kalem, kuru boya<\/strong> gibi alternatif boyalarla yapt\u0131klar\u0131 resimlerin istedikleri bir b\u00f6l\u00fcm\u00fcne <strong>#EnerjimiziG\u00fcne\u015ftenAl\u0131yoruz<\/strong> yazarak resimlerini ebeveynlerinin bilgileriyle birlikte payla\u015fmalar\u0131 gerekiyor. Resimlerin sa\u011f arka k\u00f6\u015fesine yar\u0131\u015fmaya kat\u0131lan \u00e7ocu\u011fun <strong>ad\u0131 soyad\u0131, ya\u015f\u0131, velisinin ad\u0131 soyad\u0131<\/strong> ve <strong>cep telefonu bilgisi<\/strong> yaz\u0131l\u0131p bu k\u0131sm\u0131n g\u00f6rsel olarak <strong>mesaj b\u00f6l\u00fcm\u00fcnden iletilmesi de<\/strong> yar\u0131\u015fman\u0131n \u015fartlar\u0131 aras\u0131nda yer al\u0131yor.<\/p>\n<p>Aksa Elektrik\u2019in <strong>\u201cSenin Enerjin Senin Resmin\u201d \/ #EnerjimiziG\u00fcne\u015ftenAl\u0131yoruz Resim Yar\u0131\u015fmas\u0131<\/strong>\u2019na kat\u0131l\u0131m ko\u015fullar\u0131 hakk\u0131nda detayl\u0131 bilgiye Aksa Elektrik\u2019in<strong> Instagram, Facebook<\/strong> sosyal medya hesaplar\u0131ndan veya <strong>web sitesi \u00fczerinden<\/strong> ula\u015f\u0131labiliyor.<\/p>","protected":false},"excerpt":{"rendered":"<p>Sorry, this entry is only available in Turkish. For the sake of viewer convenience, the content is shown below in the alternative language. You may click the link to switch the active language. Aksa Elektrik\u2019in bu y\u0131l 4&#8217;\u00fcnc\u00fcs\u00fcn\u00fc d\u00fczenledi\u011fi \u201cSenin Enerjin Senin Resmin\u201d yar\u0131\u015fmas\u0131 23 May\u0131s\u2019ta ba\u015fl\u0131yor. \u201cSenin Enerjin Senin Resmin\u2019\u2019 yar\u0131\u015fmas\u0131, yenilenebilir enerji konusunda [&hellip;]<\/p>\n","protected":false},"author":1,"featured_media":156122,"comment_status":"open","ping_status":"open","sticky":false,"template":"","format":"standard","meta":[],"categories":[51,53,49],"tags":[103529,24146,26353,2206,49294,105],"views":229,"_links":{"self":[{"href":"https:\/\/www.enerjigazetesi.ist\/en\/wp-json\/wp\/v2\/posts\/156120"}],"collection":[{"href":"https:\/\/www.enerjigazetesi.ist\/en\/wp-json\/wp\/v2\/posts"}],"about":[{"href":"https:\/\/www.enerjigazetesi.ist\/en\/wp-json\/wp\/v2\/types\/post"}],"author":[{"embeddable":true,"href":"https:\/\/www.enerjigazetesi.ist\/en\/wp-json\/wp\/v2\/users\/1"}],"replies":[{"embeddable":true,"href":"https:\/\/www.enerjigazetesi.ist\/en\/wp-json\/wp\/v2\/comments?post=156120"}],"version-history":[{"count":0,"href":"https:\/\/www.enerjigazetesi.ist\/en\/wp-json\/wp\/v2\/posts\/156120\/revisions"}],"wp:featuredmedia":[{"embeddable":true,"href":"https:\/\/www.enerjigazetesi.ist\/en\/wp-json\/wp\/v2\/media\/156122"}],"wp:attachment":[{"href":"https:\/\/www.enerjigazetesi.ist\/en\/wp-json\/wp\/v2\/media?parent=156120"}],"wp:term":[{"taxonomy":"category","embeddable":true,"href":"https:\/\/www.enerjigazetesi.ist\/en\/wp-json\/wp\/v2\/categories?post=156120"},{"taxonomy":"post_tag","embeddable":true,"href":"https:\/\/www.enerjigazetesi.ist\/en\/wp-json\/wp\/v2\/tags?post=156120"}],"curies":[{"name":"wp","href":"https:\/\/api.w.org\/{rel}","templated":true}]}}