{"id":156116,"date":"2022-05-23T15:38:58","date_gmt":"2022-05-23T12:38:58","guid":{"rendered":"https:\/\/www.enerjigazetesi.ist\/?p=156116"},"modified":"2022-05-23T15:39:26","modified_gmt":"2022-05-23T12:39:26","slug":"sisecam-4-inovatif-cepheler-zirvesinde-yer-aldi","status":"publish","type":"post","link":"https:\/\/www.enerjigazetesi.ist\/en\/sisecam-4-inovatif-cepheler-zirvesinde-yer-aldi\/","title":{"rendered":"(Turkish) &#8217;\u015ei\u015fecam&#8217; 4. \u0130novatif Cepheler Zirvesi\u2019nde Yer Ald\u0131"},"content":{"rendered":"<p class=\"qtranxs-available-languages-message qtranxs-available-languages-message-en\">Sorry, this entry is only available in <a href=\"https:\/\/www.enerjigazetesi.ist\/tr\/wp-json\/wp\/v2\/posts\/156116\" class=\"qtranxs-available-language-link qtranxs-available-language-link-tr\" title=\"Turkish\">Turkish<\/a>. For the sake of viewer convenience, the content is shown below in the alternative language. You may click the link to switch the active language.<\/p><p><\/p>\n<h2>D\u00fczcam faaliyet alan\u0131nda d\u00fcnyan\u0131n en b\u00fcy\u00fck 5 global \u00fcreticisi aras\u0131nda yer alan \u015ei\u015fecam, Berlin merkezli Luxatia International&#8217;\u0131n online olarak d\u00fczenledi\u011fi 4. \u0130novatif Cepheler Zirvesi\u2019ne kat\u0131ld\u0131.<\/h2>\n<p><strong>Cam \u00fcreticilerinin, mimar<\/strong> ve <strong>cephe m\u00fchendislerinin<\/strong> kat\u0131ld\u0131\u011f\u0131 zirvede <strong>yenilik\u00e7i cephe <img loading=\"lazy\" class=\"alignright wp-image-156118\" src=\"https:\/\/www.enerjigazetesi.ist\/wp-content\/uploads\/2022\/05\/sisecam-4-inovatif-cepheler-zirvesinde-yer-aldi.jpg\" alt=\"\" width=\"320\" height=\"175\" srcset=\"https:\/\/www.enerjigazetesi.ist\/wp-content\/uploads\/2022\/05\/sisecam-4-inovatif-cepheler-zirvesinde-yer-aldi.jpg 550w, https:\/\/www.enerjigazetesi.ist\/wp-content\/uploads\/2022\/05\/sisecam-4-inovatif-cepheler-zirvesinde-yer-aldi-300x164.jpg 300w, https:\/\/www.enerjigazetesi.ist\/wp-content\/uploads\/2022\/05\/sisecam-4-inovatif-cepheler-zirvesinde-yer-aldi-500x274.jpg 500w, https:\/\/www.enerjigazetesi.ist\/wp-content\/uploads\/2022\/05\/sisecam-4-inovatif-cepheler-zirvesinde-yer-aldi-80x44.jpg 80w\" sizes=\"(max-width: 320px) 100vw, 320px\" \/>\u00e7\u00f6z\u00fcmleri<\/strong>,<strong> s\u00fcrd\u00fcr\u00fclebilirlik, cam sekt\u00f6r\u00fcndeki gelecek trendleri<\/strong> ve <strong>teknolojik geli\u015fmeler<\/strong> g\u00fcndeme geldi.<\/p>\n<p><em>\u015ei\u015fecam D\u00fczcam \u00dcr\u00fcn ve Marka Y\u00f6netimi Grup M\u00fcd\u00fcr\u00fc<\/em> <strong>Esra Ayd\u0131no\u011flu<\/strong>, zirvede<em> \u201cGelecekteki Trendler, Zorluklar ve Cam \u00c7\u00f6z\u00fcmleri\u201d<\/em> ba\u015fl\u0131kl\u0131 sunumunu ger\u00e7ekle\u015ftirdi. Sunumda gelecek ile ilgili \u00f6ng\u00f6r\u00fcler, <strong>mimari trendler, ak\u0131ll\u0131 camlar, y\u00fcksek performansl\u0131 kaplamal\u0131 cam \u00e7\u00f6z\u00fcmleri, \u015ei\u015fecam<\/strong> ve <strong>referans projeleri<\/strong> hakk\u0131nda bilgiler verildi.<\/p>\n<p>Etkinlikte ayr\u0131ca <strong>cephe dan\u0131\u015fmanl\u0131k<\/strong> ve <strong>m\u00fchendislik firmalar\u0131<\/strong> <em>Koltay Facades, Priedemann Facade Experts Define Engineers, ML System, Lendlease, Cantifix<\/em> yapt\u0131klar\u0131 sunumlar\u0131 ile projelerini ve cam ile ilgili \u00e7\u00f6z\u00fcmlerini payla\u015ft\u0131.<\/p>","protected":false},"excerpt":{"rendered":"<p>Sorry, this entry is only available in Turkish. For the sake of viewer convenience, the content is shown below in the alternative language. You may click the link to switch the active language. D\u00fczcam faaliyet alan\u0131nda d\u00fcnyan\u0131n en b\u00fcy\u00fck 5 global \u00fcreticisi aras\u0131nda yer alan \u015ei\u015fecam, Berlin merkezli Luxatia International&#8217;\u0131n online olarak d\u00fczenledi\u011fi 4. \u0130novatif [&hellip;]<\/p>\n","protected":false},"author":1,"featured_media":156118,"comment_status":"open","ping_status":"open","sticky":false,"template":"","format":"standard","meta":[],"categories":[53,52],"tags":[103524,103526,103527,51021,103525,103523,103528,76792],"views":171,"_links":{"self":[{"href":"https:\/\/www.enerjigazetesi.ist\/en\/wp-json\/wp\/v2\/posts\/156116"}],"collection":[{"href":"https:\/\/www.enerjigazetesi.ist\/en\/wp-json\/wp\/v2\/posts"}],"about":[{"href":"https:\/\/www.enerjigazetesi.ist\/en\/wp-json\/wp\/v2\/types\/post"}],"author":[{"embeddable":true,"href":"https:\/\/www.enerjigazetesi.ist\/en\/wp-json\/wp\/v2\/users\/1"}],"replies":[{"embeddable":true,"href":"https:\/\/www.enerjigazetesi.ist\/en\/wp-json\/wp\/v2\/comments?post=156116"}],"version-history":[{"count":0,"href":"https:\/\/www.enerjigazetesi.ist\/en\/wp-json\/wp\/v2\/posts\/156116\/revisions"}],"wp:featuredmedia":[{"embeddable":true,"href":"https:\/\/www.enerjigazetesi.ist\/en\/wp-json\/wp\/v2\/media\/156118"}],"wp:attachment":[{"href":"https:\/\/www.enerjigazetesi.ist\/en\/wp-json\/wp\/v2\/media?parent=156116"}],"wp:term":[{"taxonomy":"category","embeddable":true,"href":"https:\/\/www.enerjigazetesi.ist\/en\/wp-json\/wp\/v2\/categories?post=156116"},{"taxonomy":"post_tag","embeddable":true,"href":"https:\/\/www.enerjigazetesi.ist\/en\/wp-json\/wp\/v2\/tags?post=156116"}],"curies":[{"name":"wp","href":"https:\/\/api.w.org\/{rel}","templated":true}]}}