{"id":156056,"date":"2022-05-22T19:06:28","date_gmt":"2022-05-22T16:06:28","guid":{"rendered":"https:\/\/www.enerjigazetesi.ist\/?p=156056"},"modified":"2022-05-22T19:08:54","modified_gmt":"2022-05-22T16:08:54","slug":"istanbul-un-genc-festivali-festz-10-11-12-haziran-da-muze-gazhane-de","status":"publish","type":"post","link":"https:\/\/www.enerjigazetesi.ist\/en\/istanbul-un-genc-festivali-festz-10-11-12-haziran-da-muze-gazhane-de\/","title":{"rendered":"(Turkish) \u0130stanbul\u2019un Gen\u00e7 Festivali &#8216;FestZ&#8217; 10-11-12 Haziran\u2019da M\u00fcze Gazhane\u2019de!"},"content":{"rendered":"<p class=\"qtranxs-available-languages-message qtranxs-available-languages-message-en\">Sorry, this entry is only available in <a href=\"https:\/\/www.enerjigazetesi.ist\/tr\/wp-json\/wp\/v2\/posts\/156056\" class=\"qtranxs-available-language-link qtranxs-available-language-link-tr\" title=\"Turkish\">Turkish<\/a>. For the sake of viewer convenience, the content is shown below in the alternative language. You may click the link to switch the active language.<\/p><p><\/p>\n<h2>\u0130stanbul\u2019a \u00f6zg\u00fc yeni gen\u00e7lik festivaliyle m\u00fczi\u011fe, e\u011flenceye ve kente kar\u0131\u015f! Yo\u011fun ge\u00e7en akademik y\u0131l\u0131n ard\u0131ndan ilham al, yeni beceriler edin ve arkada\u015flar\u0131nla yaz\u0131n tad\u0131n\u0131 \u00e7\u0131karmaya ba\u015flama vakti.<\/h2>\n<p><strong>M\u00fczik, a\u00e7\u0131k s\u00f6zl\u00fc sohbetler<\/strong> ve<strong> pop\u00fcler k\u00fclt\u00fcrden nameler<\/strong> bu sahnede. \u00d6\u011fleden sonra minderlere yay\u0131l\u0131p hayat\u0131n g\u00fcncelli\u011fine kar\u0131\u015fabilece\u011fin, havan\u0131n kararmas\u0131yla da<strong> en sevdi\u011fin \u015fark\u0131lara<\/strong> e\u015flik edebilece\u011fin mek\u00e2n buras\u0131. <em>Erken gel, yeni insanlarla tan\u0131\u015f ve yaz\u0131n tad\u0131n\u0131 \u00e7\u0131karmaya ba\u015fla!<\/em><\/p>\n<p style=\"text-align: center;\"><img loading=\"lazy\" class=\"aligncenter wp-image-156058\" src=\"https:\/\/www.enerjigazetesi.ist\/wp-content\/uploads\/2022\/05\/istanbul-un-genc-festivali-festz-10-11-12-haziran-da-muze-gazhane-de.jpg\" alt=\"\" width=\"500\" height=\"327\" srcset=\"https:\/\/www.enerjigazetesi.ist\/wp-content\/uploads\/2022\/05\/istanbul-un-genc-festivali-festz-10-11-12-haziran-da-muze-gazhane-de.jpg 550w, https:\/\/www.enerjigazetesi.ist\/wp-content\/uploads\/2022\/05\/istanbul-un-genc-festivali-festz-10-11-12-haziran-da-muze-gazhane-de-300x196.jpg 300w, https:\/\/www.enerjigazetesi.ist\/wp-content\/uploads\/2022\/05\/istanbul-un-genc-festivali-festz-10-11-12-haziran-da-muze-gazhane-de-500x327.jpg 500w, https:\/\/www.enerjigazetesi.ist\/wp-content\/uploads\/2022\/05\/istanbul-un-genc-festivali-festz-10-11-12-haziran-da-muze-gazhane-de-76x50.jpg 76w\" sizes=\"(max-width: 500px) 100vw, 500px\" \/><\/p>\n<div class=\"elementor-element elementor-element-43c1ac1 elementor-widget__width-auto elementor-widget elementor-widget-heading\" data-id=\"43c1ac1\" data-element_type=\"widget\" data-settings=\"{&quot;grandconference_ext_link_sidemenu&quot;:&quot;false&quot;,&quot;grandconference_ext_link_fullmenu&quot;:&quot;false&quot;,&quot;grandconference_ext_is_sticky&quot;:&quot;false&quot;,&quot;grandconference_ext_is_scrollme&quot;:&quot;false&quot;,&quot;grandconference_ext_is_smoove&quot;:&quot;false&quot;,&quot;grandconference_ext_is_parallax_mouse&quot;:&quot;false&quot;,&quot;grandconference_ext_is_infinite&quot;:&quot;false&quot;,&quot;grandconference_ext_is_fadeout_animation&quot;:&quot;false&quot;}\" data-widget_type=\"heading.default\">\n<div class=\"elementor-widget-container\">\n<h3 class=\"elementor-heading-title elementor-size-default\">Akbank \u0130lham Akademisi<\/h3>\n<\/div>\n<\/div>\n<div class=\"elementor-element elementor-element-fb3a186 elementor-widget elementor-widget-text-editor\" data-id=\"fb3a186\" data-element_type=\"widget\" data-settings=\"{&quot;grandconference_ext_link_sidemenu&quot;:&quot;false&quot;,&quot;grandconference_ext_link_fullmenu&quot;:&quot;false&quot;,&quot;grandconference_ext_is_sticky&quot;:&quot;false&quot;,&quot;grandconference_ext_is_scrollme&quot;:&quot;false&quot;,&quot;grandconference_ext_is_smoove&quot;:&quot;false&quot;,&quot;grandconference_ext_is_parallax_mouse&quot;:&quot;false&quot;,&quot;grandconference_ext_is_infinite&quot;:&quot;false&quot;,&quot;grandconference_ext_is_fadeout_animation&quot;:&quot;false&quot;}\" data-widget_type=\"text-editor.default\">\n<div class=\"elementor-widget-container\">\n<p>H\u0131zla d\u00f6nen d\u00fcnyaya ayak uydurman ve ki\u015fisel geli\u015fimine yat\u0131r\u0131m yapman i\u00e7in <strong>teknolojiden k\u00fclt\u00fcr sanata, giri\u015fimcilikten liderli\u011fe, duygusal zek\u00e2dan yarat\u0131c\u0131l\u0131k<\/strong> ve<strong> dijital d\u00fcnyaya<\/strong> seni yak\u0131ndan ilgilendiren <strong>t\u00fcm trendleri<\/strong> bir araya getirdik ve <strong>seni yormayacak seminerler<\/strong> olu\u015fturduk. Bu d\u00fcnyay\u0131 yakala!<\/p>\n<div class=\"elementor-element elementor-element-c460b75 elementor-widget__width-auto elementor-widget elementor-widget-heading\" data-id=\"c460b75\" data-element_type=\"widget\" data-settings=\"{&quot;grandconference_ext_link_sidemenu&quot;:&quot;false&quot;,&quot;grandconference_ext_link_fullmenu&quot;:&quot;false&quot;,&quot;grandconference_ext_is_sticky&quot;:&quot;false&quot;,&quot;grandconference_ext_is_scrollme&quot;:&quot;false&quot;,&quot;grandconference_ext_is_smoove&quot;:&quot;false&quot;,&quot;grandconference_ext_is_parallax_mouse&quot;:&quot;false&quot;,&quot;grandconference_ext_is_infinite&quot;:&quot;false&quot;,&quot;grandconference_ext_is_fadeout_animation&quot;:&quot;false&quot;}\" data-widget_type=\"heading.default\">\n<div class=\"elementor-widget-container\">\n<h3 class=\"elementor-heading-title elementor-size-default\">Kreatif Portfolyo Bulu\u015fmalar\u0131<\/h3>\n<\/div>\n<\/div>\n<div class=\"elementor-element elementor-element-f5c7088 elementor-widget elementor-widget-text-editor\" data-id=\"f5c7088\" data-element_type=\"widget\" data-settings=\"{&quot;grandconference_ext_link_sidemenu&quot;:&quot;false&quot;,&quot;grandconference_ext_link_fullmenu&quot;:&quot;false&quot;,&quot;grandconference_ext_is_sticky&quot;:&quot;false&quot;,&quot;grandconference_ext_is_scrollme&quot;:&quot;false&quot;,&quot;grandconference_ext_is_smoove&quot;:&quot;false&quot;,&quot;grandconference_ext_is_parallax_mouse&quot;:&quot;false&quot;,&quot;grandconference_ext_is_infinite&quot;:&quot;false&quot;,&quot;grandconference_ext_is_fadeout_animation&quot;:&quot;false&quot;}\" data-widget_type=\"text-editor.default\">\n<div class=\"elementor-widget-container\">\n<p>Profesyonel gelece\u011fin senin i\u00e7in <strong>mimarl\u0131k, grafik tasar\u0131m\u0131, ill\u00fcstrasyon<\/strong> ya da<strong> moda<\/strong> anlam\u0131na m\u0131 geliyor? Kariyerinin ba\u015flang\u0131\u00e7 a\u015famas\u0131ndaysan ya da akademik hayat\u0131n\u0131n son demlerini ya\u015f\u0131yorsan, <strong>portfolyonu d\u00fczenle, kay\u0131t ol, sekt\u00f6r\u00fcn usta isimleriyle bulu\u015f<\/strong> ve \u00e7al\u0131\u015fmalar\u0131na y\u00f6nelik do\u011fru <strong>geri bildirimleri<\/strong> alma <strong>f\u0131rsat\u0131 yakala!<\/strong><\/p>\n<div class=\"elementor-element elementor-element-9c58470 elementor-widget__width-auto elementor-widget elementor-widget-heading\" data-id=\"9c58470\" data-element_type=\"widget\" data-settings=\"{&quot;grandconference_ext_link_sidemenu&quot;:&quot;false&quot;,&quot;grandconference_ext_link_fullmenu&quot;:&quot;false&quot;,&quot;grandconference_ext_is_sticky&quot;:&quot;false&quot;,&quot;grandconference_ext_is_scrollme&quot;:&quot;false&quot;,&quot;grandconference_ext_is_smoove&quot;:&quot;false&quot;,&quot;grandconference_ext_is_parallax_mouse&quot;:&quot;false&quot;,&quot;grandconference_ext_is_infinite&quot;:&quot;false&quot;,&quot;grandconference_ext_is_fadeout_animation&quot;:&quot;false&quot;}\" data-widget_type=\"heading.default\">\n<div class=\"elementor-widget-container\">\n<h3 class=\"elementor-heading-title elementor-size-default\">At\u00f6lye \u00c7al\u0131\u015fmalar\u0131<\/h3>\n<\/div>\n<\/div>\n<div class=\"elementor-element elementor-element-c1af49c elementor-widget elementor-widget-text-editor\" data-id=\"c1af49c\" data-element_type=\"widget\" data-settings=\"{&quot;grandconference_ext_link_sidemenu&quot;:&quot;false&quot;,&quot;grandconference_ext_link_fullmenu&quot;:&quot;false&quot;,&quot;grandconference_ext_is_sticky&quot;:&quot;false&quot;,&quot;grandconference_ext_is_scrollme&quot;:&quot;false&quot;,&quot;grandconference_ext_is_smoove&quot;:&quot;false&quot;,&quot;grandconference_ext_is_parallax_mouse&quot;:&quot;false&quot;,&quot;grandconference_ext_is_infinite&quot;:&quot;false&quot;,&quot;grandconference_ext_is_fadeout_animation&quot;:&quot;false&quot;}\" data-widget_type=\"text-editor.default\">\n<div class=\"elementor-widget-container\">\n<p><strong>Haz, beceri<\/strong> ve <strong>s\u00fcrd\u00fcr\u00fclebilirli\u011fi<\/strong> bulu\u015fturduk.<strong> \u00c7ikolata, kahve<\/strong> ve<strong> mocktail<\/strong> nas\u0131l yap\u0131l\u0131r merak ediyorsan, kendini t\u00fcketime kapt\u0131rmak yerine e\u015fyalar\u0131n\u0131 uzun s\u00fcre kullanmay\u0131 tercih ediyorsan ve <strong>haval\u0131 yetkinlikler geli\u015ftirmek<\/strong> istiyorsan at\u00f6lye \u00e7al\u0131\u015fmalar\u0131nda bize kat\u0131l!<\/p>\n<div class=\"elementor-element elementor-element-069bdcb elementor-widget__width-auto elementor-widget elementor-widget-heading\" data-id=\"069bdcb\" data-element_type=\"widget\" data-settings=\"{&quot;grandconference_ext_link_sidemenu&quot;:&quot;false&quot;,&quot;grandconference_ext_link_fullmenu&quot;:&quot;false&quot;,&quot;grandconference_ext_is_sticky&quot;:&quot;false&quot;,&quot;grandconference_ext_is_scrollme&quot;:&quot;false&quot;,&quot;grandconference_ext_is_smoove&quot;:&quot;false&quot;,&quot;grandconference_ext_is_parallax_mouse&quot;:&quot;false&quot;,&quot;grandconference_ext_is_infinite&quot;:&quot;false&quot;,&quot;grandconference_ext_is_fadeout_animation&quot;:&quot;false&quot;}\" data-widget_type=\"heading.default\">\n<div class=\"elementor-widget-container\">\n<h3 class=\"elementor-heading-title elementor-size-default\">\u0130stanbul Kitap\u00e7\u0131s\u0131<\/h3>\n<\/div>\n<\/div>\n<div class=\"elementor-element elementor-element-1a0e832 elementor-widget elementor-widget-text-editor\" data-id=\"1a0e832\" data-element_type=\"widget\" data-settings=\"{&quot;grandconference_ext_link_sidemenu&quot;:&quot;false&quot;,&quot;grandconference_ext_link_fullmenu&quot;:&quot;false&quot;,&quot;grandconference_ext_is_sticky&quot;:&quot;false&quot;,&quot;grandconference_ext_is_scrollme&quot;:&quot;false&quot;,&quot;grandconference_ext_is_smoove&quot;:&quot;false&quot;,&quot;grandconference_ext_is_parallax_mouse&quot;:&quot;false&quot;,&quot;grandconference_ext_is_infinite&quot;:&quot;false&quot;,&quot;grandconference_ext_is_fadeout_animation&quot;:&quot;false&quot;}\" data-widget_type=\"text-editor.default\">\n<div class=\"elementor-widget-container\">\n<p><strong>M\u00fcze Gazhane<\/strong> \u0130stanbul\u2019un en keyifli kitap\u00e7\u0131lar\u0131ndan birine sahip. Takip etti\u011fin yazarlarla bulu\u015fmak, biraz edebiyat biraz da hayata dair sohbetlere kat\u0131lmak i\u00e7in <strong>3 g\u00fcn<\/strong> boyunca \u0130stanbul Kitap\u00e7\u0131s\u0131nda d\u00fczenlenecek imza seanslar\u0131n\u0131 ka\u00e7\u0131rma!<\/p>\n<p><strong>Bilgi ve \u00dccretsiz Kay\u0131t \u0130\u00e7in:<\/strong> <a href=\"https:\/\/festz.ist\/\" target=\"_blank\" rel=\"noopener\">https:\/\/festz.ist\/<\/a> adresini ziyaret edebilirsiniz.<\/p>\n<\/div>\n<\/div>\n<\/div>\n<\/div>\n<\/div>\n<\/div>\n<\/div>\n<\/div>\n<p><\/p>","protected":false},"excerpt":{"rendered":"<p>Sorry, this entry is only available in Turkish. For the sake of viewer convenience, the content is shown below in the alternative language. You may click the link to switch the active language. \u0130stanbul\u2019a \u00f6zg\u00fc yeni gen\u00e7lik festivaliyle m\u00fczi\u011fe, e\u011flenceye ve kente kar\u0131\u015f! Yo\u011fun ge\u00e7en akademik y\u0131l\u0131n ard\u0131ndan ilham al, yeni beceriler edin ve arkada\u015flar\u0131nla [&hellip;]<\/p>\n","protected":false},"author":1,"featured_media":156058,"comment_status":"open","ping_status":"open","sticky":false,"template":"","format":"standard","meta":[],"categories":[53,4],"tags":[103506,103507,58114,103505,57782,61862],"views":113,"_links":{"self":[{"href":"https:\/\/www.enerjigazetesi.ist\/en\/wp-json\/wp\/v2\/posts\/156056"}],"collection":[{"href":"https:\/\/www.enerjigazetesi.ist\/en\/wp-json\/wp\/v2\/posts"}],"about":[{"href":"https:\/\/www.enerjigazetesi.ist\/en\/wp-json\/wp\/v2\/types\/post"}],"author":[{"embeddable":true,"href":"https:\/\/www.enerjigazetesi.ist\/en\/wp-json\/wp\/v2\/users\/1"}],"replies":[{"embeddable":true,"href":"https:\/\/www.enerjigazetesi.ist\/en\/wp-json\/wp\/v2\/comments?post=156056"}],"version-history":[{"count":0,"href":"https:\/\/www.enerjigazetesi.ist\/en\/wp-json\/wp\/v2\/posts\/156056\/revisions"}],"wp:featuredmedia":[{"embeddable":true,"href":"https:\/\/www.enerjigazetesi.ist\/en\/wp-json\/wp\/v2\/media\/156058"}],"wp:attachment":[{"href":"https:\/\/www.enerjigazetesi.ist\/en\/wp-json\/wp\/v2\/media?parent=156056"}],"wp:term":[{"taxonomy":"category","embeddable":true,"href":"https:\/\/www.enerjigazetesi.ist\/en\/wp-json\/wp\/v2\/categories?post=156056"},{"taxonomy":"post_tag","embeddable":true,"href":"https:\/\/www.enerjigazetesi.ist\/en\/wp-json\/wp\/v2\/tags?post=156056"}],"curies":[{"name":"wp","href":"https:\/\/api.w.org\/{rel}","templated":true}]}}