{"id":156025,"date":"2022-05-22T15:53:32","date_gmt":"2022-05-22T12:53:32","guid":{"rendered":"https:\/\/www.enerjigazetesi.ist\/?p=156025"},"modified":"2022-05-22T15:54:50","modified_gmt":"2022-05-22T12:54:50","slug":"turkiye-yunanistan-ticari-ve-ekonomik-is-birligi-icin-egiaddan-is-gezisi","status":"publish","type":"post","link":"https:\/\/www.enerjigazetesi.ist\/en\/turkiye-yunanistan-ticari-ve-ekonomik-is-birligi-icin-egiaddan-is-gezisi\/","title":{"rendered":"(Turkish) T\u00fcrkiye &#038; Yunanistan Ticari ve Ekonomik \u0130\u015f Birli\u011fi \u0130\u00e7in EG\u0130AD&#8217;dan \u0130\u015f Gezisi"},"content":{"rendered":"<p class=\"qtranxs-available-languages-message qtranxs-available-languages-message-en\">Sorry, this entry is only available in <a href=\"https:\/\/www.enerjigazetesi.ist\/tr\/wp-json\/wp\/v2\/posts\/156025\" class=\"qtranxs-available-language-link qtranxs-available-language-link-tr\" title=\"Turkish\">Turkish<\/a>. For the sake of viewer convenience, the content is shown below in the alternative language. You may click the link to switch the active language.<\/p><p><\/p>\n<h2>Ulu \u00d6nder Atat\u00fcrk\u2019\u00fcn do\u011fdu\u011fu yer olmas\u0131 ve \u0130zmir\u2019e benzerli\u011fi ile ayr\u0131 bir anlam\u0131 olan Selanik, ge\u00e7ti\u011fimiz g\u00fcnlerde EG\u0130AD\u2019l\u0131 i\u015f d\u00fcnyas\u0131n\u0131 a\u011f\u0131rlad\u0131.<\/h2>\n<p>Yunanistan\u2019\u0131n kuzey b\u00f6lgesinde yer alan ve ba\u015fkent<strong> Atina\u2019dan<\/strong> sonra her anlamda <strong>Yunanistan\u2019\u0131n<\/strong> 2&#8217;inci b\u00fcy\u00fck \u015fehri olan Selanik i\u015f gezisine, <em>EG\u0130AD Ege Gen\u00e7 \u0130\u015f \u0130nsanlar\u0131 Derne\u011fi Ba\u015fkan\u0131 Alp Avni Yelkenbi\u00e7er, Ba\u015fkan Vekilleri Cem Demirci, Kaan \u00d6zhelvac\u0131, Dr. Fatih Mehmet Sancak, Y\u00f6netim Kurulu \u00dcyeleri O\u011fuz Serta\u00e7 Y\u0131lmaz, P\u0131nar Berbero\u011flu, Mert Hac\u0131raifo\u011flu, M\u00fcge \u015eahin, Arda Y\u0131lmaz, <img loading=\"lazy\" class=\"alignright wp-image-156028\" src=\"https:\/\/www.enerjigazetesi.ist\/wp-content\/uploads\/2022\/05\/turkiye-yunanistan-ticari-ve-ekonomik-is-birligi-icin-egiaddan-is-gezisi-1.jpg\" alt=\"\" width=\"320\" height=\"203\" srcset=\"https:\/\/www.enerjigazetesi.ist\/wp-content\/uploads\/2022\/05\/turkiye-yunanistan-ticari-ve-ekonomik-is-birligi-icin-egiaddan-is-gezisi-1.jpg 550w, https:\/\/www.enerjigazetesi.ist\/wp-content\/uploads\/2022\/05\/turkiye-yunanistan-ticari-ve-ekonomik-is-birligi-icin-egiaddan-is-gezisi-1-300x190.jpg 300w, https:\/\/www.enerjigazetesi.ist\/wp-content\/uploads\/2022\/05\/turkiye-yunanistan-ticari-ve-ekonomik-is-birligi-icin-egiaddan-is-gezisi-1-500x317.jpg 500w, https:\/\/www.enerjigazetesi.ist\/wp-content\/uploads\/2022\/05\/turkiye-yunanistan-ticari-ve-ekonomik-is-birligi-icin-egiaddan-is-gezisi-1-80x50.jpg 80w\" sizes=\"(max-width: 320px) 100vw, 320px\" \/>Eyy\u00fcpcan Nadas, Genel Sekreter Prof. Dr. Ali Fatih Dalk\u0131l\u0131\u00e7, EG\u0130AD Uluslararas\u0131 \u0130li\u015fkiler Komisyonu Ba\u015fkan\u0131 Elif K\u00e2ya, EG\u0130AD \u00dcyeleri Sezai Kayhan K\u0131z\u0131ltan, Burak G\u00fcng\u00f6r, Kemalettin Okkao\u011flu, Remzi Uslu, Elif Ko\u00e7, An\u0131l Y\u00fcksel, Kerem Bayraktaro\u011flu, \u00d6zer \u00d6zt\u00fcrk, Yusufcan \u00d6zdo\u011fan, Hasan G\u00fcler, Sinan G\u00f6rg\u00fcn, Sezai N\u00fczhet Noyan<\/em> kat\u0131l\u0131m g\u00f6sterdi.<\/p>\n<p>EG\u0130AD \u00fcyeleri, ilk olarak <strong>19 May\u0131s Atat\u00fcrk\u2019\u00fc Anma Gen\u00e7lik ve Spor Bayram\u0131<\/strong>&#8216;n\u0131 Selanik&#8217;te Ulu \u00d6nder Mustafa Kemal Atat\u00fcrk\u2019\u00fcn evinde kutlad\u0131. Selanik Ba\u015fkonsolosu Efe Ceylan ve Ticaret M\u00fc\u015faviri Ahmet Erdo\u011fan&#8217;\u0131 da ziyaret eden <em>EG\u0130AD Y\u00f6netim Kurulu Ba\u015fkan\u0131<\/em> <strong>Alp Avni Yelkenbi\u00e7er<\/strong> ba\u015fkanl\u0131\u011f\u0131ndaki heyet, ziyaretin ard\u0131ndan <strong>Ba\u015fkonsolosluk&#8217;ta<\/strong> ger\u00e7ekle\u015fen<strong> resm\u00ee t\u00f6rene<\/strong> kat\u0131ld\u0131. T\u00f6renden sonra Ulu \u00d6nderimiz <strong>Mustafa Kemal Atat\u00fcrk<\/strong>&#8216;\u00fcn do\u011fdu\u011fu ev ziyaret edildi. Ziyarette konu\u015fan <em>EG\u0130AD Ba\u015fkan\u0131<\/em> <strong>Alp Avni Yelkenbi\u00e7er<\/strong>, <em>\u201cYar\u0131nlar\u0131n g\u00fcvencesi olarak g\u00f6rd\u00fc\u011f\u00fcn ve Cumhuriyeti emanet etti\u011fin T\u00fcrk Gen\u00e7li\u011finin ba\u011fl\u0131l\u0131\u011f\u0131n\u0131 sunmak \u00fczere <strong>Ege Gen\u00e7 \u0130\u015f \u0130nsanlar\u0131 Derne\u011fi \u2013 EG\u0130AD Y\u00f6netim kurulu ve \u00fcyeleri<\/strong> olarak do\u011fdu\u011fun evde aziz hat\u0131ran\u0131n \u00f6n\u00fcndeyiz. Bug\u00fcn, \u00e7a\u011fda\u015f, laik, demokratik ve hukukun \u00fcst\u00fcnl\u00fc\u011f\u00fcne dayal\u0131 T\u00fcrkiye Cumhuriyeti\u2019ne giden yolda att\u0131\u011f\u0131n ilk ad\u0131m\u0131n <strong>103. y\u0131ld\u00f6n\u00fcm\u00fc<\/strong>. Bu ilk ad\u0131m, bizlere hayallerimizi ve hedeflerimizi ger\u00e7ekle\u015ftirmek i\u00e7in g\u00fc\u00e7 ve ilham vermeye devam ediyor. <strong>G\u00fcvenine lay\u0131k olmak<\/strong> i\u00e7in <strong>\u00e7a\u011fda\u015f uygarl\u0131k hedefi<\/strong> do\u011frultusunda kararl\u0131l\u0131kla y\u00fcr\u00fcmeye devam ediyoruz. \u0130\u015f d\u00fcnyas\u0131 olarak bu bilin\u00e7 ve hedefle, <strong>gen\u00e7lerimizi e\u011fitim, bilim, giri\u015fimcilik, sanat <\/strong>ve <strong>spor<\/strong> alanlar\u0131nda destekleyerek Cumhuriyet de\u011ferlerine, demokrasiye sahip \u00e7\u0131kan; sorgulayan, ele\u015ftiren<strong> fikri h\u00fcr, vicdan\u0131 h\u00fcr nesiller yeti\u015ftirmek<\/strong> do\u011frultusunda var g\u00fcc\u00fcm\u00fczle \u00e7al\u0131\u015fmaya devam ediyoruz. <strong>EG\u0130AD \u00fcyeleri<\/strong> olarak aziz hat\u0131ran \u00f6n\u00fcnde sayg\u0131yla e\u011filiyoruz\u201d<\/em> ifadelerini kulland\u0131.<\/p>\n<p>Daha sonra T.C. Atina B\u00fcy\u00fckel\u00e7isi Burak \u00d6z\u00fcgergin, Ticaret M\u00fc\u015faviri Yard\u0131mc\u0131s\u0131 Ay\u015fe \u00d6zcan Erbilgin ve B\u00fcy\u00fckel\u00e7ilik \u0130kinci K\u00e2tibi Cem Alg\u00fcm\u00fc\u015f&#8217;\u00fc ziyaret eden heyet, \u0130zmir Atina ili\u015fkileri, iki \u00fclke aras\u0131ndaki ekonomik, sosyal ve k\u00fclt\u00fcrel i\u015f birliklerini g\u00f6r\u00fc\u015ft\u00fc. <strong>Yunanistan<\/strong> ile<strong> ticari<\/strong> ve <strong>ekonomik ili\u015fkilerin<\/strong> artt\u0131r\u0131lmas\u0131na y\u00f6nelik i\u015f birli\u011fi imkanlar\u0131, <strong>ticaretin geli\u015ftirilmesi<\/strong> i\u00e7in \u00f6neriler, <strong>ikili ticari ili\u015fkiler, kar\u015f\u0131l\u0131kl\u0131 yat\u0131r\u0131mlar<\/strong>, Avrupa Birli\u011fi ile g\u00fcndemdeki <strong>ticari konular, enerji, turizm, tar\u0131m, g\u00fcmr\u00fck<\/strong> ve <strong>ula\u015ft\u0131rma<\/strong> alanlar\u0131 ba\u015fta olmak \u00fczere <strong>ekonomik<\/strong> ve <strong>teknik<\/strong> ba\u015fl\u0131klardaki i\u015f birli\u011fi konular\u0131, ikili ili\u015fkilerde ya\u015fanan sorunlar ve \u00e7\u00f6z\u00fcm \u00f6nerilerinin g\u00f6r\u00fc\u015f\u00fcld\u00fc\u011f\u00fc i\u015f gezisinde, <strong>OESYNE &#8211; Yunanistan Gen\u00e7 Giri\u015fimciler Birli\u011fi<\/strong> ile de g\u00f6r\u00fc\u015fme sa\u011fland\u0131. Ger\u00e7ekle\u015fen toplant\u0131ya <em>OESYNE Y\u00f6netim Kurulu Ba\u015fkan\u0131<\/em> <strong>Andreas Stefanidis<\/strong> ve Birlik \u00fcyeleri ev sahipli\u011fi yapt\u0131. <strong>Giri\u015fimcilik<\/strong> ve <strong>melek yat\u0131r\u0131mc\u0131l\u0131k<\/strong> konusunuda kar\u015f\u0131l\u0131kl\u0131 g\u00f6r\u00fc\u015f al\u0131\u015fveri\u015finde bulunulan toplant\u0131da i\u015f birli\u011fi \u00e7al\u0131\u015fmalar\u0131 masaya yat\u0131r\u0131ld\u0131.<\/p>\n<p><strong>Selanik Ticaret ve Sanayi Odas\u0131&#8217;<\/strong>n\u0131n da ziyaret edildi\u011fi <strong>i\u015f gezisi<\/strong> kapsam\u0131nda <em>Y\u00f6netim Kurulu Ba\u015fkan Yard\u0131mc\u0131s\u0131<\/em> <strong>Emmanoui Vlachogiannis<\/strong> ile de bir araya gelindi. G\u00f6r\u00fc\u015fmede kar\u015f\u0131l\u0131kl\u0131<strong> ticaretin<\/strong> ve<strong> ili\u015fkilerin geli\u015ftirilmesi<\/strong> kapsam\u0131nda i\u015f birli\u011fi faaliyetleri g\u00f6r\u00fc\u015f\u00fcld\u00fc. Son olarak <strong>Enterprise Greece<\/strong>\u2019i ziyaret eden heyet, <em>Yat\u0131r\u0131m Tan\u0131t\u0131m Direkt\u00f6r\u00fc<\/em> <strong>Elias Eliades<\/strong>\u2019ten <strong>yat\u0131r\u0131m ajans\u0131<\/strong> olarak bilgi ald\u0131 ve kurumlar aras\u0131 i\u015f birli\u011finin ilk ad\u0131m\u0131n\u0131 att\u0131.<\/p>","protected":false},"excerpt":{"rendered":"<p>Sorry, this entry is only available in Turkish. For the sake of viewer convenience, the content is shown below in the alternative language. You may click the link to switch the active language. Ulu \u00d6nder Atat\u00fcrk\u2019\u00fcn do\u011fdu\u011fu yer olmas\u0131 ve \u0130zmir\u2019e benzerli\u011fi ile ayr\u0131 bir anlam\u0131 olan Selanik, ge\u00e7ti\u011fimiz g\u00fcnlerde EG\u0130AD\u2019l\u0131 i\u015f d\u00fcnyas\u0131n\u0131 a\u011f\u0131rlad\u0131. Yunanistan\u2019\u0131n [&hellip;]<\/p>\n","protected":false},"author":1,"featured_media":156029,"comment_status":"open","ping_status":"open","sticky":false,"template":"","format":"standard","meta":[],"categories":[53,4],"tags":[59515,63179,98543,103496,103495,90648],"views":87,"_links":{"self":[{"href":"https:\/\/www.enerjigazetesi.ist\/en\/wp-json\/wp\/v2\/posts\/156025"}],"collection":[{"href":"https:\/\/www.enerjigazetesi.ist\/en\/wp-json\/wp\/v2\/posts"}],"about":[{"href":"https:\/\/www.enerjigazetesi.ist\/en\/wp-json\/wp\/v2\/types\/post"}],"author":[{"embeddable":true,"href":"https:\/\/www.enerjigazetesi.ist\/en\/wp-json\/wp\/v2\/users\/1"}],"replies":[{"embeddable":true,"href":"https:\/\/www.enerjigazetesi.ist\/en\/wp-json\/wp\/v2\/comments?post=156025"}],"version-history":[{"count":0,"href":"https:\/\/www.enerjigazetesi.ist\/en\/wp-json\/wp\/v2\/posts\/156025\/revisions"}],"wp:featuredmedia":[{"embeddable":true,"href":"https:\/\/www.enerjigazetesi.ist\/en\/wp-json\/wp\/v2\/media\/156029"}],"wp:attachment":[{"href":"https:\/\/www.enerjigazetesi.ist\/en\/wp-json\/wp\/v2\/media?parent=156025"}],"wp:term":[{"taxonomy":"category","embeddable":true,"href":"https:\/\/www.enerjigazetesi.ist\/en\/wp-json\/wp\/v2\/categories?post=156025"},{"taxonomy":"post_tag","embeddable":true,"href":"https:\/\/www.enerjigazetesi.ist\/en\/wp-json\/wp\/v2\/tags?post=156025"}],"curies":[{"name":"wp","href":"https:\/\/api.w.org\/{rel}","templated":true}]}}