{"id":155950,"date":"2022-05-20T16:40:54","date_gmt":"2022-05-20T13:40:54","guid":{"rendered":"https:\/\/www.enerjigazetesi.ist\/?p=155950"},"modified":"2022-05-20T16:40:54","modified_gmt":"2022-05-20T13:40:54","slug":"solarex-istanbul-fuari-15-yilinda-surdurulebilirlik-calismalarini-hizlandirdi","status":"publish","type":"post","link":"https:\/\/www.enerjigazetesi.ist\/en\/solarex-istanbul-fuari-15-yilinda-surdurulebilirlik-calismalarini-hizlandirdi\/","title":{"rendered":"(Turkish) &#8217;SolarEX \u0130stanbul Fuar\u0131&#8217; 15. Y\u0131l\u0131nda S\u00fcrd\u00fcr\u00fclebilirlik \u00c7al\u0131\u015fmalar\u0131n\u0131 H\u0131zland\u0131rd\u0131"},"content":{"rendered":"<p class=\"qtranxs-available-languages-message qtranxs-available-languages-message-en\">Sorry, this entry is only available in <a href=\"https:\/\/www.enerjigazetesi.ist\/tr\/wp-json\/wp\/v2\/posts\/155950\" class=\"qtranxs-available-language-link qtranxs-available-language-link-tr\" title=\"Turkish\">Turkish<\/a>. For the sake of viewer convenience, the content is shown below in the alternative language. You may click the link to switch the active language.<\/p><p><\/p>\n<h2>G\u00fcne\u015f enerjisi sekt\u00f6r\u00fc etkinliklerinden SolarEX \u0130stanbul Fuar\u0131, 2023 organizasyonunda s\u00fcrd\u00fcr\u00fclebilirlik \u00e7al\u0131\u015fmalar\u0131n\u0131 h\u0131zland\u0131rd\u0131.<\/h2>\n<p><strong>SolarEX \u0130stanbul Fuar\u0131<\/strong> 2022 y\u0131l\u0131 organizasyonunda <strong>300&#8217;\u00fcn<\/strong> \u00fczerinde yerli ve yabanc\u0131 kat\u0131l\u0131mc\u0131, <strong>500&#8217;e yak\u0131n<\/strong> d\u00fcnya markas\u0131n\u0131n yer ald\u0131\u011f\u0131,<strong> 30.000&#8217;in \u00fczerinde<\/strong> uluslararas\u0131 ziyaret\u00e7iye ev sahipli\u011fi yapt\u0131. <strong>\u00c7evre dostu enerji kaynaklar\u0131ndan<\/strong> b\u00fcy\u00fck bir paya sahip <strong>s\u0131n\u0131rs\u0131z kaynak g\u00fcne\u015f<img loading=\"lazy\" class=\"alignright wp-image-155971\" src=\"https:\/\/www.enerjigazetesi.ist\/wp-content\/uploads\/2022\/05\/solarex-istanbul-fuari-15-yilinda-surdurulebilirlik-calismalarini-hizlandirdi.jpg\" alt=\"\" width=\"320\" height=\"214\" srcset=\"https:\/\/www.enerjigazetesi.ist\/wp-content\/uploads\/2022\/05\/solarex-istanbul-fuari-15-yilinda-surdurulebilirlik-calismalarini-hizlandirdi.jpg 550w, https:\/\/www.enerjigazetesi.ist\/wp-content\/uploads\/2022\/05\/solarex-istanbul-fuari-15-yilinda-surdurulebilirlik-calismalarini-hizlandirdi-300x200.jpg 300w, https:\/\/www.enerjigazetesi.ist\/wp-content\/uploads\/2022\/05\/solarex-istanbul-fuari-15-yilinda-surdurulebilirlik-calismalarini-hizlandirdi-500x334.jpg 500w, https:\/\/www.enerjigazetesi.ist\/wp-content\/uploads\/2022\/05\/solarex-istanbul-fuari-15-yilinda-surdurulebilirlik-calismalarini-hizlandirdi-75x50.jpg 75w, https:\/\/www.enerjigazetesi.ist\/wp-content\/uploads\/2022\/05\/solarex-istanbul-fuari-15-yilinda-surdurulebilirlik-calismalarini-hizlandirdi-450x300.jpg 450w\" sizes=\"(max-width: 320px) 100vw, 320px\" \/> enerjisinin<\/strong> gerek ekonomi gerekse ya\u015fanabilir bir d\u00fcnya ad\u0131na<strong> s\u00fcrd\u00fcr\u00fclebilirli\u011fin \u00f6nemini<\/strong> etkinlik \u00e7al\u0131\u015fmalar\u0131nda uygulayarak destekliyor.<\/p>\n<p><strong>06 &#8211; 08 Nisan 2023<\/strong>&#8216;te <em>\u0130FM &#8211; \u0130stanbul Fuar Merkezi<\/em>&#8216;nde<strong> sekt\u00f6re kap\u0131lar\u0131n\u0131 a\u00e7acak<\/strong> fuar, <strong>2-4-8 Hall<\/strong>&#8216;de<strong> 40.000 m2 sergi alan\u0131nda<\/strong> sekt\u00f6r\u00fcn \u00f6nc\u00fc firmalar\u0131 ile \u00e7ok say\u0131da profesyonel ziyaret\u00e7iyi <strong>15&#8217;inci kez<\/strong> bir araya getirmeye haz\u0131rlan\u0131rken bu y\u0131l \u00fclkemizde <strong>solar end\u00fcstrisinin<\/strong> uluslararas\u0131 <strong>en b\u00fcy\u00fck<\/strong> ve <strong>prestijli merkezi<\/strong> olma \u00f6zelli\u011fini de s\u00fcrd\u00fcr\u00fcyor. Solar sekt\u00f6r\u00fcn\u00fcn yat\u0131r\u0131mc\u0131, \u00fcretici, komponent ve son kullan\u0131c\u0131ya de\u011fin ilgili t\u00fcm profesyonellerinin heyecanla bekledi\u011fi T\u00fcrkiye&#8217;nin ilk ve tek uluslararas\u0131 g\u00fcne\u015f enerjisi ve teknolojileri fuar\u0131<strong> \u00fclkemiz ad\u0131na b\u00fcy\u00fck \u00f6nem arz ediyor<\/strong>.<\/p>\n<p><strong>Yenilenebilir enerji kayna\u011f\u0131<\/strong> olan g\u00fcne\u015f enerjisinin \u00f6nemini vurgulayan SolarEX \u0130stanbul Fuar\u0131&#8217;nda, s\u00fcrd\u00fcr\u00fclebilir bir etkinlik olma yolunda yapt\u0131klar\u0131 \u00e7al\u0131\u015fmalar\u0131 anlatan Fuar\u0131n <strong>Proje Y\u00f6netmeni Yasemin TERLE<\/strong> &#8220;<em>S\u00fcrd\u00fcr\u00fclebilirli\u011fin kat\u0131l\u0131mc\u0131lar\u0131m\u0131z ve ziyaret\u00e7ilerimiz ile bir b\u00fct\u00fcn olarak sekt\u00f6r\u00fcm\u00fcz i\u00e7in giderek daha \u00f6nemli oldu\u011funu biliyoruz. <strong>\u0130klim kriziyle m\u00fccadele<\/strong> ve<strong> s\u00fcrd\u00fcr\u00fclebilir<\/strong> bir gelecek ad\u0131na 2006 y\u0131l\u0131 itibariyle <strong>SolarEX \u0130stanbul Fuar\u0131<\/strong>, \u00fclkemizde <strong>sosyal, \u00e7evresel<\/strong> ve <strong>ekonomik<\/strong> olarak etkilerimizi geli\u015ftirmek i\u00e7in bize bir\u00e7ok f\u0131rsat sunuyor. Etkinli\u011fimizi daha sorumlu hale getirmek ve insanlar\u0131 sekt\u00f6r\u00fcm\u00fczdeki b\u00fcy\u00fck zorluklar\u0131n \u00e7\u00f6z\u00fclmesine yard\u0131mc\u0131 olmak i\u00e7in istedikleri <strong>a\u011flar<\/strong> ve <strong>bilgi<\/strong> ile birle\u015ftirerek pazarlar\u0131m\u0131z\u0131n kendi<strong> s\u00fcrd\u00fcr\u00fclebilirli\u011fini geli\u015ftirmesine yard\u0131mc\u0131<\/strong> olmada bir rol oynamak istiyoruz. Etkinli\u011fimizi her ge\u00e7en g\u00fcn daha fazla <strong>\u00e7evreye duyarl\u0131<\/strong> hale getirmek, <strong>karbon emisyonlar\u0131n\u0131 azaltmak<\/strong>, <strong>daha az at\u0131k yaratmak<\/strong> ve etkinlik i\u00e7in tedarik edilen \u00f6\u011felerin<strong> s\u00fcrd\u00fcr\u00fclebilirlik<\/strong> kapsam\u0131nda yer almas\u0131na dikkat ediyoruz<\/em>&#8221; dedi.<\/p>\n<h3>SolarEX \u0130stanbul Fuar\u0131 S\u00fcrd\u00fcr\u00fclebilir Kalk\u0131nmay\u0131 Destekliyor<\/h3>\n<p><strong>SolarEX \u0130stanbul Fuar\u0131<\/strong>, sekt\u00f6r\u00fcn geli\u015fimi i\u00e7in tasar\u0131mc\u0131lara, <strong>at\u00f6lyelere,<\/strong> <strong>meslek lisesi<\/strong> ve <strong>\u00fcniversitelere<\/strong> destek veriyor. Yurtd\u0131\u015f\u0131 ve yurti\u00e7inden gelecek <strong>G\u00fcne\u015f enerjisi ve teknolojileri<\/strong> sekt\u00f6r\u00fcn\u00fcn \u00f6nc\u00fc <em>uzmanlar\u0131, dernekleri, birlikleri ve kat\u0131l\u0131mc\u0131 firmalar<\/em> fuarla e\u015f zamanl\u0131<strong> \u0130FM&#8217;de<\/strong> d\u00fczenleyece\u011fi <strong>konferans<\/strong> ve oturumlarla kat\u0131l\u0131mc\u0131 ve ziyaret\u00e7ilere<strong> temiz<\/strong>, <strong>yenilenebilir<\/strong><strong>\u00a0enerji kayna\u011f\u0131<\/strong> olan g\u00fcne\u015f enerjisinin \u00f6nemini vurguluyor.<strong> SolarEX \u0130stanbul Fuar\u0131<\/strong>, \u00e7evre dostu \u00e7\u00f6z\u00fcmlerle, sekt\u00f6r\u00fc bir araya getiriyor.<\/p>\n<h3>SolarEX \u0130stanbul Fuar\u0131 \u00c7evreye Duyarl\u0131 Bir Etkinlik<\/h3>\n<p>SolarEX \u0130stanbul Fuar\u0131 <strong>\u00e7evreye duyarl\u0131<\/strong> bir etkinlik olmak i\u00e7in \u00e7al\u0131\u015fmalar\u0131n\u0131 s\u00fcrd\u00fcr\u00fcrken <strong>bas\u0131l\u0131 materyalleri azalt\u0131yor,<\/strong> <strong>yaka kartlar\u0131n\u0131<\/strong> ve <strong>fuar hal\u0131lar\u0131n\u0131<\/strong> geri d\u00f6n\u00fc\u015ft\u00fcr\u00fcyor. Led teknolojisi kullanarak elektrik tasarrufu sa\u011fl\u0131yor. Ka\u011f\u0131t kullan\u0131m\u0131n\u0131 azaltmak i\u00e7in<strong> ziyaret\u00e7i anketlerini<\/strong> tablet arac\u0131l\u0131\u011f\u0131yla ve <strong>online<\/strong> olarak yap\u0131yor.<\/p>\n<p>Etkinlik i\u00e7in gerekli t\u00fcm ihtiya\u00e7lar; stand malzemeleri, elektronik cihazlar,<strong> yiyecek\/i\u00e7ecek<\/strong> malzemeleri vs etkinlik alan\u0131na daha yak\u0131n alanlardan al\u0131n\u0131yor. B\u00f6ylece daha k\u0131sa bir <strong>tedarik zinciri<\/strong> olu\u015fturarak hem zamandan <strong>tasarruf<\/strong> sa\u011flan\u0131yor hem de <strong>ula\u015f\u0131m kaynakl\u0131 emisyonun azalt\u0131lmas\u0131 katk\u0131 sa\u011flan\u0131yor.<\/strong><\/p>\n<h3>SolarEX \u0130stanbul Fuar\u0131 Yenilenebilir Enerjiden G\u00fc\u00e7 Al\u0131yor<\/h3>\n<p>Etkinli\u011fin s\u00fcrd\u00fcr\u00fclebilirli\u011fine olan ba\u011fl\u0131l\u0131\u011f\u0131n\u0131n bir par\u00e7as\u0131 olarak, fuar alan\u0131nda kat\u0131l\u0131m g\u00f6steren d\u00fcnya markas\u0131 <strong>uluslararas\u0131 kat\u0131l\u0131mc\u0131lar\u0131<\/strong> ile elektri\u011fin <strong>%100&#8217;\u00fc<\/strong> yenilenebilir bir kaynaktan \u00fcretilerek yat\u0131r\u0131mc\u0131lar\u0131n kendi enerjisinin <strong>s\u0131n\u0131rs\u0131z kaynak do\u011fal enerji g\u00fcne\u015f enerjisinden<\/strong> sa\u011flamas\u0131 ad\u0131na konferans oturumlar\u0131 sunumlar\u0131 ile bilin\u00e7lendirerek gerek ekonomi a\u00e7\u0131s\u0131ndan gerekse do\u011fa dostu yat\u0131r\u0131mlara katk\u0131 sa\u011fl\u0131yor. <strong>G\u00fcne\u015f Enerjisinden<\/strong> elektrik kullan\u0131m\u0131n\u0131n<strong> karbon n\u00f6tr olmas\u0131, CO2<\/strong> olu\u015fumunu en aza indirmesi ve dolay\u0131s\u0131yla<strong> karbon etkisini<\/strong> \u00f6nemli \u00f6l\u00e7\u00fcde azaltmas\u0131 hedefleniyor.<\/p>\n<p>Yay\u0131nlayan: Muhammet Alperen ERTA\u015e \u2013 Ki\u015fisel Geli\u015fim ve \u0130nceleme Edit\u00f6r\u00fc \u2013 <a href=\"mailto:alperen.ertas@enerjigazetesi.ist\" target=\"_blank\" rel=\"noopener\">alperen.ertas@enerjigazetesi.ist<\/a><\/p>","protected":false},"excerpt":{"rendered":"<p>Sorry, this entry is only available in Turkish. For the sake of viewer convenience, the content is shown below in the alternative language. You may click the link to switch the active language. G\u00fcne\u015f enerjisi sekt\u00f6r\u00fc etkinliklerinden SolarEX \u0130stanbul Fuar\u0131, 2023 organizasyonunda s\u00fcrd\u00fcr\u00fclebilirlik \u00e7al\u0131\u015fmalar\u0131n\u0131 h\u0131zland\u0131rd\u0131. SolarEX \u0130stanbul Fuar\u0131 2022 y\u0131l\u0131 organizasyonunda 300&#8217;\u00fcn \u00fczerinde yerli ve [&hellip;]<\/p>\n","protected":false},"author":19,"featured_media":155971,"comment_status":"open","ping_status":"open","sticky":false,"template":"","format":"standard","meta":[],"categories":[51,53,49],"tags":[5070,52259,2206,52510,53809,1247,54584,27520,1243,1296,105],"views":169,"_links":{"self":[{"href":"https:\/\/www.enerjigazetesi.ist\/en\/wp-json\/wp\/v2\/posts\/155950"}],"collection":[{"href":"https:\/\/www.enerjigazetesi.ist\/en\/wp-json\/wp\/v2\/posts"}],"about":[{"href":"https:\/\/www.enerjigazetesi.ist\/en\/wp-json\/wp\/v2\/types\/post"}],"author":[{"embeddable":true,"href":"https:\/\/www.enerjigazetesi.ist\/en\/wp-json\/wp\/v2\/users\/19"}],"replies":[{"embeddable":true,"href":"https:\/\/www.enerjigazetesi.ist\/en\/wp-json\/wp\/v2\/comments?post=155950"}],"version-history":[{"count":0,"href":"https:\/\/www.enerjigazetesi.ist\/en\/wp-json\/wp\/v2\/posts\/155950\/revisions"}],"wp:featuredmedia":[{"embeddable":true,"href":"https:\/\/www.enerjigazetesi.ist\/en\/wp-json\/wp\/v2\/media\/155971"}],"wp:attachment":[{"href":"https:\/\/www.enerjigazetesi.ist\/en\/wp-json\/wp\/v2\/media?parent=155950"}],"wp:term":[{"taxonomy":"category","embeddable":true,"href":"https:\/\/www.enerjigazetesi.ist\/en\/wp-json\/wp\/v2\/categories?post=155950"},{"taxonomy":"post_tag","embeddable":true,"href":"https:\/\/www.enerjigazetesi.ist\/en\/wp-json\/wp\/v2\/tags?post=155950"}],"curies":[{"name":"wp","href":"https:\/\/api.w.org\/{rel}","templated":true}]}}