{"id":155932,"date":"2022-05-20T12:12:46","date_gmt":"2022-05-20T09:12:46","guid":{"rendered":"https:\/\/www.enerjigazetesi.ist\/?p=155932"},"modified":"2022-05-20T12:14:22","modified_gmt":"2022-05-20T09:14:22","slug":"dayanikli-bir-gezegen-in-insasi-icin-genclik-iklim-hareketi-etkinligi-yapilacak","status":"publish","type":"post","link":"https:\/\/www.enerjigazetesi.ist\/en\/dayanikli-bir-gezegen-in-insasi-icin-genclik-iklim-hareketi-etkinligi-yapilacak\/","title":{"rendered":"(Turkish) Dayan\u0131kl\u0131 bir Gezegenin \u0130n\u015fas\u0131 \u0130\u00e7in &#8216;Gen\u00e7lik \u0130klim Hareketi&#8217; Etkinli\u011fi Yap\u0131lacak"},"content":{"rendered":"<p class=\"qtranxs-available-languages-message qtranxs-available-languages-message-en\">Sorry, this entry is only available in <a href=\"https:\/\/www.enerjigazetesi.ist\/tr\/wp-json\/wp\/v2\/posts\/155932\" class=\"qtranxs-available-language-link qtranxs-available-language-link-tr\" title=\"Turkish\">Turkish<\/a>. For the sake of viewer convenience, the content is shown below in the alternative language. You may click the link to switch the active language.<\/p><p><\/p>\n<h2>T\u00fcm d\u00fcnyada Institut fran\u00e7ais\u2019ler a\u011f\u0131 taraf\u0131ndan d\u00fczenlenen ve bu y\u0131l \u201cBirlikte Yeniden Tasarlamak\u201d temal\u0131 Fikirler Gecesi kapsam\u0131nda, sizi \u201cdaha dayan\u0131kl\u0131 bir Gezegen in\u015fa etmek\u201d ile ilgili gen\u00e7lerin \u00f6zel g\u00f6revleri \u00fczerine yap\u0131lacak konu\u015fmaya davet ediyoruz.<\/h2>\n<p><strong>22 May\u0131s Uluslararas\u0131 Biyo\u00e7e\u015fitlilik G\u00fcn\u00fc<\/strong> ve<strong> 05 Haziran Uluslararas\u0131 \u00c7evre G\u00fcn\u00fc<\/strong>\u2019ne birka\u00e7<img loading=\"lazy\" class=\"alignright wp-image-155936\" src=\"https:\/\/www.enerjigazetesi.ist\/wp-content\/uploads\/2022\/05\/dayanikli-bir-gezegen-in-insasi-icin-genclik-iklim-hareketi-etkinligi-yapilacak.jpg\" alt=\"\" width=\"320\" height=\"190\" srcset=\"https:\/\/www.enerjigazetesi.ist\/wp-content\/uploads\/2022\/05\/dayanikli-bir-gezegen-in-insasi-icin-genclik-iklim-hareketi-etkinligi-yapilacak.jpg 550w, https:\/\/www.enerjigazetesi.ist\/wp-content\/uploads\/2022\/05\/dayanikli-bir-gezegen-in-insasi-icin-genclik-iklim-hareketi-etkinligi-yapilacak-300x178.jpg 300w, https:\/\/www.enerjigazetesi.ist\/wp-content\/uploads\/2022\/05\/dayanikli-bir-gezegen-in-insasi-icin-genclik-iklim-hareketi-etkinligi-yapilacak-500x296.jpg 500w, https:\/\/www.enerjigazetesi.ist\/wp-content\/uploads\/2022\/05\/dayanikli-bir-gezegen-in-insasi-icin-genclik-iklim-hareketi-etkinligi-yapilacak-80x47.jpg 80w\" sizes=\"(max-width: 320px) 100vw, 320px\" \/> g\u00fcn kala, <strong>ulusal<\/strong> ve<strong> uluslararas\u0131<\/strong> forumlarda gezegenimizin gelece\u011fi i\u00e7in istedikleri de\u011fi\u015fikliklerle ilgili seslerini duyuran <strong>T\u00fcrk<\/strong> ve<strong> Frans\u0131z\/Frans\u0131zca<\/strong> konu\u015fan <strong>gen\u00e7 aktivistlerin<\/strong> bak\u0131\u015f a\u00e7\u0131lar\u0131n\u0131 tart\u0131\u015faca\u011f\u0131z.<\/p>\n<p><strong>T\u00fcrk, Frans\u0131z<\/strong> ve uluslararas\u0131 ba\u011flam\u0131nda, sorunlara nas\u0131l yakla\u015f\u0131l\u0131yor ve <strong>iklim de\u011fi\u015fikli\u011fi<\/strong> ve <strong>\u00e7evre<\/strong> ile ilgili<strong> eylem \u00f6nceliklerinin<\/strong> onlar i\u00e7in <em>neler oldu\u011funu d\u00fc\u015f\u00fcn\u00fcyorlar? Fikirlerini savunmak i\u00e7in nas\u0131l \u00f6rg\u00fctleniyorlar? Onlar i\u00e7in bir sonraki \u00f6nemli tarihler nelerdir?<\/em><\/p>\n<p>Tart\u0131\u015fman\u0131n moderat\u00f6rl\u00fc\u011f\u00fc, <em>Birle\u015fmi\u015f Milletler T\u00fcrkiye Kalk\u0131nma Program\u0131<\/em> <strong>iklim de\u011fi\u015fikli\u011fi<\/strong> ve<strong> \u00e7evre<\/strong> portf\u00f6y\u00fcnden sorumlu <strong>Sn. Nuri \u00d6zba\u011fdatl\u0131<\/strong> taraf\u0131ndan yap\u0131lacakt\u0131r.<\/p>\n<p><img loading=\"lazy\" class=\"size-full wp-image-155937 aligncenter\" src=\"https:\/\/www.enerjigazetesi.ist\/wp-content\/uploads\/2022\/05\/dayanikli-bir-gezegen-in-insasi-icin-genclik-iklim-hareketi-etkinligi-yapilacak-1.jpg\" alt=\"\" width=\"550\" height=\"64\" srcset=\"https:\/\/www.enerjigazetesi.ist\/wp-content\/uploads\/2022\/05\/dayanikli-bir-gezegen-in-insasi-icin-genclik-iklim-hareketi-etkinligi-yapilacak-1.jpg 550w, https:\/\/www.enerjigazetesi.ist\/wp-content\/uploads\/2022\/05\/dayanikli-bir-gezegen-in-insasi-icin-genclik-iklim-hareketi-etkinligi-yapilacak-1-300x35.jpg 300w, https:\/\/www.enerjigazetesi.ist\/wp-content\/uploads\/2022\/05\/dayanikli-bir-gezegen-in-insasi-icin-genclik-iklim-hareketi-etkinligi-yapilacak-1-500x58.jpg 500w, https:\/\/www.enerjigazetesi.ist\/wp-content\/uploads\/2022\/05\/dayanikli-bir-gezegen-in-insasi-icin-genclik-iklim-hareketi-etkinligi-yapilacak-1-80x9.jpg 80w\" sizes=\"(max-width: 550px) 100vw, 550px\" \/><\/p>\n<p><strong>25 May\u0131s 2022 \u00c7ar\u015famba &#8211; Saat: 19.30<\/strong><\/p>\n<p><em><strong>Konferans dili Frans\u0131zca ve T\u00fcrk\u00e7e olup iki dil aras\u0131nda sim\u00fcltane \u00e7eviri sa\u011flanacakt\u0131r.<\/strong><\/em><\/p>\n<p><strong>Detayl\u0131 Bilgi ve Kay\u0131tlar \u0130\u00e7in:<\/strong> <a href=\"https:\/\/www.ifturquie.org\/etkinlik\/table-ronde-la-nuit-des-idees-reconstruire-ensemble\/\" target=\"_blank\" rel=\"noopener\">https:\/\/www.ifturquie.org\/etkinlik\/table-ronde-la-nuit-des-idees-reconstruire-ensemble\/<\/a> adresini ziyaret edebilirsiniz.<\/p>","protected":false},"excerpt":{"rendered":"<p>Sorry, this entry is only available in Turkish. For the sake of viewer convenience, the content is shown below in the alternative language. You may click the link to switch the active language. T\u00fcm d\u00fcnyada Institut fran\u00e7ais\u2019ler a\u011f\u0131 taraf\u0131ndan d\u00fczenlenen ve bu y\u0131l \u201cBirlikte Yeniden Tasarlamak\u201d temal\u0131 Fikirler Gecesi kapsam\u0131nda, sizi \u201cdaha dayan\u0131kl\u0131 bir Gezegen [&hellip;]<\/p>\n","protected":false},"author":1,"featured_media":155936,"comment_status":"open","ping_status":"open","sticky":false,"template":"","format":"standard","meta":[],"categories":[53],"tags":[2530,85475,103454,1999,61851,86470,103455,103456],"views":82,"_links":{"self":[{"href":"https:\/\/www.enerjigazetesi.ist\/en\/wp-json\/wp\/v2\/posts\/155932"}],"collection":[{"href":"https:\/\/www.enerjigazetesi.ist\/en\/wp-json\/wp\/v2\/posts"}],"about":[{"href":"https:\/\/www.enerjigazetesi.ist\/en\/wp-json\/wp\/v2\/types\/post"}],"author":[{"embeddable":true,"href":"https:\/\/www.enerjigazetesi.ist\/en\/wp-json\/wp\/v2\/users\/1"}],"replies":[{"embeddable":true,"href":"https:\/\/www.enerjigazetesi.ist\/en\/wp-json\/wp\/v2\/comments?post=155932"}],"version-history":[{"count":0,"href":"https:\/\/www.enerjigazetesi.ist\/en\/wp-json\/wp\/v2\/posts\/155932\/revisions"}],"wp:featuredmedia":[{"embeddable":true,"href":"https:\/\/www.enerjigazetesi.ist\/en\/wp-json\/wp\/v2\/media\/155936"}],"wp:attachment":[{"href":"https:\/\/www.enerjigazetesi.ist\/en\/wp-json\/wp\/v2\/media?parent=155932"}],"wp:term":[{"taxonomy":"category","embeddable":true,"href":"https:\/\/www.enerjigazetesi.ist\/en\/wp-json\/wp\/v2\/categories?post=155932"},{"taxonomy":"post_tag","embeddable":true,"href":"https:\/\/www.enerjigazetesi.ist\/en\/wp-json\/wp\/v2\/tags?post=155932"}],"curies":[{"name":"wp","href":"https:\/\/api.w.org\/{rel}","templated":true}]}}