{"id":155891,"date":"2022-05-19T21:54:27","date_gmt":"2022-05-19T18:54:27","guid":{"rendered":"https:\/\/www.enerjigazetesi.ist\/?p=155891"},"modified":"2022-05-19T21:54:27","modified_gmt":"2022-05-19T18:54:27","slug":"isi-ve-aleve-dayanikli-silikon-kablolar-hannover-messe-fuarinda-yer-alacak","status":"publish","type":"post","link":"https:\/\/www.enerjigazetesi.ist\/en\/isi-ve-aleve-dayanikli-silikon-kablolar-hannover-messe-fuarinda-yer-alacak\/","title":{"rendered":"(Turkish) Is\u0131 ve Aleve Dayan\u0131kl\u0131 Silikon Kablolar &#8216;Hannover Messe Fuar\u0131&#8217;nda Yer Alacak"},"content":{"rendered":"<p class=\"qtranxs-available-languages-message qtranxs-available-languages-message-en\">Sorry, this entry is only available in <a href=\"https:\/\/www.enerjigazetesi.ist\/tr\/wp-json\/wp\/v2\/posts\/155891\" class=\"qtranxs-available-language-link qtranxs-available-language-link-tr\" title=\"Turkish\">Turkish<\/a>. For the sake of viewer convenience, the content is shown below in the alternative language. You may click the link to switch the active language.<\/p><p><\/p>\n<h2>Hannover Messe, 30 May\u0131s\u2013 02 Haziran 2022 tarihleri aras\u0131nda end\u00fcstri tutkunlar\u0131 ile bir araya gelirken bu y\u0131l \u00fclkemizi g\u00fcvenilir \u00fcr\u00fcnleri ve inovatif patentleri ile Ba\u015fo\u011flu Kablo&#8217;da yer alacak.<\/h2>\n<p><em>\u0130n\u015faat, beyaz e\u015fya, ayd\u0131nlatma, demir \u00e7elik ve cam sanayi, otomotiv verayl\u0131 ta\u015f\u0131mac\u0131l\u0131k, madencilik, sa\u011fl\u0131k, g\u0131da, gemi in\u015fas\u0131, makine ve elektrik sanayisi<\/em> gibi bir\u00e7ok sekt\u00f6re hizmet veren firma, d\u00fcnyan\u0131n d\u00f6rt bir yan\u0131na ihracat yaparak T\u00fcrkiye\u2019nin en bilinen \u00fcreticilerinden biri olma unvan\u0131na sahip.<\/p>\n<p style=\"text-align: center;\"><img loading=\"lazy\" class=\"aligncenter wp-image-155893\" src=\"https:\/\/www.enerjigazetesi.ist\/wp-content\/uploads\/2022\/05\/isi-ve-aleve-dayanikli-silikon-kablolar-hannover-messe-fuarinda-yer-alacak-2.jpg\" alt=\"\" width=\"500\" height=\"295\" srcset=\"https:\/\/www.enerjigazetesi.ist\/wp-content\/uploads\/2022\/05\/isi-ve-aleve-dayanikli-silikon-kablolar-hannover-messe-fuarinda-yer-alacak-2.jpg 550w, https:\/\/www.enerjigazetesi.ist\/wp-content\/uploads\/2022\/05\/isi-ve-aleve-dayanikli-silikon-kablolar-hannover-messe-fuarinda-yer-alacak-2-300x177.jpg 300w, https:\/\/www.enerjigazetesi.ist\/wp-content\/uploads\/2022\/05\/isi-ve-aleve-dayanikli-silikon-kablolar-hannover-messe-fuarinda-yer-alacak-2-500x295.jpg 500w, https:\/\/www.enerjigazetesi.ist\/wp-content\/uploads\/2022\/05\/isi-ve-aleve-dayanikli-silikon-kablolar-hannover-messe-fuarinda-yer-alacak-2-80x47.jpg 80w\" sizes=\"(max-width: 500px) 100vw, 500px\" \/><\/p>\n<p>Kablo, enjeksiyon, kompresyon kal\u0131plama, conta gruplama, kablo gruplama ve silikon komponent ba\u015fl\u0131klar\u0131 alt\u0131nda geni\u015f bir yerli \u00fcretim yelpazesine sahip olan Ba\u015fo\u011flu Kablo, \u00fcr\u00fcnlerinin neredeyse tamam\u0131n\u0131 Hannover Messe\u2019de sergileyecek. Fuarda <strong>silikon, PVC, XLPE ve XLPO kablolar\u0131<\/strong> ve <strong>kablo gruplar\u0131<\/strong>n\u0131 ve tan\u0131tmay\u0131 hedefleyen marka; yerli \u00fcretim silikon profil, bask\u0131 conta ve sinyal lambalar\u0131n\u0131 da ziyaret\u00e7ileri ve i\u015f orta\u011f\u0131 adaylar\u0131yla bulu\u015fturacak olup Ba\u015fo\u011flu Kablo\u2019nun yeni \u00fcretimi olan silikon izole bantlar da sekt\u00f6r\u00fcn be\u011fenisine sunulacak.<\/p>\n<h3><strong>Markan\u0131n En Rekabet\u00e7i\u00dcr\u00fcn\u00fc Is\u0131 Dayan\u0131ml\u0131 Silikon Kablolar \u00d6n Planda Olacak<\/strong><\/h3>\n<p>Fuarda <strong>t\u00fcm kablo<\/strong> ve<strong> kablo \u00e7e\u015fitleri<\/strong> \u00fczerine uzmanl\u0131\u011f\u0131n\u0131 sergilemeyi planlayan firma, sekt\u00f6rde en iddial\u0131 oldu\u011fu \u00fcr\u00fcn\u00fc <strong>\u0131s\u0131 ve alev dayan\u0131ml\u0131 silikon kablolar\u0131<\/strong> \u00f6ne \u00e7\u0131karaca\u011f\u0131n\u0131 da a\u00e7\u0131klad\u0131. Yang\u0131n esnas\u0131nda <strong>180 dakika<\/strong> boyunca <strong>\u0131s\u0131<\/strong> ve<strong> alev<\/strong> alt\u0131nda \u00e7al\u0131\u015fabilen bu kablolar, s\u0131cak ortamda ve alev alt\u0131nda dahi <strong>damlama yapmamas\u0131<\/strong> ve <strong>izolasyon zay\u0131flamas\u0131<\/strong> ya\u015famamas\u0131ndan dolay\u0131, <strong>ak\u0131m ta\u015f\u0131ma kapasitesinden \u00f6d\u00fcn vermemesi<\/strong> ile alan\u0131nda en \u00e7ok fark yaratan ve tercih edilen \u00fcr\u00fcn olma \u00f6zelli\u011fini ta\u015f\u0131yor. <em>&#8220;T\u00fcrkiye S\u0131n\u0131rlar\u0131n\u0131n\u00d6tesinde Bir \u00dcretim Anlay\u0131\u015f\u0131&#8221;<\/em> ile \u00fcretilen <strong>\u0131s\u0131 dayan\u0131ml\u0131 silikon kablolar<\/strong> \u00fclkemizde oldu\u011fu kadar global pazarda da olduk\u00e7a ilgi g\u00f6r\u00fcyor. Bu \u00f6zellikleri ile markan\u0131n en \u00e7ok \u00f6ne \u00e7\u0131kan ve en rekabet\u00e7i \u00fcr\u00fcn\u00fc olan \u0131s\u0131 dayan\u0131ml\u0131 <strong>silikon kablolar, Ba\u015fo\u011flu Kablo<\/strong> stand\u0131n\u0131n en \u00f6n plandaki \u00fcr\u00fcn\u00fc olarak ziyaret\u00e7ilere ve kat\u0131l\u0131mc\u0131lara tan\u0131t\u0131lacak. Fuara firman\u0131n <em>Sat\u0131\u015f ve Pazarlama M\u00fcd\u00fcr\u00fc<\/em><strong> Mehmet Akif Macit<\/strong> ve <strong><em>Sat\u0131\u015f ve Pazarlama \u0130hracat Asistan\u0131<\/em> Riadh Yousfi de <\/strong>kat\u0131lacak.<\/p>","protected":false},"excerpt":{"rendered":"<p>Sorry, this entry is only available in Turkish. For the sake of viewer convenience, the content is shown below in the alternative language. You may click the link to switch the active language. Hannover Messe, 30 May\u0131s\u2013 02 Haziran 2022 tarihleri aras\u0131nda end\u00fcstri tutkunlar\u0131 ile bir araya gelirken bu y\u0131l \u00fclkemizi g\u00fcvenilir \u00fcr\u00fcnleri ve inovatif [&hellip;]<\/p>\n","protected":false},"author":1,"featured_media":155894,"comment_status":"open","ping_status":"open","sticky":false,"template":"","format":"standard","meta":[],"categories":[51,53],"tags":[103435,26353,41380,19950,103438,103436,103437],"views":75,"_links":{"self":[{"href":"https:\/\/www.enerjigazetesi.ist\/en\/wp-json\/wp\/v2\/posts\/155891"}],"collection":[{"href":"https:\/\/www.enerjigazetesi.ist\/en\/wp-json\/wp\/v2\/posts"}],"about":[{"href":"https:\/\/www.enerjigazetesi.ist\/en\/wp-json\/wp\/v2\/types\/post"}],"author":[{"embeddable":true,"href":"https:\/\/www.enerjigazetesi.ist\/en\/wp-json\/wp\/v2\/users\/1"}],"replies":[{"embeddable":true,"href":"https:\/\/www.enerjigazetesi.ist\/en\/wp-json\/wp\/v2\/comments?post=155891"}],"version-history":[{"count":0,"href":"https:\/\/www.enerjigazetesi.ist\/en\/wp-json\/wp\/v2\/posts\/155891\/revisions"}],"wp:featuredmedia":[{"embeddable":true,"href":"https:\/\/www.enerjigazetesi.ist\/en\/wp-json\/wp\/v2\/media\/155894"}],"wp:attachment":[{"href":"https:\/\/www.enerjigazetesi.ist\/en\/wp-json\/wp\/v2\/media?parent=155891"}],"wp:term":[{"taxonomy":"category","embeddable":true,"href":"https:\/\/www.enerjigazetesi.ist\/en\/wp-json\/wp\/v2\/categories?post=155891"},{"taxonomy":"post_tag","embeddable":true,"href":"https:\/\/www.enerjigazetesi.ist\/en\/wp-json\/wp\/v2\/tags?post=155891"}],"curies":[{"name":"wp","href":"https:\/\/api.w.org\/{rel}","templated":true}]}}