{"id":155866,"date":"2022-05-19T14:00:27","date_gmt":"2022-05-19T11:00:27","guid":{"rendered":"https:\/\/www.enerjigazetesi.ist\/?p=155866"},"modified":"2022-05-19T14:00:27","modified_gmt":"2022-05-19T11:00:27","slug":"sanko-enerji-devreye-aldigi-4-ruzgar-santralinin-acilisini-gerceklestirdi","status":"publish","type":"post","link":"https:\/\/www.enerjigazetesi.ist\/en\/sanko-enerji-devreye-aldigi-4-ruzgar-santralinin-acilisini-gerceklestirdi\/","title":{"rendered":"(Turkish) Sanko Enerji Devreye Ald\u0131\u011f\u0131 4 R\u00fczgar Santrali&#8217;nin A\u00e7\u0131l\u0131\u015f\u0131n\u0131 Ger\u00e7ekle\u015ftirdi"},"content":{"rendered":"<p class=\"qtranxs-available-languages-message qtranxs-available-languages-message-en\">Sorry, this entry is only available in <a href=\"https:\/\/www.enerjigazetesi.ist\/tr\/wp-json\/wp\/v2\/posts\/155866\" class=\"qtranxs-available-language-link qtranxs-available-language-link-tr\" title=\"Turkish\">Turkish<\/a>. For the sake of viewer convenience, the content is shown below in the alternative language. You may click the link to switch the active language.<\/p><p><\/p>\n<h2>Yenilenebilir enerji kaynaklar\u0131na dayal\u0131 1.000 MW\u2019l\u0131k kurulu g\u00fcc\u00fcyle % 100 ye\u015fil enerji \u00fcretimi yapan Sanko Enerji Grubu, son d\u00f6nemde devreye ald\u0131\u011f\u0131 4 ayr\u0131 r\u00fczgar enerji santralinin a\u00e7\u0131l\u0131\u015f\u0131n\u0131 Bursa\u2019da in\u015fa edilen G\u00fcney-1 R\u00fczgar Enerji Santralinde ger\u00e7ekle\u015ftirdi.<\/h2>\n<p>Pandemi s\u00fcrecinde devreye al\u0131nan di\u011fer r\u00fczg\u00e2r santralleri <strong>Akyel-1, Akyel-2 <\/strong>ve<strong> Gazi-9\u00a0RES<\/strong>\u2019i de temsilen <strong>G\u00fcney-1 RES<\/strong>\u2019te yap\u0131ld\u0131.<\/p>\n<h3><strong>R\u00fczgar Portf\u00f6y\u00fc 300 MW\u2019\u0131 Ge\u00e7ti<\/strong><\/h3>\n<p><strong><img loading=\"lazy\" class=\"alignright wp-image-155868\" src=\"https:\/\/www.enerjigazetesi.ist\/wp-content\/uploads\/2022\/05\/sanko-enerji-devreye-aldigi-4-ruzgar-santralinin-acilisini-gerceklestirdi-2.jpg\" alt=\"\" width=\"320\" height=\"221\" srcset=\"https:\/\/www.enerjigazetesi.ist\/wp-content\/uploads\/2022\/05\/sanko-enerji-devreye-aldigi-4-ruzgar-santralinin-acilisini-gerceklestirdi-2.jpg 550w, https:\/\/www.enerjigazetesi.ist\/wp-content\/uploads\/2022\/05\/sanko-enerji-devreye-aldigi-4-ruzgar-santralinin-acilisini-gerceklestirdi-2-300x207.jpg 300w, https:\/\/www.enerjigazetesi.ist\/wp-content\/uploads\/2022\/05\/sanko-enerji-devreye-aldigi-4-ruzgar-santralinin-acilisini-gerceklestirdi-2-500x345.jpg 500w, https:\/\/www.enerjigazetesi.ist\/wp-content\/uploads\/2022\/05\/sanko-enerji-devreye-aldigi-4-ruzgar-santralinin-acilisini-gerceklestirdi-2-73x50.jpg 73w\" sizes=\"(max-width: 320px) 100vw, 320px\" \/>G\u00fcney-1, Akyel-1, Akyel-2 <\/strong>ve <strong>Gazi-9 RES<\/strong>\u2019le birlikte toplam <strong>6 r\u00fczgar enerji santrali<\/strong> i\u015fleten <strong>Sanko Enerji Grubu&#8217;<\/strong>nun r\u00fczgar kurulu g\u00fcc\u00fc <strong>300 MW<\/strong>\u2019\u0131 a\u015fm\u0131\u015f oldu. Bu 4 yeni santral <strong>248.000<\/strong> haneyi ayd\u0131nlatacak ve y\u0131lda <strong>358.000<\/strong> tondan fazla <strong>karbon sal\u0131m\u0131n\u0131n<\/strong> \u00f6n\u00fcne ge\u00e7ecek.<\/p>\n<p>R\u00fczgar d\u0131\u015f\u0131nda 6<strong> hidroelektrik<\/strong> ve 3<strong> jeotermal<\/strong> santraliyle bu alanlarda da \u00fcretim yapan ve dengeli bir portf\u00f6ye sahip olan Grup, <strong>hibrit santraller<\/strong> arac\u0131l\u0131\u011f\u0131yla <strong>g\u00fcne\u015f enerjisi<\/strong>ni de portf\u00f6y\u00fcne katmay\u0131 planl\u0131yor.<\/p>\n<h3><strong>2 y\u0131ll\u0131k Covid pandemisi aras\u0131ndan sonra \u201cFark\u0131nday\u0131z\u201d temal\u0131 ilk bulu\u015fma\u00a0<\/strong><\/h3>\n<p><strong>Covid-19 pandemisi<\/strong> dolay\u0131s\u0131yla <strong>2 y\u0131l\u0131 a\u015fk\u0131n<\/strong> bir s\u00fcredir fiziki olarak bir araya gelemeyen <strong>Sanko Enerji Grubu<\/strong> <em>\u00e7al\u0131\u015fanlar\u0131, a\u00e7\u0131l\u0131\u015f t\u00f6reni<\/em> ve sonras\u0131nda d\u00fczenlenen e\u011flence program\u0131yla yeniden birlikte olma f\u0131rsat\u0131 da buldu. Pandemi vesilesiyle<strong> sa\u011fl\u0131k, sosyalle\u015fme<\/strong>, bir arada olma, <strong>do\u011fayla b\u00fct\u00fcnle\u015fme<\/strong> ve <strong>enerjiyi do\u011fadan \u00fcretme<\/strong> gibi hayati konular\u0131n fark\u0131nda olmaya i\u015faret eden <strong>\u201cFark\u0131nday\u0131z\u201d<\/strong> temas\u0131yla d\u00fczenlenen organizasyona kat\u0131lan \u015firket \u00e7al\u0131\u015fanlar\u0131, hem <strong>G\u00fcney-1 RES<\/strong> alan\u0131nda kendileri i\u00e7in haz\u0131rlanm\u0131\u015f <strong>\u00f6zel programda sosyalle\u015fme f\u0131rsat\u0131<\/strong> buldu hem de g\u00fcn\u00fcn geri kalan\u0131nda konaklad\u0131klar\u0131 otelde d\u00fczenlenen e\u011flence program\u0131nda keyifli anlar ya\u015fad\u0131.<\/p>","protected":false},"excerpt":{"rendered":"<p>Sorry, this entry is only available in Turkish. For the sake of viewer convenience, the content is shown below in the alternative language. You may click the link to switch the active language. Yenilenebilir enerji kaynaklar\u0131na dayal\u0131 1.000 MW\u2019l\u0131k kurulu g\u00fcc\u00fcyle % 100 ye\u015fil enerji \u00fcretimi yapan Sanko Enerji Grubu, son d\u00f6nemde devreye ald\u0131\u011f\u0131 4 [&hellip;]<\/p>\n","protected":false},"author":1,"featured_media":155869,"comment_status":"open","ping_status":"open","sticky":false,"template":"","format":"standard","meta":[],"categories":[51,53,50],"tags":[103430,103429,474,233,6854,2907],"views":271,"_links":{"self":[{"href":"https:\/\/www.enerjigazetesi.ist\/en\/wp-json\/wp\/v2\/posts\/155866"}],"collection":[{"href":"https:\/\/www.enerjigazetesi.ist\/en\/wp-json\/wp\/v2\/posts"}],"about":[{"href":"https:\/\/www.enerjigazetesi.ist\/en\/wp-json\/wp\/v2\/types\/post"}],"author":[{"embeddable":true,"href":"https:\/\/www.enerjigazetesi.ist\/en\/wp-json\/wp\/v2\/users\/1"}],"replies":[{"embeddable":true,"href":"https:\/\/www.enerjigazetesi.ist\/en\/wp-json\/wp\/v2\/comments?post=155866"}],"version-history":[{"count":0,"href":"https:\/\/www.enerjigazetesi.ist\/en\/wp-json\/wp\/v2\/posts\/155866\/revisions"}],"wp:featuredmedia":[{"embeddable":true,"href":"https:\/\/www.enerjigazetesi.ist\/en\/wp-json\/wp\/v2\/media\/155869"}],"wp:attachment":[{"href":"https:\/\/www.enerjigazetesi.ist\/en\/wp-json\/wp\/v2\/media?parent=155866"}],"wp:term":[{"taxonomy":"category","embeddable":true,"href":"https:\/\/www.enerjigazetesi.ist\/en\/wp-json\/wp\/v2\/categories?post=155866"},{"taxonomy":"post_tag","embeddable":true,"href":"https:\/\/www.enerjigazetesi.ist\/en\/wp-json\/wp\/v2\/tags?post=155866"}],"curies":[{"name":"wp","href":"https:\/\/api.w.org\/{rel}","templated":true}]}}