{"id":155854,"date":"2022-05-18T17:49:44","date_gmt":"2022-05-18T14:49:44","guid":{"rendered":"https:\/\/www.enerjigazetesi.ist\/?p=155854"},"modified":"2022-05-18T17:59:43","modified_gmt":"2022-05-18T14:59:43","slug":"avrupa-yesil-mutabakati-ve-turkiye-etkinligi-24-mayis-sali-saat-18-00-de","status":"publish","type":"post","link":"https:\/\/www.enerjigazetesi.ist\/en\/avrupa-yesil-mutabakati-ve-turkiye-etkinligi-24-mayis-sali-saat-18-00-de\/","title":{"rendered":"(Turkish) Avrupa Ye\u015fil Mutabakat\u0131 ve T\u00fcrkiye Etkinli\u011fi 24 May\u0131s Sal\u0131 Saat 18:00&#8217;de"},"content":{"rendered":"<p class=\"qtranxs-available-languages-message qtranxs-available-languages-message-en\">Sorry, this entry is only available in <a href=\"https:\/\/www.enerjigazetesi.ist\/tr\/wp-json\/wp\/v2\/posts\/155854\" class=\"qtranxs-available-language-link qtranxs-available-language-link-tr\" title=\"Turkish\">Turkish<\/a>. For the sake of viewer convenience, the content is shown below in the alternative language. You may click the link to switch the active language.<\/p><p><\/p>\n<h2>Kadir Has \u00dcniversitesi\u00a0Enerji ve S\u00fcrd\u00fcr\u00fclebilir Kalk\u0131nma Merkezi (CESD)\u00a0ile\u00a0Enerji ve \u0130klim De\u011fi\u015fikli\u011fi Vakf\u0131 <img loading=\"lazy\" class=\"alignright wp-image-155857\" src=\"https:\/\/www.enerjigazetesi.ist\/wp-content\/uploads\/2022\/05\/avrupa-yesil-mutabakati-ve-turkiye-etkinligi-24-mayis-sali-saat-18-00-de.jpg\" alt=\"\" width=\"300\" height=\"251\" srcset=\"https:\/\/www.enerjigazetesi.ist\/wp-content\/uploads\/2022\/05\/avrupa-yesil-mutabakati-ve-turkiye-etkinligi-24-mayis-sali-saat-18-00-de.jpg 550w, https:\/\/www.enerjigazetesi.ist\/wp-content\/uploads\/2022\/05\/avrupa-yesil-mutabakati-ve-turkiye-etkinligi-24-mayis-sali-saat-18-00-de-300x251.jpg 300w, https:\/\/www.enerjigazetesi.ist\/wp-content\/uploads\/2022\/05\/avrupa-yesil-mutabakati-ve-turkiye-etkinligi-24-mayis-sali-saat-18-00-de-477x400.jpg 477w, https:\/\/www.enerjigazetesi.ist\/wp-content\/uploads\/2022\/05\/avrupa-yesil-mutabakati-ve-turkiye-etkinligi-24-mayis-sali-saat-18-00-de-60x50.jpg 60w, https:\/\/www.enerjigazetesi.ist\/wp-content\/uploads\/2022\/05\/avrupa-yesil-mutabakati-ve-turkiye-etkinligi-24-mayis-sali-saat-18-00-de-500x419.jpg 500w\" sizes=\"(max-width: 300px) 100vw, 300px\" \/>(EN\u0130VA)\u00a0taraf\u0131ndan d\u00fczenlenen\u00a0<strong>\u201cYe\u015fil Mutabakat ve T\u00fcrkiye-17\u201d\u00a0<\/strong>etkinli\u011fi, <strong>24 May\u0131s Sal\u0131<\/strong> g\u00fcn\u00fc 18:00-19:00 aras\u0131nda ger\u00e7ekle\u015ftirilecektir.<\/h2>\n<p><em>KHAS CESD M\u00fcd\u00fcr\u00fc<\/em> ve<em> EN\u0130VA YK Ba\u015fkan\u0131<\/em>\u00a0<strong>Prof. Dr. Volkan \u015e. Ediger <\/strong>moderat\u00f6rl\u00fc\u011f\u00fcnde, konu\u011fumuz <em>Uluslararas\u0131 K\u0131br\u0131s \u00dcniversitesi K\u0131demli \u00d6\u011fretim G\u00f6revlisi<\/em>,<strong> Necdet Pamir<\/strong><strong>\u00a0<\/strong>ile\u00a0<strong>\u201cAvrupa Ye\u015fil Mutabakat\u0131 ve T\u00fcrkiye\u201d<\/strong> konusunda sohbet ger\u00e7ekle\u015ftirilecektir.<\/p>\n<p>Etkinli\u011fe kat\u0131l\u0131m i\u00e7in\u00a0<a href=\"https:\/\/bit.ly\/3KROZet\" target=\"_blank\" rel=\"noopener\" data-auth=\"NotApplicable\">https:\/\/bit.ly\/3KROZet<\/a>\u00a0linkinden\u00a0kay\u0131t yap\u0131lmas\u0131 gerekmektedir.<\/p>","protected":false},"excerpt":{"rendered":"<p>Sorry, this entry is only available in Turkish. For the sake of viewer convenience, the content is shown below in the alternative language. You may click the link to switch the active language. Kadir Has \u00dcniversitesi\u00a0Enerji ve S\u00fcrd\u00fcr\u00fclebilir Kalk\u0131nma Merkezi (CESD)\u00a0ile\u00a0Enerji ve \u0130klim De\u011fi\u015fikli\u011fi Vakf\u0131 (EN\u0130VA)\u00a0taraf\u0131ndan d\u00fczenlenen\u00a0\u201cYe\u015fil Mutabakat ve T\u00fcrkiye-17\u201d\u00a0etkinli\u011fi, 24 May\u0131s Sal\u0131 g\u00fcn\u00fc 18:00-19:00 [&hellip;]<\/p>\n","protected":false},"author":1,"featured_media":155857,"comment_status":"open","ping_status":"open","sticky":false,"template":"","format":"standard","meta":[],"categories":[53,52],"tags":[33146,10263,10262,4033,85540],"views":193,"_links":{"self":[{"href":"https:\/\/www.enerjigazetesi.ist\/en\/wp-json\/wp\/v2\/posts\/155854"}],"collection":[{"href":"https:\/\/www.enerjigazetesi.ist\/en\/wp-json\/wp\/v2\/posts"}],"about":[{"href":"https:\/\/www.enerjigazetesi.ist\/en\/wp-json\/wp\/v2\/types\/post"}],"author":[{"embeddable":true,"href":"https:\/\/www.enerjigazetesi.ist\/en\/wp-json\/wp\/v2\/users\/1"}],"replies":[{"embeddable":true,"href":"https:\/\/www.enerjigazetesi.ist\/en\/wp-json\/wp\/v2\/comments?post=155854"}],"version-history":[{"count":0,"href":"https:\/\/www.enerjigazetesi.ist\/en\/wp-json\/wp\/v2\/posts\/155854\/revisions"}],"wp:featuredmedia":[{"embeddable":true,"href":"https:\/\/www.enerjigazetesi.ist\/en\/wp-json\/wp\/v2\/media\/155857"}],"wp:attachment":[{"href":"https:\/\/www.enerjigazetesi.ist\/en\/wp-json\/wp\/v2\/media?parent=155854"}],"wp:term":[{"taxonomy":"category","embeddable":true,"href":"https:\/\/www.enerjigazetesi.ist\/en\/wp-json\/wp\/v2\/categories?post=155854"},{"taxonomy":"post_tag","embeddable":true,"href":"https:\/\/www.enerjigazetesi.ist\/en\/wp-json\/wp\/v2\/tags?post=155854"}],"curies":[{"name":"wp","href":"https:\/\/api.w.org\/{rel}","templated":true}]}}