{"id":155817,"date":"2022-05-18T10:22:31","date_gmt":"2022-05-18T07:22:31","guid":{"rendered":"https:\/\/www.enerjigazetesi.ist\/?p=155817"},"modified":"2022-05-18T10:25:15","modified_gmt":"2022-05-18T07:25:15","slug":"bina-yalitimi-na-yonelik-sik-sorulan-9-soru","status":"publish","type":"post","link":"https:\/\/www.enerjigazetesi.ist\/en\/bina-yalitimi-na-yonelik-sik-sorulan-9-soru\/","title":{"rendered":"(Turkish) Bina Yal\u0131t\u0131m\u0131&#8217;na Y\u00f6nelik S\u0131k Sorulan 9 Soru"},"content":{"rendered":"<p class=\"qtranxs-available-languages-message qtranxs-available-languages-message-en\">Sorry, this entry is only available in <a href=\"https:\/\/www.enerjigazetesi.ist\/tr\/wp-json\/wp\/v2\/posts\/155817\" class=\"qtranxs-available-language-link qtranxs-available-language-link-tr\" title=\"Turkish\">Turkish<\/a>. For the sake of viewer convenience, the content is shown below in the alternative language. You may click the link to switch the active language.<\/p><p><\/p>\n<h2>Ya\u015fam alanlar\u0131na yal\u0131t\u0131m yapt\u0131rmak isteyen t\u00fcketiciler, karar a\u015famas\u0131ndayken baz\u0131 konularda soru i\u015faretleri ya\u015fayabiliyorlar. Yaz aylar\u0131nda \u00e7at\u0131 katlar\u0131ndaki bunaltan s\u0131caklar \u00e7are olur mu? Yal\u0131t\u0131mla faturalar\u0131mda ne kadar tasarruf sa\u011flar\u0131m?&#8230; gibi pek \u00e7ok soru kafalar\u0131 kurcalayabiliyor.<\/h2>\n<p>\u0130zocam taraf\u0131ndan t\u00fcketicilerin do\u011fru bilgiye ula\u015fmalar\u0131 amac\u0131yla, bina yal\u0131t\u0131m\u0131yla alakal\u0131 en \u00e7ok merak edilen sorulara a\u00e7\u0131kl\u0131k getirilirken i\u015fte bina yal\u0131t\u0131m\u0131nda s\u0131k sorulan <span style=\"text-decoration: underline;\">9 soru ve yan\u0131tlar\u0131:<\/span><\/p>\n<p><img loading=\"lazy\" class=\"alignright wp-image-155819\" src=\"https:\/\/www.enerjigazetesi.ist\/wp-content\/uploads\/2022\/05\/bina-yalitimi-na-yonelik-sik-sorulan-9-soru-2.jpg\" alt=\"\" width=\"300\" height=\"239\" srcset=\"https:\/\/www.enerjigazetesi.ist\/wp-content\/uploads\/2022\/05\/bina-yalitimi-na-yonelik-sik-sorulan-9-soru-2.jpg 550w, https:\/\/www.enerjigazetesi.ist\/wp-content\/uploads\/2022\/05\/bina-yalitimi-na-yonelik-sik-sorulan-9-soru-2-300x239.jpg 300w, https:\/\/www.enerjigazetesi.ist\/wp-content\/uploads\/2022\/05\/bina-yalitimi-na-yonelik-sik-sorulan-9-soru-2-500x399.jpg 500w, https:\/\/www.enerjigazetesi.ist\/wp-content\/uploads\/2022\/05\/bina-yalitimi-na-yonelik-sik-sorulan-9-soru-2-63x50.jpg 63w\" sizes=\"(max-width: 300px) 100vw, 300px\" \/><\/p>\n<h3><strong>1- Bir binan\u0131n en \u00fcst kat\u0131nda ya\u015f\u0131yorum. Yazlar\u0131 a\u015f\u0131r\u0131 s\u0131cak oluyor. Yapabilece\u011fim bir \u015fey var m\u0131? <\/strong><\/h3>\n<p>\u00c7at\u0131da yap\u0131lacak \u0131s\u0131 yal\u0131t\u0131m\u0131 ile yaz\u0131n a\u015f\u0131r\u0131 \u0131s\u0131nma sorunu \u00e7\u00f6z\u00fclebilir. \u00c7at\u0131 aras\u0131 kullan\u0131lm\u0131yorsa, zemine uygulanacak <strong>\u00e7at\u0131 \u015filtesi<\/strong> veya<strong> rulopan uygulamas\u0131<\/strong> ile \u00e7\u00f6z\u00fcme ula\u015fabilirsiniz.<\/p>\n<h3><strong>2- Odamdan evin i\u00e7ine ve di\u011fer katlara \u00e7ok ses gidiyor. Ne yapabilirim?<\/strong><\/h3>\n<p><strong>Ses probleminin<\/strong> en iyi \u00e7\u00f6z\u00fcm\u00fc sesin kayna\u011f\u0131nda al\u0131nan \u00f6nlemlerle olur. <strong>Y\u00fczer d\u00f6\u015feme uygulamas\u0131<\/strong> ve<strong> duvarlarda kalibel uygulamas\u0131<\/strong> ile kom\u015fulara giden <strong>g\u00fcr\u00fclt\u00fc d\u00fczeyi<\/strong> azalt\u0131labilir.<\/p>\n<h3><strong>3- Is\u0131tmaya \u00e7ok fazla para harc\u0131yorum. Yal\u0131t\u0131mla tasarruf sa\u011flayabilir miyim?<\/strong><\/h3>\n<p>Binalara uygulanacak yal\u0131t\u0131m yaparak hem <strong>\u0131s\u0131tma<\/strong> hem <strong>so\u011futma<\/strong> i\u00e7in yapt\u0131\u011f\u0131n\u0131z harcamalarda <strong>%60<\/strong>&#8216;a varan tasarruf sa\u011flayabilirsiniz.<\/p>\n<h3><strong>4- Is\u0131 yal\u0131t\u0131m\u0131 zamanla etkisini kaybeder mi? Tekrarlanmas\u0131 gerekir mi?<\/strong><\/h3>\n<p>Standartlara uygun bir \u015fekilde \u00fcretilip stoklanan malzemeler kullan\u0131larak, do\u011fru bir uygulama ile yap\u0131lan yal\u0131t\u0131m\u0131n \u00f6mr\u00fc, genel olarak bina \u00f6mr\u00fc kadard\u0131r.<\/p>\n<h3><strong>5- Binalar\u0131n zeminine de \u0131s\u0131 yal\u0131t\u0131m\u0131 yapmak gerekir mi? <\/strong><\/h3>\n<p>Yap\u0131lan \u00e7al\u0131\u015fmalarda \u0131s\u0131 kay\u0131plar\u0131n\u0131n yakla\u015f\u0131k <strong>%7<\/strong>\u2019sinin <strong>binan\u0131n zemininde<\/strong> yeterli yal\u0131t\u0131m olmamas\u0131ndan kaynakland\u0131\u011f\u0131 g\u00f6r\u00fclmektedir.<\/p>\n<h3><strong>6- En iyi <\/strong>\u0131s\u0131 yal\u0131t\u0131m malzemesi <strong>nedir?<\/strong><\/h3>\n<p>Her \u0131s\u0131 yal\u0131t\u0131m malzemesinin farkl\u0131 \u00f6zellikleri bulunmaktad\u0131r. Uygulamada, ihtiyaca ve amaca uygun malzeme se\u00e7imi yap\u0131lmal\u0131d\u0131r. \u00d6rne\u011fin, Ta\u015fy\u00fcn\u00fc \u00fcr\u00fcnler hem <strong>\u0131s\u0131<\/strong> ve <strong>ses yal\u0131t\u0131m\u0131<\/strong> hem de<strong> yang\u0131n g\u00fcvenli\u011fi<\/strong> amac\u0131yla kullan\u0131lmas\u0131 sebebiyle \u00e7ok avantajl\u0131 \u00fcr\u00fcnlerdir.<\/p>\n<h3><strong>7- \u00c7at\u0131 aras\u0131na Camy\u00fcn\u00fc \u00c7at\u0131 \u015eiltesi ile yal\u0131t\u0131m yapt\u0131rd\u0131m. Fakat \u00e7at\u0131dan akan s\u0131z\u0131nt\u0131 sulara kar\u015f\u0131 da yal\u0131t\u0131m\u0131n \u00fczerine naylon serdirdim. Bunun bir sak\u0131ncas\u0131 var m\u0131?<\/strong><\/h3>\n<p>Bu gibi \u00f6rt\u00fcler yal\u0131t\u0131m malzemesindeki su buhar\u0131n\u0131n \u00e7\u0131k\u0131\u015f\u0131na engel olmalar\u0131 sebebiyle <strong>yal\u0131t\u0131m malzemelerinin yo\u011fu\u015fmadan<\/strong> \u00f6t\u00fcr\u00fc <strong>\u0131slanmas\u0131na<\/strong> ve zaman i\u00e7inde <strong>kalite<\/strong> ve<strong> performans kayb\u0131 ya\u015famas\u0131na<\/strong> neden olur.<\/p>\n<h3><strong>8- Evimin hangi b\u00f6lgeleri yal\u0131t\u0131lmal\u0131?<\/strong><\/h3>\n<p><strong>Yal\u0131t\u0131m<\/strong> sadece \u00e7at\u0131 katlar\u0131 ve d\u0131\u015f duvarlar\u0131 i\u00e7in de\u011fildir. Enerji t\u00fcketimini ve ya\u015fam alan\u0131 konforunu art\u0131rmak i\u00e7in, \u0131s\u0131t\u0131lmayan <em>bo\u015fluklu tavanlar, bodrum duvarlar\u0131, tavanlar, zeminler, i\u00e7 duvarlar (\u00f6zellikle banyolar)<\/em> gibi evinizin di\u011fer alanlar\u0131na da yal\u0131t\u0131m yap\u0131lmal\u0131d\u0131r.<\/p>\n<h3><strong>9- Bina d\u0131\u015f duvarlar\u0131nda, d\u0131\u015far\u0131dan m\u0131 i\u00e7eriden mi \u0131s\u0131 yal\u0131t\u0131m\u0131 yap\u0131lmal\u0131?<\/strong><\/h3>\n<p>D\u0131\u015f duvarlarda d\u0131\u015far\u0131dan yap\u0131lan \u0131s\u0131 yal\u0131t\u0131m uygulamalar\u0131 tercih edilmelidir. Hem cephe malzemesinin \u0131s\u0131 depolama kapasitesinden yararlan\u0131r hem de a\u011f\u0131r k\u00fctlenin y\u00fcksek s\u0131cakl\u0131kta kalmas\u0131 nedeniyle <strong>duvar i\u00e7 y\u00fczeyi<\/strong> ve <strong>duvar kesiti<\/strong> i\u00e7inde yo\u011fu\u015fma riski ortadan kalkar; k\u00fcflenme gibi sorunlar\u0131n \u00f6n\u00fcne ge\u00e7ilir. Ayr\u0131ca <strong>d\u0131\u015f duvara biti\u015fik zeminlerin<\/strong> olu\u015fturaca\u011f\u0131<strong> \u0131s\u0131 k\u00f6pr\u00fcleri de<\/strong> engellenmi\u015f olur.<\/p>","protected":false},"excerpt":{"rendered":"<p>Sorry, this entry is only available in Turkish. For the sake of viewer convenience, the content is shown below in the alternative language. You may click the link to switch the active language. Ya\u015fam alanlar\u0131na yal\u0131t\u0131m yapt\u0131rmak isteyen t\u00fcketiciler, karar a\u015famas\u0131ndayken baz\u0131 konularda soru i\u015faretleri ya\u015fayabiliyorlar. Yaz aylar\u0131nda \u00e7at\u0131 katlar\u0131ndaki bunaltan s\u0131caklar \u00e7are olur mu? [&hellip;]<\/p>\n","protected":false},"author":1,"featured_media":155820,"comment_status":"open","ping_status":"open","sticky":false,"template":"","format":"standard","meta":[],"categories":[53,52],"tags":[126,52577,80451,54856,14729,380,103417,41081],"views":186,"_links":{"self":[{"href":"https:\/\/www.enerjigazetesi.ist\/en\/wp-json\/wp\/v2\/posts\/155817"}],"collection":[{"href":"https:\/\/www.enerjigazetesi.ist\/en\/wp-json\/wp\/v2\/posts"}],"about":[{"href":"https:\/\/www.enerjigazetesi.ist\/en\/wp-json\/wp\/v2\/types\/post"}],"author":[{"embeddable":true,"href":"https:\/\/www.enerjigazetesi.ist\/en\/wp-json\/wp\/v2\/users\/1"}],"replies":[{"embeddable":true,"href":"https:\/\/www.enerjigazetesi.ist\/en\/wp-json\/wp\/v2\/comments?post=155817"}],"version-history":[{"count":0,"href":"https:\/\/www.enerjigazetesi.ist\/en\/wp-json\/wp\/v2\/posts\/155817\/revisions"}],"wp:featuredmedia":[{"embeddable":true,"href":"https:\/\/www.enerjigazetesi.ist\/en\/wp-json\/wp\/v2\/media\/155820"}],"wp:attachment":[{"href":"https:\/\/www.enerjigazetesi.ist\/en\/wp-json\/wp\/v2\/media?parent=155817"}],"wp:term":[{"taxonomy":"category","embeddable":true,"href":"https:\/\/www.enerjigazetesi.ist\/en\/wp-json\/wp\/v2\/categories?post=155817"},{"taxonomy":"post_tag","embeddable":true,"href":"https:\/\/www.enerjigazetesi.ist\/en\/wp-json\/wp\/v2\/tags?post=155817"}],"curies":[{"name":"wp","href":"https:\/\/api.w.org\/{rel}","templated":true}]}}