{"id":155739,"date":"2022-05-16T14:30:32","date_gmt":"2022-05-16T11:30:32","guid":{"rendered":"https:\/\/www.enerjigazetesi.ist\/?p=155739"},"modified":"2022-05-16T14:30:32","modified_gmt":"2022-05-16T11:30:32","slug":"ekol-lojistik-sektoru-ndeki-en-buyuk-cati-gunes-santralini-hayata-gecirdi","status":"publish","type":"post","link":"https:\/\/www.enerjigazetesi.ist\/en\/ekol-lojistik-sektoru-ndeki-en-buyuk-cati-gunes-santralini-hayata-gecirdi\/","title":{"rendered":"(Turkish) Ekol Lojistik Sekt\u00f6r\u00fcndeki En B\u00fcy\u00fck \u00c7at\u0131 G\u00fcne\u015f Santralini Hayata Ge\u00e7irdi"},"content":{"rendered":"<p class=\"qtranxs-available-languages-message qtranxs-available-languages-message-en\">Sorry, this entry is only available in <a href=\"https:\/\/www.enerjigazetesi.ist\/tr\/wp-json\/wp\/v2\/posts\/155739\" class=\"qtranxs-available-language-link qtranxs-available-language-link-tr\" title=\"Turkish\">Turkish<\/a>. For the sake of viewer convenience, the content is shown below in the alternative language. You may click the link to switch the active language.<\/p><p><\/p>\n<h2>Avrupa Birli\u011fi Ye\u015fil Mutabakat\u0131 karbon n\u00f6tr hedefleri do\u011frultusunda enerji yat\u0131r\u0131mlar\u0131n\u0131 s\u00fcrd\u00fcren <strong>Ekol<\/strong>, lojistik sekt\u00f6r\u00fcnde tek \u00e7at\u0131 \u00fczerine kurulu <strong>en b\u00fcy\u00fck g\u00fcne\u015f enerji santrali<\/strong> (GES) yat\u0131r\u0131m\u0131n\u0131 devreye ald\u0131.<\/h2>\n<p>Avrupa\u2019n\u0131n <em>en b\u00fcy\u00fck depolama alanl\u0131 ye\u015fil tesisi<\/em> <strong>Lotus<\/strong>\u2019ta kurulan<strong> \u00e7at\u0131 g\u00fcne\u015f enerji santralinde<\/strong> ilk <img loading=\"lazy\" class=\"alignright wp-image-155742\" src=\"https:\/\/www.enerjigazetesi.ist\/wp-content\/uploads\/2022\/05\/ekol-lojistik-sektoru-ndeki-en-buyuk-cati-gunes-santralini-hayata-gecirdi-2.jpg\" alt=\"\" width=\"320\" height=\"208\" srcset=\"https:\/\/www.enerjigazetesi.ist\/wp-content\/uploads\/2022\/05\/ekol-lojistik-sektoru-ndeki-en-buyuk-cati-gunes-santralini-hayata-gecirdi-2.jpg 550w, https:\/\/www.enerjigazetesi.ist\/wp-content\/uploads\/2022\/05\/ekol-lojistik-sektoru-ndeki-en-buyuk-cati-gunes-santralini-hayata-gecirdi-2-300x195.jpg 300w, https:\/\/www.enerjigazetesi.ist\/wp-content\/uploads\/2022\/05\/ekol-lojistik-sektoru-ndeki-en-buyuk-cati-gunes-santralini-hayata-gecirdi-2-500x325.jpg 500w, https:\/\/www.enerjigazetesi.ist\/wp-content\/uploads\/2022\/05\/ekol-lojistik-sektoru-ndeki-en-buyuk-cati-gunes-santralini-hayata-gecirdi-2-77x50.jpg 77w\" sizes=\"(max-width: 320px) 100vw, 320px\" \/>y\u0131lda<strong> 2.400<\/strong> hanenin y\u0131ll\u0131k elektrik t\u00fcketimine e\u015fde\u011fer, <strong>6.200 megavat-saat<\/strong> enerji \u00fcretilecek. <strong>Ekol<\/strong>, yakla\u015f\u0131k <strong>40 bin metrekare<\/strong> alanda kurulumu tamamlanan<strong> Lotus GES projesi<\/strong> ile sekt\u00f6rde tek \u00e7at\u0131 \u00fczerine bu b\u00fcy\u00fckl\u00fckte <strong>panel kurulumu<\/strong> yapan ilk \u015firket \u00fcnvan\u0131na da sahip oldu.<\/p>\n<p>GES ile <strong>Lotus Tesisi<\/strong> enerji t\u00fcketiminin <strong>% 70<\/strong>&#8216;i yenilenebilir enerji kayna\u011f\u0131<strong> g\u00fcne\u015ften<\/strong> sa\u011flanacak. Yat\u0131r\u0131mla y\u0131lda <strong>3100 ton<\/strong> kg<strong> CO2 sal\u0131m\u0131n\u0131n azalt\u0131lmas\u0131na<\/strong> hizmet eden bir sistem kurulurken, bu ayn\u0131 zamanda <strong>140 bin a\u011fa\u00e7 dikilmesine<\/strong> kar\u015f\u0131l\u0131k geliyor.<\/p>\n<p>Toplam kurulu g\u00fc\u00e7 kapasitesi <strong>5.589 kWp<\/strong> olan <strong>Lotus Tesisi G\u00fcne\u015f Enerji Santrali<\/strong>\u2019nde bu kapasitenin <strong>% 4,8<\/strong>&#8216;i <strong>270 kWp<\/strong> ile otopark \u00fcst\u00fc, <strong>% 1,3<\/strong>\u2019\u00fc ise y\u00fcr\u00fcme yolu \u00fczerindeki sundurma alanlarda kurulan <strong>g\u00fcne\u015f panellerinden<\/strong> sa\u011flanacak.<\/p>\n<h3><strong>GES YATIRIMLARI DEVAM EDECEK<\/strong><\/h3>\n<p><strong>Eko<\/strong>l\u2019\u00fcn GES yat\u0131r\u0131mlar\u0131 ve kurulumlar\u0131nda sekt\u00f6rden ve sekt\u00f6r d\u0131\u015f\u0131ndan bir\u00e7ok \u015firkete \u00f6rnek oldu\u011funu s\u00f6yleyen <strong>Ekol T\u00fcrkiye \u00dclke M\u00fcd\u00fcr\u00fc Arzu Akyol Ekiz,<\/strong> &#8220;1&#8217;inci <em>a\u015fama ana <strong>\u00e7at\u0131 alan\u0131 panelleri<\/strong> ve 2&#8217;inci a\u015fama<strong> otopark &#8211; y\u00fcr\u00fcme (carport- walkway canopy)<\/strong> alan\u0131 panellerinin kurulumu ile yakla\u015f\u0131k <strong>1 y\u0131l<\/strong> gibi bir s\u00fcrede tamamlanan projenin yat\u0131r\u0131m maliyeti yakla\u015f\u0131k <strong>4 milyon dolar<\/strong> oldu. Yat\u0131r\u0131m\u0131n geri d\u00f6n\u00fc\u015f s\u00fcresinin <strong>7 y\u0131ldan<\/strong> az olmas\u0131 bekleniyor. \u00dcretilen enerjinin tesisin anl\u0131k ihtiyac\u0131 kadar\u0131 direkt <strong>\u00f6z t\u00fcketim<\/strong> i\u00e7in kullan\u0131lacak. Anl\u0131k ihtiyac\u0131n fazlas\u0131 ise \u015febekeye verilerek, mahsupla\u015fma yap\u0131lacak. Bu \u015fekilde<strong> tesisin elektrik giderlerinde<\/strong> y\u0131ll\u0131k bazda yakla\u015f\u0131k <strong>550-600 bin<\/strong> <strong>dolar<\/strong> aral\u0131\u011f\u0131nda tasarruf sa\u011flamas\u0131 bekleniyor.<\/em>\u201d a\u00e7\u0131klamas\u0131n\u0131 yapt\u0131.<\/p>\n<p><strong>Ekol<\/strong>\u2019\u00fcn teknolojik geli\u015fmelere yat\u0131r\u0131m yapan, <strong>yenilenebilir enerjiye yat\u0131r\u0131mlar\u0131<\/strong> ile ekosistemi koruyan bir \u015firket oldu\u011funa dikkat \u00e7eken <strong>Arzu Akyol Ekiz<\/strong><em>, <\/em><em>\u201cBu y\u0131l i\u00e7erisinde Ankara Lavanta Tesisi\u2019mizde <strong>1345 KWp<\/strong>\u2019lik kurulu g\u00fcce sahip olacak <strong>g\u00fcne\u015f enerji santrali<\/strong> ile y\u0131ll\u0131k <strong>1.600 MWh<\/strong> enerji \u00fcretimi yapmay\u0131 \u00f6ng\u00f6r\u00fcyoruz. Yalova tesisimiz i\u00e7in \u00e7al\u0131\u015fmalar\u0131m\u0131z devam ediyor. \u00c7at\u0131 stati\u011fi a\u00e7\u0131s\u0131ndan <strong>GES kurulumu<\/strong> m\u00fcmk\u00fcn olan ve<strong> \u00e7evresel ko\u015fullar\u0131n<\/strong> elveri\u015fli oldu\u011fu t\u00fcm tesislerimizde yat\u0131r\u0131m\u0131 konusunda \u00e7al\u0131\u015fma yapmay\u0131 planl\u0131yoruz. Hem tesis yat\u0131r\u0131mlar\u0131m\u0131z hem ta\u015f\u0131mac\u0131l\u0131k modellerimiz ile s\u00fcrd\u00fcr\u00fclebilir bir d\u00fcnya i\u00e7in t\u00fcm g\u00fcc\u00fcm\u00fczle \u00e7al\u0131\u015f\u0131yoruz. <strong>D\u00fc\u015f\u00fck karbonlu ekonomiye<\/strong> hizmet eden i\u015f modelimiz intermodal ta\u015f\u0131mac\u0131l\u0131k sayesinde, karbon emisyonlar\u0131n\u0131 azaltarak <strong>son 10 y\u0131lda<\/strong> toplam <strong>438 bin m3<\/strong> yak\u0131t azalt\u0131m\u0131 sa\u011flad\u0131k ve<strong> 658 bin<\/strong> ton <strong>CO2<\/strong>\u2019nin atmosfere sal\u0131m\u0131na engel olduk. Her ay yakla\u015f\u0131k<strong> 700 futbol sahas\u0131<\/strong> b\u00fcy\u00fckl\u00fc\u011f\u00fcnde ormana e\u015fde\u011fer alan\u0131 gezegenimize hediye ederken, D\u00fcnya\u2019n\u0131n etraf\u0131nda <strong>350 tur<\/strong> at\u0131lmas\u0131na da <strong>e\u015fde\u011fer<\/strong> <strong>fosil yak\u0131t kullan\u0131m\u0131na<\/strong> engel olduk.\u201d diye konu\u015ftu. <\/em><\/p>\n<p><strong>Ekol,<\/strong> Avrupa Birli\u011fi Ye\u015fil Mutabakat\u0131na uyum kapsam\u0131nda;<strong> mutlak emisyonlar\u0131n\u0131 (Kapsam 1-2-3)<\/strong> 2030 y\u0131l\u0131na kadar<strong> 2020<\/strong> baz y\u0131l\u0131na g\u00f6re <strong>% 55<\/strong>, Avrupa&#8217;da ta\u015f\u0131mac\u0131l\u0131k yapan ara\u00e7lar\u0131n\u0131n yaratt\u0131\u011f\u0131 toplam emisyonlar\u0131 ise <strong>% 75<\/strong> oran\u0131nda azaltarak <strong>2050 y\u0131l\u0131na<\/strong> kadar <strong>karbon n\u00f6tr olmay\u0131<\/strong> hedefliyor.<\/p>","protected":false},"excerpt":{"rendered":"<p>Sorry, this entry is only available in Turkish. For the sake of viewer convenience, the content is shown below in the alternative language. You may click the link to switch the active language. Avrupa Birli\u011fi Ye\u015fil Mutabakat\u0131 karbon n\u00f6tr hedefleri do\u011frultusunda enerji yat\u0131r\u0131mlar\u0131n\u0131 s\u00fcrd\u00fcren Ekol, lojistik sekt\u00f6r\u00fcnde tek \u00e7at\u0131 \u00fczerine kurulu en b\u00fcy\u00fck g\u00fcne\u015f enerji [&hellip;]<\/p>\n","protected":false},"author":1,"featured_media":155743,"comment_status":"open","ping_status":"open","sticky":false,"template":"","format":"standard","meta":[],"categories":[51,53,49],"tags":[103389,117,29013,47770,2206,103390,103388,85540],"views":304,"_links":{"self":[{"href":"https:\/\/www.enerjigazetesi.ist\/en\/wp-json\/wp\/v2\/posts\/155739"}],"collection":[{"href":"https:\/\/www.enerjigazetesi.ist\/en\/wp-json\/wp\/v2\/posts"}],"about":[{"href":"https:\/\/www.enerjigazetesi.ist\/en\/wp-json\/wp\/v2\/types\/post"}],"author":[{"embeddable":true,"href":"https:\/\/www.enerjigazetesi.ist\/en\/wp-json\/wp\/v2\/users\/1"}],"replies":[{"embeddable":true,"href":"https:\/\/www.enerjigazetesi.ist\/en\/wp-json\/wp\/v2\/comments?post=155739"}],"version-history":[{"count":0,"href":"https:\/\/www.enerjigazetesi.ist\/en\/wp-json\/wp\/v2\/posts\/155739\/revisions"}],"wp:featuredmedia":[{"embeddable":true,"href":"https:\/\/www.enerjigazetesi.ist\/en\/wp-json\/wp\/v2\/media\/155743"}],"wp:attachment":[{"href":"https:\/\/www.enerjigazetesi.ist\/en\/wp-json\/wp\/v2\/media?parent=155739"}],"wp:term":[{"taxonomy":"category","embeddable":true,"href":"https:\/\/www.enerjigazetesi.ist\/en\/wp-json\/wp\/v2\/categories?post=155739"},{"taxonomy":"post_tag","embeddable":true,"href":"https:\/\/www.enerjigazetesi.ist\/en\/wp-json\/wp\/v2\/tags?post=155739"}],"curies":[{"name":"wp","href":"https:\/\/api.w.org\/{rel}","templated":true}]}}