{"id":155710,"date":"2022-05-16T10:37:14","date_gmt":"2022-05-16T07:37:14","guid":{"rendered":"https:\/\/www.enerjigazetesi.ist\/?p=155710"},"modified":"2022-05-16T10:39:10","modified_gmt":"2022-05-16T07:39:10","slug":"alarko-carrier-ilk-ceyrekte-cirosunu-yuzde-112-artirdi","status":"publish","type":"post","link":"https:\/\/www.enerjigazetesi.ist\/en\/alarko-carrier-ilk-ceyrekte-cirosunu-yuzde-112-artirdi\/","title":{"rendered":"(Turkish) Alarko Carrier \u0130lk \u00c7eyrekte Cirosunu % 112 Art\u0131rd\u0131"},"content":{"rendered":"<p class=\"qtranxs-available-languages-message qtranxs-available-languages-message-en\">Sorry, this entry is only available in <a href=\"https:\/\/www.enerjigazetesi.ist\/tr\/wp-json\/wp\/v2\/posts\/155710\" class=\"qtranxs-available-language-link qtranxs-available-language-link-tr\" title=\"Turkish\">Turkish<\/a>. For the sake of viewer convenience, the content is shown below in the alternative language. You may click the link to switch the active language.<\/p><p><\/p>\n<h2><strong>\u0130klimlendirme sekt\u00f6r\u00fcn\u00fcn \u00f6nc\u00fcs\u00fc Alarko Carrier, 2022 ilk \u00e7eyrek sonu\u00e7lar\u0131na g\u00f6re net kar\u0131n\u0131 87 milyon liran\u0131n \u00fczerine ta\u015f\u0131yarak, 2021 y\u0131l\u0131n\u0131n t\u00fcm kar\u0131n\u0131 ilk 3 ayda ger\u00e7ekle\u015ftirmi\u015f oldu. 2021\u2019i % 60 ciro art\u0131\u015f\u0131yla kapatan Alarko Carrier 2022\u2019nin ilk \u00e7eyre\u011finde de bu performans\u0131n\u0131 s\u00fcrd\u00fcrd\u00fc.<\/strong><\/h2>\n<p>68 y\u0131ld\u0131r <strong>iklimlendirme sekt\u00f6r\u00fcnde<\/strong> faaliyet g\u00f6steren <strong>Alarko Carrier<\/strong>, 2022 y\u0131l\u0131 ilk \u00e7eyrek sonu\u00e7lar\u0131n\u0131 a\u00e7\u0131klad\u0131. \u015eirketin ilk \u00e7eyrekte cirosu, ge\u00e7en y\u0131l\u0131n ayn\u0131 d\u00f6nemine g\u00f6re <strong>% 112<\/strong> art\u0131\u015fla <strong>470 milyon lira<\/strong>n\u0131n \u00fczerine \u00e7\u0131kt\u0131. Net kar\u0131n\u0131 <strong>87 milyon liran\u0131n<\/strong> \u00fczerine ta\u015f\u0131yan <strong>Alarko Carrier<\/strong>\u2019\u0131n toplam \u00f6zkaynaklar\u0131 ise <strong>584 milyon 450 bin lira<\/strong> oldu.<\/p>\n<p><strong><img loading=\"lazy\" class=\"alignright wp-image-155712\" src=\"https:\/\/www.enerjigazetesi.ist\/wp-content\/uploads\/2022\/05\/alarko-carrier-ilk-ceyrekte-cirosunu-yuzde-112-artirdi-1.jpg\" alt=\"\" width=\"300\" height=\"200\" srcset=\"https:\/\/www.enerjigazetesi.ist\/wp-content\/uploads\/2022\/05\/alarko-carrier-ilk-ceyrekte-cirosunu-yuzde-112-artirdi-1.jpg 550w, https:\/\/www.enerjigazetesi.ist\/wp-content\/uploads\/2022\/05\/alarko-carrier-ilk-ceyrekte-cirosunu-yuzde-112-artirdi-1-300x200.jpg 300w, https:\/\/www.enerjigazetesi.ist\/wp-content\/uploads\/2022\/05\/alarko-carrier-ilk-ceyrekte-cirosunu-yuzde-112-artirdi-1-500x334.jpg 500w, https:\/\/www.enerjigazetesi.ist\/wp-content\/uploads\/2022\/05\/alarko-carrier-ilk-ceyrekte-cirosunu-yuzde-112-artirdi-1-75x50.jpg 75w, https:\/\/www.enerjigazetesi.ist\/wp-content\/uploads\/2022\/05\/alarko-carrier-ilk-ceyrekte-cirosunu-yuzde-112-artirdi-1-450x300.jpg 450w\" sizes=\"(max-width: 300px) 100vw, 300px\" \/>Alarko Carrier Genel M\u00fcd\u00fcr\u00fc Cem Akan<\/strong>, 2022\u2019de ge\u00e7en senenin y\u0131ll\u0131k kar\u0131n\u0131 \u00a0ilk 3 ayda ge\u00e7tiklerini vurgulayarak, \u015fu de\u011ferlendirmede bulundu: <em>\u201cSa\u011flam <strong>mali yap\u0131m\u0131z<\/strong> ve do\u011fru ald\u0131\u011f\u0131m\u0131z <strong>finansal aksiyonlar<\/strong> sonucunda <strong>2021 y\u0131l\u0131<\/strong>n\u0131 <strong>% 60<\/strong> ciro art\u0131\u015f\u0131 ile tamamlad\u0131k. 2022 y\u0131l\u0131nda da bu performans\u0131m\u0131z\u0131 s\u00fcrd\u00fcr\u00fcyoruz. <strong>Ar-Ge, \u0130hracat<\/strong> ve<strong> dijitalle\u015fme<\/strong> bu d\u00f6nemde odakland\u0131\u011f\u0131m\u0131z 3 ana alan oldu. \u0130klimlendirme sekt\u00f6r\u00fcn\u00fcn \u00f6nc\u00fc \u015firketi olarak verimli bir \u00e7al\u0131\u015fma plan\u0131 ve fabrikam\u0131zdaki teknoloji a\u011f\u0131rl\u0131kl\u0131 \u00fcr\u00fcn bazl\u0131 yat\u0131r\u0131mlar\u0131m\u0131z sayesinde hem <strong>\u00fcretim<\/strong> hem de<strong> sat\u0131\u015f<\/strong> rakamlar\u0131m\u0131z\u0131 \u00f6nemli \u00f6l\u00e7\u00fcde artt\u0131rd\u0131k. Di\u011fer yandan d\u00fcnyadaki <strong>\u00fcretim s\u00fcrecindeki trendleri<\/strong> de yak\u0131ndan takip ediyoruz. <strong>Tasar\u0131mdan \u00fcretime<\/strong> ve <strong>sat\u0131\u015f sonras\u0131na<\/strong> kadar t\u00fcm s\u00fcre\u00e7leri bir b\u00fct\u00fcn olarak g\u00f6r\u00fcyor, i\u015f s\u00fcre\u00e7lerindeki ihtiya\u00e7lar do\u011frultusunda geli\u015ftirilmi\u015f <strong>MRP, ERP <\/strong>ve <strong>CRM<\/strong> yaz\u0131l\u0131mlar\u0131n\u0131n son halkas\u0131 olan <strong>PLM (Product Lifecycle Management)<\/strong> yaz\u0131l\u0131m\u0131yla, tasar\u0131m a\u015famas\u0131ndan ba\u015flayarak <strong>ya\u015fam d\u00f6ng\u00fcs\u00fc<\/strong> boyunca \u00fcr\u00fcn\u00fcn takip edildi\u011fi bir sistem kullan\u0131yoruz. Bu sayede tasar\u0131m\u0131n\u0131 ger\u00e7ekle\u015ftirdi\u011fimiz \u00fcr\u00fcnlerimizin t\u00fcm ya\u015fam\u0131 boyunca izlenebilirli\u011fini sa\u011flayabiliyoruz.\u201d<\/em><\/p>\n<p>Y\u0131l i\u00e7inde yapacaklar\u0131 <strong>Ar-Ge yat\u0131r\u0131mlar\u0131<\/strong>na da dikkat \u00e7eken <strong>Cem Akan<\/strong>; \u015firketin <strong>T\u00fcrkiye<\/strong> ve <strong>d\u00fcnya pazar\u0131n\u0131n<\/strong> gereksinimlerine uygun,<strong> katma de\u011feri y\u00fcksek, ileri teknoloji \u00fcr\u00fcnleri<\/strong> ile sekt\u00f6re y\u00f6n verece\u011fini s\u00f6yledi.<\/p>","protected":false},"excerpt":{"rendered":"<p>Sorry, this entry is only available in Turkish. For the sake of viewer convenience, the content is shown below in the alternative language. You may click the link to switch the active language. \u0130klimlendirme sekt\u00f6r\u00fcn\u00fcn \u00f6nc\u00fcs\u00fc Alarko Carrier, 2022 ilk \u00e7eyrek sonu\u00e7lar\u0131na g\u00f6re net kar\u0131n\u0131 87 milyon liran\u0131n \u00fczerine ta\u015f\u0131yarak, 2021 y\u0131l\u0131n\u0131n t\u00fcm kar\u0131n\u0131 ilk [&hellip;]<\/p>\n","protected":false},"author":1,"featured_media":155713,"comment_status":"open","ping_status":"open","sticky":false,"template":"","format":"standard","meta":[],"categories":[46,53],"tags":[15737,2059,34504,3286,3172,42355,796,1440],"views":232,"_links":{"self":[{"href":"https:\/\/www.enerjigazetesi.ist\/en\/wp-json\/wp\/v2\/posts\/155710"}],"collection":[{"href":"https:\/\/www.enerjigazetesi.ist\/en\/wp-json\/wp\/v2\/posts"}],"about":[{"href":"https:\/\/www.enerjigazetesi.ist\/en\/wp-json\/wp\/v2\/types\/post"}],"author":[{"embeddable":true,"href":"https:\/\/www.enerjigazetesi.ist\/en\/wp-json\/wp\/v2\/users\/1"}],"replies":[{"embeddable":true,"href":"https:\/\/www.enerjigazetesi.ist\/en\/wp-json\/wp\/v2\/comments?post=155710"}],"version-history":[{"count":0,"href":"https:\/\/www.enerjigazetesi.ist\/en\/wp-json\/wp\/v2\/posts\/155710\/revisions"}],"wp:featuredmedia":[{"embeddable":true,"href":"https:\/\/www.enerjigazetesi.ist\/en\/wp-json\/wp\/v2\/media\/155713"}],"wp:attachment":[{"href":"https:\/\/www.enerjigazetesi.ist\/en\/wp-json\/wp\/v2\/media?parent=155710"}],"wp:term":[{"taxonomy":"category","embeddable":true,"href":"https:\/\/www.enerjigazetesi.ist\/en\/wp-json\/wp\/v2\/categories?post=155710"},{"taxonomy":"post_tag","embeddable":true,"href":"https:\/\/www.enerjigazetesi.ist\/en\/wp-json\/wp\/v2\/tags?post=155710"}],"curies":[{"name":"wp","href":"https:\/\/api.w.org\/{rel}","templated":true}]}}