{"id":155613,"date":"2022-05-14T12:27:42","date_gmt":"2022-05-14T09:27:42","guid":{"rendered":"https:\/\/www.enerjigazetesi.ist\/?p=155613"},"modified":"2022-05-14T12:28:24","modified_gmt":"2022-05-14T09:28:24","slug":"ebrd-surdurulebilirlik-odulleri-10-12-mayista-sahiplerini-buldu","status":"publish","type":"post","link":"https:\/\/www.enerjigazetesi.ist\/en\/ebrd-surdurulebilirlik-odulleri-10-12-mayista-sahiplerini-buldu\/","title":{"rendered":"(Turkish) &#8217;EBRD S\u00fcrd\u00fcr\u00fclebilirlik \u00d6d\u00fclleri&#8217; 10-12 May\u0131s&#8217;ta Sahiplerini Buldu"},"content":{"rendered":"<p class=\"qtranxs-available-languages-message qtranxs-available-languages-message-en\">Sorry, this entry is only available in <a href=\"https:\/\/www.enerjigazetesi.ist\/tr\/wp-json\/wp\/v2\/posts\/155613\" class=\"qtranxs-available-language-link qtranxs-available-language-link-tr\" title=\"Turkish\">Turkish<\/a>. For the sake of viewer convenience, the content is shown below in the alternative language. You may click the link to switch the active language.<\/p><p><\/p>\n<h2><strong>Akfen Yenilenebilir Enerji\u2019nin <\/strong>sponsoru oldu\u011fu<strong>\u00a0Avrupa \u0130mar ve Kalk\u0131nma Bankas\u0131\u2019n\u0131n (EBRD) S\u00fcrd\u00fcr\u00fclebilirlik \u00d6d\u00fclleri t\u00f6reni, bu y\u0131l &#8216;\u00e7alkant\u0131l\u0131 bir d\u00fcnyada zorluklara cevap vermek&#8217; temas\u0131yla d\u00fczenlenen EBRD Annual Meeting 2022 kapsam\u0131nda<\/strong> Fas\u2019\u0131n Marake\u015f \u015fehrinde ger\u00e7ekle\u015ftirildi.<\/h2>\n<p><strong><img loading=\"lazy\" class=\"alignright wp-image-155616\" src=\"https:\/\/www.enerjigazetesi.ist\/wp-content\/uploads\/2022\/05\/ebrd-surdurulebilirlik-odulleri-10-12-mayista-sahiplerini-buldu-2.jpeg\" alt=\"\" width=\"320\" height=\"213\" srcset=\"https:\/\/www.enerjigazetesi.ist\/wp-content\/uploads\/2022\/05\/ebrd-surdurulebilirlik-odulleri-10-12-mayista-sahiplerini-buldu-2.jpeg 799w, https:\/\/www.enerjigazetesi.ist\/wp-content\/uploads\/2022\/05\/ebrd-surdurulebilirlik-odulleri-10-12-mayista-sahiplerini-buldu-2-300x200.jpeg 300w, https:\/\/www.enerjigazetesi.ist\/wp-content\/uploads\/2022\/05\/ebrd-surdurulebilirlik-odulleri-10-12-mayista-sahiplerini-buldu-2-768x512.jpeg 768w, https:\/\/www.enerjigazetesi.ist\/wp-content\/uploads\/2022\/05\/ebrd-surdurulebilirlik-odulleri-10-12-mayista-sahiplerini-buldu-2-500x334.jpeg 500w, https:\/\/www.enerjigazetesi.ist\/wp-content\/uploads\/2022\/05\/ebrd-surdurulebilirlik-odulleri-10-12-mayista-sahiplerini-buldu-2-75x50.jpeg 75w, https:\/\/www.enerjigazetesi.ist\/wp-content\/uploads\/2022\/05\/ebrd-surdurulebilirlik-odulleri-10-12-mayista-sahiplerini-buldu-2-450x300.jpeg 450w\" sizes=\"(max-width: 320px) 100vw, 320px\" \/>EBRD S\u00fcrd\u00fcr\u00fclebilirlik \u00d6d\u00fclleri\u2019<\/strong>nin \u00e7e\u015fitli kategorilerinde <strong>en iyi uygulamalar \u00f6d\u00fcl almaya<\/strong> hak kazan\u0131rken t\u00f6rende bir konu\u015fma ger\u00e7ekle\u015ftiren <em>Akfen Holding Finanstan Sorumlu Genel M\u00fcd\u00fcr<\/em><em> Yard\u0131mc\u0131s\u0131 (CFO)<\/em> <strong>G\u00fclbin Uzuner Bekit,<\/strong> s\u00fcrd\u00fcr\u00fclebilirli\u011fin Akfen\u2019in kurulu\u015fundan bu yana genlerinde olan bir kavram oldu\u011funu belirterek, \u015firketin <strong>Birle\u015fmi\u015f Milletler\u2019in K\u00fcresel \u0130lkeler S\u00f6zle\u015fmesi<\/strong>\u2019ni T\u00fcrkiye\u2019de <strong>2010 y\u0131l\u0131nda<\/strong> imzalayan ilk Holding unvan\u0131na sahip oldu\u011funa dikkat \u00e7ekti.<\/p>\n<p>G\u00fclbin Uzuner Bekit, &#8220;<em>Akfen Holding olarak ger\u00e7ekle\u015ftirdi\u011fimiz yat\u0131r\u0131m ve insan odakl\u0131 projelerde, <strong>temiz<\/strong> ve <strong>eri\u015filebilir enerji \u00fcretimi, temiz su<\/strong> ve<strong> sanitasyon<\/strong> ile son olarak karbondioksit t\u00fcketiminin azalt\u0131lmas\u0131 hedeflerimize konsantre bir \u015fekilde \u00e7al\u0131\u015fmalar\u0131m\u0131za devam ediyoruz. Bu hedeflerimizin \u00fclkemizin s\u00fcrd\u00fcr\u00fclebilir ekonomik kalk\u0131nmas\u0131nda itici g\u00fc\u00e7 rol\u00fc oynamas\u0131 bizi heyecanland\u0131r\u0131yor&#8221; <\/em>dedi.<\/p>","protected":false},"excerpt":{"rendered":"<p>Sorry, this entry is only available in Turkish. For the sake of viewer convenience, the content is shown below in the alternative language. You may click the link to switch the active language. Akfen Yenilenebilir Enerji\u2019nin sponsoru oldu\u011fu\u00a0Avrupa \u0130mar ve Kalk\u0131nma Bankas\u0131\u2019n\u0131n (EBRD) S\u00fcrd\u00fcr\u00fclebilirlik \u00d6d\u00fclleri t\u00f6reni, bu y\u0131l &#8216;\u00e7alkant\u0131l\u0131 bir d\u00fcnyada zorluklara cevap vermek&#8217; temas\u0131yla [&hellip;]<\/p>\n","protected":false},"author":1,"featured_media":155617,"comment_status":"open","ping_status":"open","sticky":false,"template":"","format":"standard","meta":[],"categories":[53,52],"tags":[1207,28245,1258,1259,103334,103335,103333],"views":184,"_links":{"self":[{"href":"https:\/\/www.enerjigazetesi.ist\/en\/wp-json\/wp\/v2\/posts\/155613"}],"collection":[{"href":"https:\/\/www.enerjigazetesi.ist\/en\/wp-json\/wp\/v2\/posts"}],"about":[{"href":"https:\/\/www.enerjigazetesi.ist\/en\/wp-json\/wp\/v2\/types\/post"}],"author":[{"embeddable":true,"href":"https:\/\/www.enerjigazetesi.ist\/en\/wp-json\/wp\/v2\/users\/1"}],"replies":[{"embeddable":true,"href":"https:\/\/www.enerjigazetesi.ist\/en\/wp-json\/wp\/v2\/comments?post=155613"}],"version-history":[{"count":0,"href":"https:\/\/www.enerjigazetesi.ist\/en\/wp-json\/wp\/v2\/posts\/155613\/revisions"}],"wp:featuredmedia":[{"embeddable":true,"href":"https:\/\/www.enerjigazetesi.ist\/en\/wp-json\/wp\/v2\/media\/155617"}],"wp:attachment":[{"href":"https:\/\/www.enerjigazetesi.ist\/en\/wp-json\/wp\/v2\/media?parent=155613"}],"wp:term":[{"taxonomy":"category","embeddable":true,"href":"https:\/\/www.enerjigazetesi.ist\/en\/wp-json\/wp\/v2\/categories?post=155613"},{"taxonomy":"post_tag","embeddable":true,"href":"https:\/\/www.enerjigazetesi.ist\/en\/wp-json\/wp\/v2\/tags?post=155613"}],"curies":[{"name":"wp","href":"https:\/\/api.w.org\/{rel}","templated":true}]}}