{"id":155561,"date":"2022-05-13T11:51:40","date_gmt":"2022-05-13T08:51:40","guid":{"rendered":"https:\/\/www.enerjigazetesi.ist\/?p=155561"},"modified":"2022-05-13T11:53:19","modified_gmt":"2022-05-13T08:53:19","slug":"turk-sanayisi-ne-yon-veren-3-proses-emniyeti-sempozyumu-ve-sergisi-yapildi","status":"publish","type":"post","link":"https:\/\/www.enerjigazetesi.ist\/en\/turk-sanayisi-ne-yon-veren-3-proses-emniyeti-sempozyumu-ve-sergisi-yapildi\/","title":{"rendered":"(Turkish) Sanayi&#8217;ye Y\u00f6nelik 3. Proses Emniyeti Sempozyumu ve Sergisi Yap\u0131ld\u0131"},"content":{"rendered":"<p class=\"qtranxs-available-languages-message qtranxs-available-languages-message-en\">Sorry, this entry is only available in <a href=\"https:\/\/www.enerjigazetesi.ist\/tr\/wp-json\/wp\/v2\/posts\/155561\" class=\"qtranxs-available-language-link qtranxs-available-language-link-tr\" title=\"Turkish\">Turkish<\/a>. For the sake of viewer convenience, the content is shown below in the alternative language. You may click the link to switch the active language.<\/p><p><\/p>\n<h2>\u00dcretim sanayisinin t\u00fcm payda\u015flar\u0131, end\u00fcstriyel kazalar\u0131n \u00f6n\u00fcne ge\u00e7mek i\u00e7in 10-11 May\u0131s 2022 tarihlerinde Kocaeli Gebze Bili\u015fim Vadisi\u2019nde d\u00fczenlenen 3. Proses Emniyeti Sempozyumu ve Sergisi\u2019nde bir araya geldi. <strong>Kocaeli Sanayi Odas\u0131 <\/strong>koordinat\u00f6rl\u00fc\u011f\u00fcnde ve <strong>Chem Media\/Artkim Group<\/strong> i\u015f birli\u011fi ile ger\u00e7ekle\u015fti.<\/h2>\n<p>Hizmet vermeye ba\u015flad\u0131\u011f\u0131 ilk y\u0131llardan itibaren <strong>\u00e7evre-i\u015f sa\u011fl\u0131\u011f\u0131 ve g\u00fcvenli\u011fi<\/strong> ile <strong>end\u00fcstriyel g\u00fcvenlik<\/strong> konular\u0131n\u0131 g\u00fcndeminde tutan <strong>Kocaeli Sanayi Odas\u0131<\/strong>\u2019n\u0131n bu y\u0131l 3&#8217;\u00fcnc\u00fcs\u00fcn d\u00fczenlendi\u011fi ve a\u00e7\u0131l\u0131\u015f konu\u015fmalar\u0131n\u0131 T\u00fcrkiye Odalar ve Borsalar Birli\u011fi Y\u00f6netim Kurulu Ba\u015fkan Vekili ve Kocaeli Sanayi Odas\u0131 Y\u00f6netim Kurulu Ba\u015fkan\u0131 Say\u0131n <strong>Ayhan ZEYT\u0130NO\u011eLU<\/strong>, Sempozyum D\u00fczenleme Kurulu Ba\u015fkan\u0131 ve DYO Boya Fabrikalar\u0131 \u0130n\u015faat Boyalar\u0131 Teknik Fabrika Direkt\u00f6r\u00fc Say\u0131n <strong>Hasan \u015eEREFHAN<\/strong>, Kocaeli <img loading=\"lazy\" class=\"alignright wp-image-155565\" src=\"https:\/\/www.enerjigazetesi.ist\/wp-content\/uploads\/2022\/05\/turk-sanayisi-ne-yon-veren-3-proses-emniyeti-sempozyumu-ve-sergisi-yapildi.jpg\" alt=\"\" width=\"320\" height=\"202\" srcset=\"https:\/\/www.enerjigazetesi.ist\/wp-content\/uploads\/2022\/05\/turk-sanayisi-ne-yon-veren-3-proses-emniyeti-sempozyumu-ve-sergisi-yapildi.jpg 490w, https:\/\/www.enerjigazetesi.ist\/wp-content\/uploads\/2022\/05\/turk-sanayisi-ne-yon-veren-3-proses-emniyeti-sempozyumu-ve-sergisi-yapildi-300x189.jpg 300w, https:\/\/www.enerjigazetesi.ist\/wp-content\/uploads\/2022\/05\/turk-sanayisi-ne-yon-veren-3-proses-emniyeti-sempozyumu-ve-sergisi-yapildi-80x50.jpg 80w\" sizes=\"(max-width: 320px) 100vw, 320px\" \/>B\u00fcy\u00fck\u015fehir Belediyesi Ba\u015fkan Vekili Say\u0131n <strong>Ya\u015far \u00c7AKMAK<\/strong> ve Bili\u015fim Vadisi Genel M\u00fcd\u00fcr\u00fc Say\u0131n <strong>Ahmet Serdar \u0130BRAH\u0130MC\u0130O\u011eLU<\/strong>\u00a0ger\u00e7ekle\u015ftirdi.<\/p>\n<p><em>\u00c7al\u0131\u015fma ve Sosyal G\u00fcvenlik Bakanl\u0131\u011f\u0131, \u00c7evre ve \u015eehircilik Bakanl\u0131\u011f\u0131<\/em> ile <em>Sanayi ve Teknoloji Bakanl\u0131\u011f\u0131\u2019n\u0131n<\/em> yan\u0131 s\u0131ra <strong>50\u2019nin<\/strong> \u00fczerinde <strong>sivil toplum kurulu\u015fu<\/strong> ve <strong>sanayi \u015firketlerinin destekledi\u011fi<\/strong> sempozyum ve sergi alan\u0131, <strong>2.000 ki\u015fiyi<\/strong> a\u011f\u0131rlad\u0131.<\/p>\n<p>Ziyaret\u00e7iler, etkinlik alan\u0131nda yer alan 19 poster bildirisinden de proses emniyetine dair \u00f6nemli detaylara ula\u015ft\u0131. 2 g\u00fcn boyunca ger\u00e7ekle\u015ftirilen <strong>VR g\u00f6zl\u00fck<\/strong> ile <strong>sanal ger\u00e7eklik uygulamalar\u0131<\/strong>yla da ziyaret\u00e7iler, <strong>\u201cyang\u0131n s\u00f6nd\u00fcrme, LOTO ve risk av\u0131\u201d<\/strong> senaryolar\u0131n\u0131 \u00fccretsiz olarak deneyimleme imkan\u0131na sahip oldu.<\/p>\n<p>Bili\u015fim Vadisi Konferans Salonunda ger\u00e7ekle\u015fen programda ise <strong>Proses g\u00fcvenli\u011fi<\/strong>yle ilgili <strong>y\u00f6netmelik, uygulama, teknik bilgi, Ar-Ge, \u00fcr\u00fcn<\/strong> ve <strong>hizmetlerin<\/strong> sekt\u00f6rle payla\u015f\u0131ld\u0131\u011f\u0131 sempozyum program\u0131nda<em> SEVESO III Direktifi, ATEX Direktifleri, Bas\u0131n\u00e7l\u0131 Kaplar\/Ekipmanlar, CLP T\u00fcz\u00fc\u011f\u00fc\/SEA Y\u00f6netmeli\u011fi, REACH T\u00fcz\u00fc\u011f\u00fc\/KKD\u0130K Y\u00f6netmeli\u011fi ve Dijital D\u00f6n\u00fc\u015f\u00fcm\u00fcn Proses Emniyetine Etkileri<\/em> gibi konular \u00e7er\u00e7evesinde, etkili ve s\u00fcrekli korumay\u0131 sa\u011flamak i\u00e7in al\u0131nmas\u0131 gereken \u00f6nlemler tart\u0131\u015f\u0131ld\u0131. \u00d6zel konu\u015fmac\u0131lar\u0131n yapt\u0131klar\u0131 a\u00e7\u0131klamalar\u0131n ard\u0131ndan ba\u015flayan ve <strong>2 g\u00fcn<\/strong> boyunca be\u015f farkl\u0131 oturumun ger\u00e7ekle\u015fti\u011fi sempozyum program\u0131nda, uzman isimler toplamda <strong>26<\/strong> sunum ger\u00e7ekle\u015ftirdi. Yap\u0131lan t\u00fcm sunumlara <a href=\"http:\/\/prosesemniyeti.org\" target=\"_blank\" rel=\"noopener\">http:\/\/prosesemniyeti.org<\/a> adresinden, sempozyum program\u0131n\u0131n t\u00fcm kayd\u0131na ise <strong>Turkchem TV<\/strong> kanal\u0131ndan ula\u015fabilmek m\u00fcmk\u00fcn.<\/p>\n<p><strong>\u201cTE\u015eV\u0130KLER\u0130N ARTIRILMASINA \u0130HT\u0130YACIMIZ VAR\u201d<\/strong><\/p>\n<p><strong>SEVESO<\/strong> kapsam\u0131na giren i\u015fletmelerin <strong>% 13<\/strong>\u2019\u00fcn\u00fcn <strong>Kocaeli\u2019nde<\/strong> faaliyet g\u00f6sterdi\u011fine dikkat \u00e7eken <strong>Zeytino\u011flu<\/strong> <span style=\"text-decoration: underline;\">\u015f\u00f6yle devam etti:<\/span><\/p>\n<p><em>\u201cHer y\u0131l d\u00fcnyada milyonlarca insan\u0131n, i\u015f kazas\u0131 sonucunda hayat\u0131n\u0131 kaybetti\u011fini ve bunun yan\u0131nda bildirilmeyen veya eksik bildirilen i\u015f kazalar\u0131n\u0131n bu say\u0131y\u0131 art\u0131rarak mevcut durumu daha da endi\u015feli bir boyuta ta\u015f\u0131d\u0131\u011f\u0131n\u0131 biliyoruz. \u00dclkemizde ise meydana gelen i\u015f kazas\u0131 ve bu kazalar sonucu hayat\u0131n\u0131 kaybeden ki\u015fi say\u0131lar\u0131n\u0131n ne yaz\u0131k ki, y\u0131llara g\u00f6re artt\u0131\u011f\u0131, resmi verilerde g\u00f6r\u00fcl\u00fcyor.<\/em><\/p>\n<p><em>BEKRA beyan sistemindeki verilere g\u00f6re SEVESO kapsam\u0131na giren i\u015fletmelerin y\u00fczde 13\u2019\u00fc ilimizde faaliyet g\u00f6stermektedir. \u00d6zellikle bu konu ilimizi \u00e7ok yak\u0131ndan ilgilendiriyor. Biz de Kocaeli Sanayi Odas\u0131 olarak bu konuda liderlik edecek bir\u00e7ok projeye imza atmaktan dolay\u0131 gurur duyuyoruz. T\u00fcm bu \u00e7al\u0131\u015fmalar\u0131m\u0131zda bizlerden deste\u011fini esirgemeyen ilgili Bakanl\u0131klar\u0131m\u0131za buradan bir kez daha te\u015fekk\u00fcr ederiz. Ancak; s\u00f6z konusu direktif kapsam\u0131nda gerekli \u00f6nlemlerin al\u0131nabilmesi i\u00e7in tesislerde \u00e7ok b\u00fcy\u00fck yat\u0131r\u0131mlar\u0131n yap\u0131lmas\u0131 gerekiyor. Bu kapsamda Oda olarak talebimiz; bu konuda yap\u0131lacak yat\u0131r\u0131mlar konusunda te\u015fvik ya da destek mekanizmas\u0131n\u0131n olu\u015fturulmas\u0131d\u0131r.\u201d<\/em><\/p>\n<h3><strong>\u201cKOCAEL\u0130 B\u00dcY\u00dcK B\u0130R POTANS\u0130YELE SAH\u0130P\u201d<\/strong><\/h3>\n<p><em>\u201c\u00c7ok k\u00fc\u00e7\u00fck \u00e7abalarla, tedbirlerle, proses d\u00fczenlemeleriyle hem ekonomik avantajlar sa\u011flamak hem de do\u011frudan insan hayat\u0131n\u0131 etkileyecek \u00e7ok \u00f6nemli ad\u0131mlar atmak m\u00fcmk\u00fcn\u201d diyen <strong>Kocaeli B\u00fcy\u00fck\u015fehir Belediyesi Ba\u015fkan Vekili Ya\u015far \u00c7akmak<\/strong> ise Proses Emniyet Sempozyumu\u2019nda ger\u00e7ekle\u015ftirdi\u011fi konu\u015fmas\u0131nda \u015funlar\u0131 s\u00f6yledi: \u201cKolayl\u0131kla alabilece\u011fimiz birtak\u0131m tedbirleri yeniden konu\u015farak, bu konuda \u00e7\u0131km\u0131\u015f mevzuatlar\u0131 g\u00fcncelleyerek, uyarlayarak, takip ederek \u00e7ok b\u00fcy\u00fck facialar\u0131n \u00f6n\u00fcne ge\u00e7ebiliriz. Deprem an\u0131nda, deprem gelmeden \u00f6nce yap\u0131lacak olan \u015feyler var. Ula\u015f\u0131m ile ilgili, haberle\u015fme ile ilgili, telli\/telsiz sistemler ile ilgili atmam\u0131z gereken ad\u0131mlar var. \u00c7ok az maliyetlerle \u00e7ok y\u00fcksek verimler elde etmek m\u00fcmk\u00fcn. Sanayinin kalbi, \u00fcretimin kalbi, bir\u00e7ok teknoloji firmas\u0131 da yine burada. Kocaeli, T\u00fcrkiye gibi d\u00fcnyaya da \u00f6rnek olacak uygulamalar\u0131 pek\u00e2l\u00e2 \u00fcretiyor ve bundan sonra da \u00fcretmeye devam edecek.\u201d<\/em><\/p>\n<p><strong>\u201cTEKNOLOJ\u0130 VE SANAY\u0130 B\u0130RB\u0130R\u0130NDEN AYRILAMAZ B\u0130R B\u00dcT\u00dcND\u00dcR\u201d<\/strong><\/p>\n<p><strong>3. Proses Emniyeti Sempozyumu ve Sergisi<\/strong>\u2019ne ev sahipli\u011fi yapmaktan duyduklar\u0131 memnuniyeti dile getiren <em>Bili\u015fim Vadisi Genel M\u00fcd\u00fcr\u00fc <\/em><strong>Ahmet Serdar \u0130brahimcio\u011flu <\/strong>ise <span style=\"text-decoration: underline;\">\u015funlar\u0131 aktard\u0131:<\/span> <em>\u201cD\u00fcnya art\u0131k verinin h\u0131zl\u0131 bir \u015fekilde i\u015flenmesi ve devam\u0131na dayal\u0131 sistemlerde kullan\u0131m\u0131yla d\u00f6n\u00fcyor. <strong>Dijital d\u00f6n\u00fc\u015f\u00fcm<\/strong> t\u00fcm alanlar\u0131 etkiledi\u011fi gibi <strong>Proses Emniyeti<\/strong> anlam\u0131nda da \u00f6nemli geli\u015fmelere imza att\u0131. Bili\u015fim Vadisi olarak bizde vizyonumuz do\u011frultusunda milli teknoloji hamlesiyle d\u00fcnyay\u0131 de\u011fi\u015ftirecek ulusal ve uluslararas\u0131 faydal\u0131 teknolojilerin \u00fcretilmesi i\u00e7in \u00e7abal\u0131yoruz.<\/em><\/p>\n<p><em>Bu yolda da Proses Emniyeti\u2019nin insan odakl\u0131 bir teknolojinin esas\u0131 oldu\u011funun, insan hayat\u0131n\u0131n ve do\u011fal ya\u015fam\u0131 koruyacak b\u00fct\u00fcn s\u00fcre\u00e7lerde bu \u00e7al\u0131\u015fmalar\u0131n ne kadar \u00f6nemli oldu\u011funun bilinciyle hareket ediyoruz.\u201d<\/em><\/p>\n<p>Bili\u015fim Vadisi\u2019nin 3 tane <strong>organize sanayi b\u00f6lgesiyle<\/strong> birlikte <strong>\u201cDijital D\u00f6n\u00fc\u015f\u00fcm Yol Haritas\u0131\u201d<\/strong> plan\u0131n\u0131 Do\u011fmanlar Kalk\u0131nma Ajans\u0131 ile \u00e7\u0131kard\u0131klar\u0131 haberini veren <strong>\u0130brahimcio\u011flu<\/strong>, 15 firman\u0131n bu organize sanayi b\u00f6lgeleriyle beraber <strong>dijital kalk\u0131nma planlar\u0131n\u0131<\/strong> olu\u015fturduklar\u0131n\u0131 belirtti.<\/p>\n<h3><strong>\u201cK\u0130MYA SANAY\u0130, D\u00dcNYANIN EN B\u00dcY\u00dcK END\u00dcSTR\u0130LER\u0130NDEN B\u0130R\u0130 OLARAK FAAL\u0130YETLER\u0130NE DEVAM ED\u0130YOR\u201d<\/strong><\/h3>\n<p>Kimya sanayinin, d\u00fcnyan\u0131n en b\u00fcy\u00fck end\u00fcstrilerinden biri olarak faaliyetlerine devam etti\u011fini ve 2060 y\u0131l\u0131nda k\u00fcresel kimyasal \u00fcretimin daha da artmas\u0131n\u0131 \u00f6ng\u00f6rd\u00fcklerini belirten <strong>DYO Boya Fabrikalar\u0131 \u0130n\u015faat Boyalar\u0131 Fabrika Direkt\u00f6r\u00fc ve Sempozyum D\u00fczenleme Kurulu Ba\u015fkan\u0131 Hasan \u015eerefhan, <\/strong><em>\u201cEnd\u00fcstriyel ve kimyasal kazalar\u0131n <strong>insan<\/strong> ve <strong>\u00e7evre sa\u011fl\u0131\u011f\u0131na<\/strong> olu\u015fturabilece\u011fi tehditlerin \u00f6n\u00fcne ge\u00e7ebilmek ve bu kazalar\u0131n etkilerinin azalt\u0131lmas\u0131 \u00e7ok b\u00fcy\u00fck bir \u00f6nem ta\u015f\u0131yor. \u0130\u015fte bu nedenle <strong>3. Proses Emniyeti Sempozyumu<\/strong>, tehlikeli maddeler bulunduran kurulu\u015flarda, b\u00fcy\u00fck <strong>end\u00fcstriyel kazalar\u0131 \u00f6nlemek<\/strong> ve muhtemel kazalar\u0131n <strong>insanlara<\/strong> ve <strong>\u00e7evreye<\/strong> olan zararlar\u0131n\u0131 en aza indirmek, y\u00fcksek seviyede, etkili ve s\u00fcrekli korumay\u0131 sa\u011flamak i\u00e7in al\u0131nmas\u0131 gerekli \u00f6nlemler ile ilgili <strong>y\u00f6netmelik, uygulama, teknik bilgi, Ar-Ge, \u00fcr\u00fcn<\/strong> ve <strong>hizmetlerin<\/strong> t\u00fcm ilgili sekt\u00f6rlere aktar\u0131lmas\u0131 amac\u0131yla \u00f6nemli bir g\u00f6rev \u00fcstlenmi\u015f durumda.<\/em><\/p>\n<p><em><strong>Sanayiciler<\/strong> olarak \u00fcretim s\u00fcre\u00e7lerimizi daha g\u00fcvenli hale getirmek b\u00fcy\u00fck <strong>end\u00fcstriyel kazalar\u0131n \u00f6nlenmesi<\/strong> ve <strong>\u00e7evreye<\/strong> olan etkilerinin azalt\u0131lmas\u0131n\u0131 en \u00f6nemli sorumlulu\u011fumuz olarak son derece \u00f6nemsiyoruz. Bakanl\u0131klar\u0131n ve 50\u2019nin \u00fcst\u00fcnde <strong>STK<\/strong> ve <strong>Sanayi \u015firketlerinin destekledi\u011fi<\/strong> bu sempozyumda t\u00fcm kat\u0131l\u0131mc\u0131lar\u0131n bu sempozyumdan edindikleri bilgi ve tecr\u00fcbeleri, iyi uygulamalar\u0131 kendi \u00e7al\u0131\u015fma alanlar\u0131nda\/sanayilerinde uygulamalar\u0131n\u0131 hedefliyoruz ve bekliyoruz\u201d<\/em> \u00eefadelerini kulland\u0131.<\/p>\n<p>T\u00fcrkiye\u2019de dijital d\u00f6n\u00fc\u015f\u00fcm \u00e7al\u0131\u015fmalar\u0131n\u0131n ve Proses Emniyeti\u2019nin teknolojik geli\u015fmelere uyum sa\u011flayarak ilerledi\u011fine dikkat \u00e7eken <strong>Hasan \u015eerefhan, <em>\u201c<\/em><\/strong><em>T\u00fcm d\u00fcnyada oldu\u011fu gibi \u00fclkemiz sanayisinde de dijital d\u00f6n\u00fc\u015f\u00fcm (End\u00fcstri 4.0) \u00e7al\u0131\u015fmalar\u0131 \u00f6nemli \u00f6l\u00e7\u00fcde h\u0131z kazanmaktad\u0131r. Sanayicilerimiz tesislerindeki <strong>dijital checkuplar<\/strong> ile i\u015fletmelerin <strong>dijital olgunluk analizleri<\/strong>ni yaparak <strong>dijitalle\u015fme yol haritalar\u0131n\u0131<\/strong> haz\u0131rlamaktad\u0131rlar.<\/em><\/p>\n<p><em>Asl\u0131nda dijitalle\u015fme s\u00fcrecinde f\u0131rsatlar\u0131 yakalayan ve h\u0131zl\u0131 uyum sa\u011flayan tesislerin \u00f6nemli kazan\u0131mlar elde ettiklerini biliyoruz. \u0130\u015fte bu noktada <strong>Proses Emniyetinde<\/strong> de <strong>teknolojik geli\u015fmeleri<\/strong> takip eden ve <strong>dijital ikizler<\/strong> ile s\u00fcre\u00e7leri y\u00f6neten, <strong>modelleme sistemi<\/strong> ile <strong>bigdata<\/strong> olu\u015fturan \u015firketlerde emniyet sistemleri \u00e7ok daha g\u00fcvenli olmakta ve <strong>kontroll\u00fc s\u00fcre\u00e7 y\u00f6netimleri<\/strong> ile de kaza risklerini en aza indirgemektedir\u201d<\/em> \u015feklinde konu\u015ftu.<\/p>\n<p><strong>\u201cT\u0130SK OLARAK TEMEL \u00d6NCEL\u0130\u011e\u0130M\u0130Z, \u00c7ALI\u015eAN SA\u011eLI\u011eI\u201d <\/strong><\/p>\n<p>Sanayi kurulu\u015flar\u0131n\u0131n geli\u015fmesinin, <strong>s\u00fcrd\u00fcr\u00fclebilir rekabet\u00e7i<\/strong> ve<strong> sa\u011fl\u0131kl\u0131<\/strong> bir yap\u0131da \u00fcretim yapmalar\u0131n\u0131n T\u0130SK a\u00e7\u0131s\u0131ndan temel bir \u00f6ncelik oldu\u011funun alt\u0131n\u0131 \u00e7izen ve y\u00fcr\u00fctt\u00fckleri faaliyetler hakk\u0131nda bilgi veren <strong>T\u00fcrkiye \u0130\u015fveren Sendikalar\u0131 Konfederasyonu Y\u00f6netim ve \u0130craa Kurulu \u00dcyesi ve K\u0130PLAS Y\u00f6netim Kurulu Ba\u015fkan\u0131 Levent Kocag\u00fcl <\/strong>ise \u015fu a\u00e7\u0131klamalarda bulundu:<\/p>\n<p>\u201cKonfederasyonumuzun 81 ilde temsil etti\u011fi sekt\u00f6rlere ve i\u015f birli\u011fine bakacak olursak 2 milyon \u00e7al\u0131\u015fandan s\u00f6z ediyoruz. Bu nedenle \u0130\u015f Sa\u011fl\u0131\u011f\u0131 ve G\u00fcvenli\u011fi alanlar\u0131nda T\u0130SK ve T\u0130SK Mikrocerrahi Vakf\u0131 i\u015f birli\u011fi ile i\u015fletmelerin daha g\u00fcvenli \u00fcretim yapmalar\u0131na y\u00f6nelik pek \u00e7ok faaliyet y\u00fcr\u00fct\u00fcyoruz.<\/p>\n<p>\u0130SG Teknolojilerini Yayg\u0131nla\u015ft\u0131rma Projesi ile i\u015fletmelerde temel olan \u0130SG k\u00fclt\u00fcr\u00fcn\u00fc yerle\u015ftirmesi, yayg\u0131nla\u015ft\u0131rmas\u0131 ve daha sa\u011fl\u0131kl\u0131 ve g\u00fcvenli bir ortam sunulmas\u0131 ama\u00e7lanmaktad\u0131r. Yapay zeka destekli <strong>\u0130SG Video Analiz Yaz\u0131l\u0131m Platformu<\/strong> ile i\u015f kazas\u0131 riskleri \u00f6nceden belirlenebilmektedir. <strong>T\u0130SK Akademi Online Platformu<\/strong> ile ki\u015fisel ve profesyonel geli\u015fim alanlar\u0131nda, sendikalar\u0131m\u0131za ve ba\u011fl\u0131 i\u015f yerlerine, \u00e7al\u0131\u015fanlar\u0131na ve ailelerine online olarak \u00fccretsiz yararlanabilecekleri bir imkan sunulmaktad\u0131r.<strong> \u0130SG Forum Tiyatrosu<\/strong> ise, <strong>\u0130\u015f G\u00fcvenli\u011fi yakla\u015f\u0131m\u0131<\/strong> konusunda davran\u0131\u015f de\u011fi\u015fikli\u011fine katk\u0131 sa\u011flamaktad\u0131r.<\/p>\n<h3><strong>\u201c\u0130\u015fverenlerin proses g\u00fcvenli\u011fi konusunda daha duyarl\u0131 olmalar\u0131n\u0131 bekliyoruz\u201d<\/strong><\/h3>\n<p>Bakanl\u0131k olarak, \u00e7al\u0131\u015fma hayat\u0131na mal olan sorunlar\u0131n \u00e7\u00f6z\u00fcm\u00fc i\u00e7in b\u00fct\u00fcn sosyal \u00e7al\u0131\u015fmalar\u0131 yo\u011fun bir \u015fekilde devam ettirdiklerini ifade eden <strong>\u00c7al\u0131\u015fma ve Sosyal G\u00fcvenlik Bakanl\u0131\u011f\u0131 Rehberlik ve Tefti\u015f Ba\u015fkan\u0131 Yard\u0131mc\u0131s\u0131 Semih \u00d6z\u00e7ak\u0131r, <em>\u201c<\/em><\/strong><em>\u00dclkemizde b\u00fcy\u00fck <strong>end\u00fcstriyel kazalar\u0131n \u00f6nlenmesi<\/strong> ve etkilerinin azalt\u0131lmas\u0131 hakk\u0131nda y\u00f6netmelik son olarak <strong>2 Mart 2019<\/strong> tarihinde yay\u0131nlanm\u0131\u015f olup, bu y\u00f6netmeli\u011fin yay\u0131nlanmas\u0131n\u0131 takiben <strong>G\u00fcvenlik Raporu Tebli\u011fi, B\u00fcy\u00fck Kaza \u00d6nlemesi Politikas\u0131 Tebli\u011fi, B\u00fcy\u00fck Kaza Senaryo Dok\u00fcman\u0131 Tebli\u011fi\u2019<\/strong>nin de yay\u0131nlanmas\u0131 ile birlikte y\u00f6netmelik kapsam\u0131nda \u00e7\u0131kar\u0131lmas\u0131 gereken <strong>mevzuat \u00e7al\u0131\u015fmalar\u0131<\/strong> tamamlanm\u0131\u015ft\u0131r.<\/em><\/p>\n<p><em>Y\u00f6netmelik kapsam\u0131nda yap\u0131lan tefti\u015flerde tespit edilen noksanl\u0131klar\u0131n\u0131 giderme iradesinde olan i\u015fverenlerimize s\u00fcre verilerek noksanl\u0131klar\u0131n giderilmesini sa\u011flamaktad\u0131r. Ancak ba\u015fkanlar\u0131m\u0131z taraf\u0131ndan y\u00fcr\u00fct\u00fclen tefti\u015flerde edindi\u011fimiz izlenime g\u00f6re i\u015fverenlerimiz ve i\u015f yeri y\u00f6neticilerinin proses g\u00fcvenli\u011fi konusunda hi\u00e7 m\u00fcfetti\u015f gelmeden sorunlar\u0131n\u0131 \u00e7\u00f6zme iradesinde olmad\u0131klar\u0131n\u0131 tespit etmi\u015f bulunmaktay\u0131z\u201d<\/em> diye konu\u015ftu.<\/p>\n<p>Son \u00f6zel konu\u015fmac\u0131 <strong>\u00c7al\u0131\u015fma ve Sosyal G\u00fcvenlik Bakanl\u0131\u011f\u0131 \u0130\u015f M\u00fcfetti\u015fi<\/strong> <em>Abdurrahman Akman<\/em> da &#8216;<strong>SEVESO Y\u00f6netmeli\u011fi<\/strong> Kapsam\u0131nda<em> Geli\u015fmeler ve \u00c7al\u0131\u015fma ve Sosyal G\u00fcvenlik Bakanl\u0131\u011f\u0131 Denetimleri<\/em>&#8216; ba\u015fl\u0131kl\u0131 sunumunu ger\u00e7ekle\u015ftirdi. Ard\u0131ndan <strong>protokol \u00fcyeleri<\/strong> ve <strong>konuklar, sergi alan\u0131nda<\/strong> stant a\u00e7an yakla\u015f\u0131k 40 firman\u0131n stantlar\u0131n\u0131 gezerek bilgi ald\u0131.<\/p>","protected":false},"excerpt":{"rendered":"<p>Sorry, this entry is only available in Turkish. For the sake of viewer convenience, the content is shown below in the alternative language. You may click the link to switch the active language. \u00dcretim sanayisinin t\u00fcm payda\u015flar\u0131, end\u00fcstriyel kazalar\u0131n \u00f6n\u00fcne ge\u00e7mek i\u00e7in 10-11 May\u0131s 2022 tarihlerinde Kocaeli Gebze Bili\u015fim Vadisi\u2019nde d\u00fczenlenen 3. Proses Emniyeti Sempozyumu [&hellip;]<\/p>\n","protected":false},"author":1,"featured_media":155566,"comment_status":"open","ping_status":"open","sticky":false,"template":"","format":"standard","meta":[],"categories":[53],"tags":[103310,31910,56074,26689,93342,103311,103308,64922,103309],"views":96,"_links":{"self":[{"href":"https:\/\/www.enerjigazetesi.ist\/en\/wp-json\/wp\/v2\/posts\/155561"}],"collection":[{"href":"https:\/\/www.enerjigazetesi.ist\/en\/wp-json\/wp\/v2\/posts"}],"about":[{"href":"https:\/\/www.enerjigazetesi.ist\/en\/wp-json\/wp\/v2\/types\/post"}],"author":[{"embeddable":true,"href":"https:\/\/www.enerjigazetesi.ist\/en\/wp-json\/wp\/v2\/users\/1"}],"replies":[{"embeddable":true,"href":"https:\/\/www.enerjigazetesi.ist\/en\/wp-json\/wp\/v2\/comments?post=155561"}],"version-history":[{"count":0,"href":"https:\/\/www.enerjigazetesi.ist\/en\/wp-json\/wp\/v2\/posts\/155561\/revisions"}],"wp:featuredmedia":[{"embeddable":true,"href":"https:\/\/www.enerjigazetesi.ist\/en\/wp-json\/wp\/v2\/media\/155566"}],"wp:attachment":[{"href":"https:\/\/www.enerjigazetesi.ist\/en\/wp-json\/wp\/v2\/media?parent=155561"}],"wp:term":[{"taxonomy":"category","embeddable":true,"href":"https:\/\/www.enerjigazetesi.ist\/en\/wp-json\/wp\/v2\/categories?post=155561"},{"taxonomy":"post_tag","embeddable":true,"href":"https:\/\/www.enerjigazetesi.ist\/en\/wp-json\/wp\/v2\/tags?post=155561"}],"curies":[{"name":"wp","href":"https:\/\/api.w.org\/{rel}","templated":true}]}}