{"id":155521,"date":"2022-05-12T14:33:53","date_gmt":"2022-05-12T11:33:53","guid":{"rendered":"https:\/\/www.enerjigazetesi.ist\/?p=155521"},"modified":"2022-05-12T14:36:57","modified_gmt":"2022-05-12T11:36:57","slug":"avrupa-daki-ruzgar-ciftlikleri-ne-genel-bakis","status":"publish","type":"post","link":"https:\/\/www.enerjigazetesi.ist\/en\/avrupa-daki-ruzgar-ciftlikleri-ne-genel-bakis\/","title":{"rendered":"(Turkish) Avrupa&#8217;daki R\u00fczgar \u00c7iftliklerine Genel Bak\u0131\u015f&#8230;"},"content":{"rendered":"<p class=\"qtranxs-available-languages-message qtranxs-available-languages-message-en\">Sorry, this entry is only available in <a href=\"https:\/\/www.enerjigazetesi.ist\/tr\/wp-json\/wp\/v2\/posts\/155521\" class=\"qtranxs-available-language-link qtranxs-available-language-link-tr\" title=\"Turkish\">Turkish<\/a>. For the sake of viewer convenience, the content is shown below in the alternative language. You may click the link to switch the active language.<\/p><p><\/p>\n<h2><strong>236 GW kurulu r\u00fczgar enerjisi kapasitesine sahip Avrupa\u2019da insanlar\u0131n r\u00fczgar \u00e7iftlikleri yak\u0131nlar\u0131nda ya\u015famaktan mutlu olduklar\u0131 a\u00e7\u0131klan\u0131rken Frans\u0131z R\u00fczgar Enerjisi Birli\u011fi taraf\u0131ndan yap\u0131lan son ara\u015ft\u0131rmaya g\u00f6re Fransa\u2019da vatanda\u015flar\u0131n %76\u2019s\u0131 daha fazla r\u00fczgar \u00e7iftli\u011fi in\u015fa edilmesini destekliyor. R\u00fczgar t\u00fcrbinlerinin kuruldu\u011fu b\u00f6lgelerde ek istihdam olanaklar\u0131ndan, hanelerin fatura giderlerindeki d\u00fc\u015f\u00fc\u015fe kadar bir\u00e7ok fayda da sa\u011fl\u0131yor.<\/strong><\/h2>\n<p>Elektrik kullan\u0131m\u0131n\u0131n modern d\u00fcnyada giderek art\u0131\u015f g\u00f6stermesi ve<strong> uluslararas\u0131 enerji g\u00fcvenli\u011fine<\/strong> <img loading=\"lazy\" class=\"alignright wp-image-155523\" src=\"https:\/\/www.enerjigazetesi.ist\/wp-content\/uploads\/2022\/05\/avrupa-daki-ruzgar-ciftlikleri-ne-genel-bakis-1.jpg\" alt=\"\" width=\"320\" height=\"205\" srcset=\"https:\/\/www.enerjigazetesi.ist\/wp-content\/uploads\/2022\/05\/avrupa-daki-ruzgar-ciftlikleri-ne-genel-bakis-1.jpg 550w, https:\/\/www.enerjigazetesi.ist\/wp-content\/uploads\/2022\/05\/avrupa-daki-ruzgar-ciftlikleri-ne-genel-bakis-1-300x192.jpg 300w, https:\/\/www.enerjigazetesi.ist\/wp-content\/uploads\/2022\/05\/avrupa-daki-ruzgar-ciftlikleri-ne-genel-bakis-1-500x320.jpg 500w, https:\/\/www.enerjigazetesi.ist\/wp-content\/uploads\/2022\/05\/avrupa-daki-ruzgar-ciftlikleri-ne-genel-bakis-1-78x50.jpg 78w\" sizes=\"(max-width: 320px) 100vw, 320px\" \/>dair ya\u015fanan son geli\u015fmeler, <strong>yenilenebilir kaynaklardan<\/strong> elde edilen enerjinin \u00f6nemini g\u00fcn y\u00fcz\u00fcne \u00e7\u0131kar\u0131yor. \u0130nsanlar\u0131n ya\u015fam anlay\u0131\u015flar\u0131n\u0131 da \u015fekillendiren enerji \u00fcretimi, bilin\u00e7li toplumlarda duyarl\u0131l\u0131k olu\u015fturuyor. <strong>Frans\u0131z R\u00fczgar Enerjisi Birli\u011fi<\/strong> taraf\u0131ndan yap\u0131lan son ara\u015ft\u0131rman\u0131n verileri, Fransa\u2019da vatanda\u015flar\u0131n <strong>%76<\/strong>\u2019s\u0131n\u0131n daha fazla<strong> r\u00fczgar \u00e7iftli\u011fi in\u015fa edilmesini<\/strong> destekledi\u011fini ortaya koyarken, ayn\u0131 durum \u0130rlanda ve Almanya\u2019da da g\u00f6r\u00fcl\u00fcyor. \u0130nsanlar\u0131n r\u00fczgar enerjisini destekleme sebeplerinin ba\u015f\u0131nda santrallerin b\u00f6lgedeki <strong>yerel altyap\u0131y\u0131 geli\u015ftirmesi<\/strong> ve <strong>ekonomik faaliyetlere<\/strong> olumlu etkisi oldu\u011funu aktaran <strong>\u00dclke Enerji Genel M\u00fcd\u00fcr\u00fc<\/strong> <em>Ali Ayd\u0131n<\/em>, kurulan her yeni r\u00fczgar t\u00fcrbininin <strong>10 milyon euroluk<\/strong> ekonomik faaliyeti beraberinde olu\u015fturdu\u011funu belirtiyor.<\/p>\n<h3><strong>R\u00fczgar \u00c7iftliklerine Yak\u0131n Ya\u015fayanlar Mutlu<\/strong><\/h3>\n<p>Modern d\u00fcnyada insanlar, t\u00fckettikleri her \u015feyin kayna\u011f\u0131n\u0131 sorgulamaya ba\u015flad\u0131. Hayatlar\u0131n\u0131n \u00f6nemli bir par\u00e7as\u0131 olan elektri\u011fin \u00fcretimi ve enerji kaynaklar\u0131n\u0131n kullan\u0131m \u015fekli de bu sorgulamalar aras\u0131nda yerini al\u0131yor. Elektri\u011fin \u00fcretimini sorgularken kaynaklar\u0131n t\u00fcketimine de dikkat eden bireylerin ya\u015fam anlay\u0131\u015flar\u0131 da bu do\u011frultuda \u015fekilleniyor. <strong>236 GW<\/strong> kurulu r\u00fczgar enerjisi kapasitesine sahip Avrupa k\u0131tas\u0131n\u0131n genelinde kamuoyunun \u00e7o\u011funun <strong>r\u00fczgar \u00e7iftliklerinin<\/strong> art\u0131\u015f\u0131n\u0131 destekledi\u011fi, yap\u0131lan ara\u015ft\u0131rmada ortaya \u00e7\u0131kt\u0131. \u0130rlanda\u2019da <strong>%79<\/strong>, Almanya\u2019da ise <strong>%78<\/strong> oran\u0131nda desteklenen <strong>r\u00fczgar \u00e7iftlikleri,<\/strong> gittik\u00e7e k\u00f6t\u00fcle\u015fen<strong> iklim ko\u015fullar\u0131<\/strong> ve<strong> temiz enerjiye ge\u00e7i\u015f s\u00fcreci<\/strong> i\u00e7in olduk\u00e7a b\u00fcy\u00fck role sahip. R\u00fczgar santrallerinin sa\u011flad\u0131\u011f\u0131 temiz enerji ile \u00e7evreye zarar vermeden, bulundu\u011fu b\u00f6lgeye uyum sa\u011fl\u0131yor.<\/p>\n<h3><strong>Her Bir R\u00fczgar T\u00fcrbini 10 Milyon Euroluk Ekonomik Faaliyete Sebep Oluyor<\/strong><\/h3>\n<p><strong>D\u00fcnyada<\/strong> ve<strong> Avrupa\u2019da<\/strong> insanlar r\u00fczgar enerjisinin yay\u0131lmas\u0131n\u0131, dolay\u0131s\u0131yla da t\u00fcrbinlere yak\u0131n b\u00f6lgelerde ya\u015famlar\u0131n\u0131 s\u00fcrd\u00fcrmeyi destekliyor. Bu deste\u011fin sebepleri aras\u0131nda <strong>temiz enerji ge\u00e7i\u015fine<\/strong> olan duyarl\u0131l\u0131\u011f\u0131n art\u0131\u015f\u0131 ile birlikte<strong> r\u00fczgar \u00e7iftliklerinin<\/strong> bulundu\u011fu b\u00f6lgelerde <strong>ciddi ekonomik faaliyetlere<\/strong> olanak sa\u011flamas\u0131 da yer al\u0131yor. Her yeni kurulan r\u00fczgar t\u00fcrbini, ortalama olarak <strong>10 milyon euroluk<\/strong> ekonomik faaliyet do\u011furuyor. Ortaya \u00e7\u0131kan bu gelirin \u00e7o\u011fu ise santralin bulundu\u011fu b\u00f6lgede kal\u0131yor \u00e7\u00fcnk\u00fc <strong>r\u00fczgar t\u00fcrbinleri, santrallerin kurulum a\u015famas\u0131ndan ba\u015flayarak<\/strong> yeni yerel i\u015flerin olu\u015fmas\u0131na da sebep oluyor. Ayn\u0131 zamanda<strong> r\u00fczgar; gaz, k\u00f6m\u00fcr<\/strong> ya da<strong> n\u00fckleer<\/strong> gibi kaynaklara k\u0131yasla <strong>daha kolay ula\u015f\u0131labilir<\/strong> ve<strong> ucuz<\/strong> oldu\u011fu i\u00e7in <strong>elektrik faturalar\u0131<\/strong> \u00fczerinde de ciddi d\u00fc\u015f\u00fc\u015flere sebep oluyor.<\/p>","protected":false},"excerpt":{"rendered":"<p>Sorry, this entry is only available in Turkish. For the sake of viewer convenience, the content is shown below in the alternative language. You may click the link to switch the active language. 236 GW kurulu r\u00fczgar enerjisi kapasitesine sahip Avrupa\u2019da insanlar\u0131n r\u00fczgar \u00e7iftlikleri yak\u0131nlar\u0131nda ya\u015famaktan mutlu olduklar\u0131 a\u00e7\u0131klan\u0131rken Frans\u0131z R\u00fczgar Enerjisi Birli\u011fi taraf\u0131ndan yap\u0131lan [&hellip;]<\/p>\n","protected":false},"author":1,"featured_media":155524,"comment_status":"open","ping_status":"open","sticky":false,"template":"","format":"standard","meta":[],"categories":[51,53,50],"tags":[103289,474,103290,5930,5320,324],"views":330,"_links":{"self":[{"href":"https:\/\/www.enerjigazetesi.ist\/en\/wp-json\/wp\/v2\/posts\/155521"}],"collection":[{"href":"https:\/\/www.enerjigazetesi.ist\/en\/wp-json\/wp\/v2\/posts"}],"about":[{"href":"https:\/\/www.enerjigazetesi.ist\/en\/wp-json\/wp\/v2\/types\/post"}],"author":[{"embeddable":true,"href":"https:\/\/www.enerjigazetesi.ist\/en\/wp-json\/wp\/v2\/users\/1"}],"replies":[{"embeddable":true,"href":"https:\/\/www.enerjigazetesi.ist\/en\/wp-json\/wp\/v2\/comments?post=155521"}],"version-history":[{"count":0,"href":"https:\/\/www.enerjigazetesi.ist\/en\/wp-json\/wp\/v2\/posts\/155521\/revisions"}],"wp:featuredmedia":[{"embeddable":true,"href":"https:\/\/www.enerjigazetesi.ist\/en\/wp-json\/wp\/v2\/media\/155524"}],"wp:attachment":[{"href":"https:\/\/www.enerjigazetesi.ist\/en\/wp-json\/wp\/v2\/media?parent=155521"}],"wp:term":[{"taxonomy":"category","embeddable":true,"href":"https:\/\/www.enerjigazetesi.ist\/en\/wp-json\/wp\/v2\/categories?post=155521"},{"taxonomy":"post_tag","embeddable":true,"href":"https:\/\/www.enerjigazetesi.ist\/en\/wp-json\/wp\/v2\/tags?post=155521"}],"curies":[{"name":"wp","href":"https:\/\/api.w.org\/{rel}","templated":true}]}}