{"id":155515,"date":"2022-05-12T14:14:51","date_gmt":"2022-05-12T11:14:51","guid":{"rendered":"https:\/\/www.enerjigazetesi.ist\/?p=155515"},"modified":"2022-05-12T14:14:51","modified_gmt":"2022-05-12T11:14:51","slug":"temiz-enerji-de-tesvikler-hiz-kesmeden-surdurulmeli","status":"publish","type":"post","link":"https:\/\/www.enerjigazetesi.ist\/en\/temiz-enerji-de-tesvikler-hiz-kesmeden-surdurulmeli\/","title":{"rendered":"(Turkish) Temiz Enerjide Te\u015fvikler H\u0131z Kesmeden S\u00fcrd\u00fcr\u00fclmeli!"},"content":{"rendered":"<p class=\"qtranxs-available-languages-message qtranxs-available-languages-message-en\">Sorry, this entry is only available in <a href=\"https:\/\/www.enerjigazetesi.ist\/tr\/wp-json\/wp\/v2\/posts\/155515\" class=\"qtranxs-available-language-link qtranxs-available-language-link-tr\" title=\"Turkish\">Turkish<\/a>. For the sake of viewer convenience, the content is shown below in the alternative language. You may click the link to switch the active language.<\/p><p><\/p>\n<h2>Avrupa Ye\u015fil Mutabakat\u0131, Avrupa Birli\u011fi\u2019nin 2050 y\u0131l\u0131na kadar sera gaz\u0131 emisyonlar\u0131n\u0131n s\u0131f\u0131rlanmas\u0131na odakl\u0131, ekonomik b\u00fcy\u00fcmede kaynak kullan\u0131m\u0131 ba\u011f\u0131ml\u0131l\u0131\u011f\u0131n\u0131 sona erdirme ve ya\u015fam kalitesini artt\u0131rmaya y\u00f6nelik yeni bir b\u00fcy\u00fcme stratejisi olarak art\u0131k kar\u015f\u0131m\u0131zda.<\/h2>\n<p>Mutabakat kapsam\u0131nda bir\u00e7ok sekt\u00f6rde ve hayat\u0131n her alan\u0131nda ihtiya\u00e7 duyulan enerjinin, temiz ve yenilenebilir enerji kaynaklar\u0131 olarak \u00f6n plana \u00e7\u0131kt\u0131\u011f\u0131n\u0131 belirten <strong>Yenilenebilir Ara\u015ft\u0131rmalar\u0131 Derne\u011fi (YENADER) Genel Sekreteri Do\u00e7. Dr. F\u00fcsun Tut Hakl\u0131d\u0131r <\/strong>s\u00f6zlerine <span style=\"text-decoration: underline;\">\u015fu \u015fekilde devam <img loading=\"lazy\" class=\"alignright wp-image-155518\" src=\"https:\/\/www.enerjigazetesi.ist\/wp-content\/uploads\/2022\/05\/temiz-enerjide-tesvikler-hiz-kesmeden-surdurulmeli.jpg\" alt=\"\" width=\"300\" height=\"281\" srcset=\"https:\/\/www.enerjigazetesi.ist\/wp-content\/uploads\/2022\/05\/temiz-enerjide-tesvikler-hiz-kesmeden-surdurulmeli.jpg 550w, https:\/\/www.enerjigazetesi.ist\/wp-content\/uploads\/2022\/05\/temiz-enerjide-tesvikler-hiz-kesmeden-surdurulmeli-300x281.jpg 300w, https:\/\/www.enerjigazetesi.ist\/wp-content\/uploads\/2022\/05\/temiz-enerjide-tesvikler-hiz-kesmeden-surdurulmeli-427x400.jpg 427w, https:\/\/www.enerjigazetesi.ist\/wp-content\/uploads\/2022\/05\/temiz-enerjide-tesvikler-hiz-kesmeden-surdurulmeli-53x50.jpg 53w, https:\/\/www.enerjigazetesi.ist\/wp-content\/uploads\/2022\/05\/temiz-enerjide-tesvikler-hiz-kesmeden-surdurulmeli-500x468.jpg 500w\" sizes=\"(max-width: 300px) 100vw, 300px\" \/>etti:<\/span><\/p>\n<p><em>\u201cYenilenebilir enerji teknolojilerinin kullan\u0131m\u0131 ise art\u0131k \u00e7ok daha \u00f6nemli bir noktaya geldi. 2023-2026 aras\u0131 ge\u00e7i\u015f d\u00f6nemi ard\u0131ndan AB taraf\u0131ndan, AB d\u0131\u015f\u0131ndaki \u00fclkelere uygulanmaya ba\u015flayacak olan s\u0131n\u0131rda karbon vergisi, farkl\u0131 sekt\u00f6rlerde kullan\u0131lan enerjinin<strong> temiz<\/strong> ve <strong>s\u00fcrd\u00fcr\u00fclebilir kaynaklardan<\/strong> elde edilmesinde ve <strong>karbon emisyonlar\u0131n\u0131n azalt\u0131lmas\u0131nda<\/strong> kritik bir a\u015fama olarak de\u011ferlendiriliyor. 2019 y\u0131l\u0131nda <strong>Avrupa Ye\u015fil Mutabakat\u0131<\/strong>\u2019n\u0131n<strong> deklarasyonunun<\/strong> hemen ard\u0131ndan pandemi s\u00fcreci ba\u015flam\u0131\u015f olsa da uluslararas\u0131 platformda her \u00fclke<strong> karbonsuzla\u015fma eylem planlar\u0131n\u0131<\/strong> haz\u0131rlay\u0131p a\u00e7\u0131klamaya ba\u015flad\u0131.\u201d<\/em><\/p>\n<h3><strong>T\u00fcrkiye&#8217;de Ye\u015fil Mutabakat Kapsam\u0131ndaki \u00c7al\u0131\u015fmalar S\u00fcrd\u00fcr\u00fcl\u00fcyor<\/strong><\/h3>\n<p>T\u00fcrkiye\u2019nin ge\u00e7ti\u011fimiz y\u0131l Ye\u015fil Mutabakat Eylem Plan\u0131n\u0131 ortaya koyarak, al\u0131nmas\u0131 gereken aksiyonlar\u0131 belirledi\u011fini s\u00f6yleyen <strong>Yenilenebilir Ara\u015ft\u0131rmalar\u0131 Derne\u011fi (YENADER) Genel Sekreteri Do\u00e7. Dr. F\u00fcsun Tut Hakl\u0131d\u0131r <\/strong>a\u00e7\u0131klamalar\u0131na <span style=\"text-decoration: underline;\">\u015fu s\u00f6zlerle devam etti:<\/span><\/p>\n<p><em>\u201c2053 y\u0131l\u0131 olarak hedeflenen karbonsuzla\u015fma plan\u0131 kapsam\u0131nda; Ulusal Enerji Verimlili\u011fi Finansman Mekanizmas\u0131n\u0131n geli\u015ftirilmesi,<strong> yenilenebilir enerji<\/strong> ve<strong> enerji verimlili\u011finin geli\u015ftirilmesi,<\/strong> bu konuda Organize Sanayi Tesislerinde faaliyet g\u00f6steren i\u015fletmeler ve sanayi tesislerindeki yetkililere y\u00f6nelik fark\u0131ndal\u0131k e\u011fitimlerinin verilmesi, <strong>Ye\u015fil Tarife<\/strong> ve <strong>YEK-G belgesi<\/strong> ile ilgili bilgilendirme \u00e7al\u0131\u015fmalar\u0131n\u0131n yap\u0131lmas\u0131, <strong>Milli Enerji<\/strong> ve <strong>Maden politikas\u0131na<\/strong> uygun olarak, 2027 y\u0131l\u0131 sonuna dek her y\u0131l <strong>1000 MWe RES<\/strong> ve <strong>GES<\/strong> kapasitesinin sisteme eklenmesi, <strong>enerji verimli<\/strong> ve <strong>d\u00fc\u015f\u00fck karbonlu \u0131s\u0131tma<\/strong> ve <strong>so\u011futma sistemlerinin<\/strong> yayg\u0131nla\u015ft\u0131r\u0131lmas\u0131 amac\u0131yla ulusal strateji belgelerinin ve yol haritas\u0131n\u0131n haz\u0131rlanmas\u0131 \u00e7al\u0131\u015fmalar\u0131n\u0131n yap\u0131lmas\u0131 kararlar\u0131 al\u0131nd\u0131.\u201d<\/em><\/p>\n<h3><strong>Binalarda Kullan\u0131lan Enerjinin %5\u2019i\u00a0 <\/strong><strong>Yenilenebilir Enerji Kaynaklar\u0131ndan Kar\u015f\u0131lanacak<\/strong><\/h3>\n<p>G\u00fcne\u015f enerjisi alan\u0131nda da \u00fclkemizde ciddi d\u00fczenlemelerin yap\u0131lmaya ba\u015fland\u0131\u011f\u0131n\u0131n alt\u0131n\u0131 \u00e7izen <strong>Do\u00e7. Dr. F\u00fcsun Tut Hakl\u0131d\u0131r, T\u00fcrkiye\u2019de Ye\u015fil Mutabakat Eylem Plan\u0131na uyum s\u00fcreci dahilinde yap\u0131lan \u00e7al\u0131\u015fmalar\u0131 aktarmaya devam etti:<\/strong><\/p>\n<p><em>\u201c\u00c7ift\u00e7ilerin enerji maliyetlerinin d\u00fc\u015f\u00fcr\u00fclerek, tar\u0131msal \u00fcretimin desteklenmesi amac\u0131yla tar\u0131m arazilerinde kullan\u0131lacak g\u00fcne\u015f enerjisinin <strong>%40<\/strong>\u2019\u0131n\u0131n devlet taraf\u0131ndan \u00f6denmesi ve geri kalan\u0131 i\u00e7in <strong>d\u00fc\u015f\u00fck faizli, uzun vadeli kredilerin sa\u011flanmas\u0131, lisanss\u0131z g\u00fcne\u015f enerji yat\u0131r\u0131mlar\u0131<\/strong>ndan<strong> 4. B\u00f6lge yat\u0131r\u0131m te\u015fviklerinin sa\u011flanmas\u0131<\/strong>, daha \u00f6nce<strong> 10 kilovat<\/strong> olarak belirlenen g\u00fcne\u015f enerjisine dayal\u0131 elektrik \u00fcretim tesisleri i\u00e7in azami kurulu g\u00fc\u00e7 s\u0131n\u0131r\u0131n\u0131n <strong>25 kilovata y\u00fckseltilmesi<\/strong>, toplam in\u015faat alan\u0131 <strong>5000 metrekareden b\u00fcy\u00fck<\/strong> olan t\u00fcm binalar\u0131n kulland\u0131\u011f\u0131 enerjinin en az <strong>%5<\/strong>\u2019inin<strong> g\u00fcne\u015f, r\u00fczgar enerjisi<\/strong> ve<strong> \u0131s\u0131 pompas\u0131<\/strong> gibi <strong>yenilenebilir enerji kaynaklar\u0131ndan<\/strong> kar\u015f\u0131lanmas\u0131na ili\u015fkin yasal d\u00fczenlemenin yap\u0131lmas\u0131 bu ba\u011flamda yap\u0131lan \u00e7al\u0131\u015fmalardan en \u00f6nemlilerindendir.\u201d<\/em><\/p>\n<h3><strong>Te\u015fvikler H\u0131z Kesmeden S\u00fcrd\u00fcr\u00fclmeli<\/strong><\/h3>\n<p>T\u00fcrkiye\u2019nin ge\u00e7ti\u011fimiz <strong>son 10 y\u0131lda,<\/strong> Ye\u015fil Mutabakat yay\u0131nlanmadan \u00e7ok daha \u00f6nce YEKDEM gibi \u00f6nemli bir te\u015fvik sisteminin do\u011fru planlamas\u0131yla \u00e7ok ciddi bir yenilenebilir enerji kapasitesine sahip oldu\u011funu vurgulayan <strong>Do\u00e7. Dr. F\u00fcsun Tut Hakl\u0131d\u0131r <\/strong>s\u00f6zlerini <span style=\"text-decoration: underline;\">\u015fu \u015fekilde sonland\u0131rd\u0131:<\/span><\/p>\n<p><em>\u201c<strong>2053 karbonsuzla\u015fma hedeflerine<\/strong> ula\u015fmak i\u00e7in bu te\u015fviklerde bir s\u00fcre daha h\u0131z kesmeden devam etmek gerekti\u011fine inan\u0131yorum. Avrupa ile ekonomik ili\u015fkilerimiz bu kadar g\u00fc\u00e7l\u00fc iken ve lokasyon avantaj\u0131m\u0131z, toplam kurulu enerji g\u00fcc\u00fcm\u00fcz\u00fcn <strong>%50<\/strong>\u2019sinden fazlas\u0131na kar\u015f\u0131l\u0131k gelen yenilenebilir enerji kurulu g\u00fcc\u00fcm\u00fcz varken; <strong>r\u00fczgar, g\u00fcne\u015f, jeotermal, biyok\u00fctle<\/strong> ve<strong> hidroelektrik<\/strong> gibi enerji \u00e7e\u015fitlili\u011fine sahipken, ekonomik olarak gittik\u00e7e daha g\u00fc\u00e7l\u00fc olmam\u0131z ilk etapta kapsam\u0131 ve i\u00e7eri\u011fi g\u00f6zden ge\u00e7irilecek te\u015fviklerle olacakt\u0131r d\u00fc\u015f\u00fcncesindeyim. Elimizdeki g\u00fcc\u00fc yans\u0131tabilmemiz i\u00e7in <strong>enerji verimlili\u011fi \u00e7al\u0131\u015fmalar\u0131na<\/strong> ilaveten yat\u0131r\u0131mc\u0131ya istikrarl\u0131 ortam\u0131 devam ettirmeliyiz.\u201d<\/em><\/p>","protected":false},"excerpt":{"rendered":"<p>Sorry, this entry is only available in Turkish. For the sake of viewer convenience, the content is shown below in the alternative language. You may click the link to switch the active language. Avrupa Ye\u015fil Mutabakat\u0131, Avrupa Birli\u011fi\u2019nin 2050 y\u0131l\u0131na kadar sera gaz\u0131 emisyonlar\u0131n\u0131n s\u0131f\u0131rlanmas\u0131na odakl\u0131, ekonomik b\u00fcy\u00fcmede kaynak kullan\u0131m\u0131 ba\u011f\u0131ml\u0131l\u0131\u011f\u0131n\u0131 sona erdirme ve ya\u015fam [&hellip;]<\/p>\n","protected":false},"author":1,"featured_media":155520,"comment_status":"open","ping_status":"open","sticky":false,"template":"","format":"standard","meta":[],"categories":[53,52],"tags":[38846,2533,75795,103288,93543],"views":117,"_links":{"self":[{"href":"https:\/\/www.enerjigazetesi.ist\/en\/wp-json\/wp\/v2\/posts\/155515"}],"collection":[{"href":"https:\/\/www.enerjigazetesi.ist\/en\/wp-json\/wp\/v2\/posts"}],"about":[{"href":"https:\/\/www.enerjigazetesi.ist\/en\/wp-json\/wp\/v2\/types\/post"}],"author":[{"embeddable":true,"href":"https:\/\/www.enerjigazetesi.ist\/en\/wp-json\/wp\/v2\/users\/1"}],"replies":[{"embeddable":true,"href":"https:\/\/www.enerjigazetesi.ist\/en\/wp-json\/wp\/v2\/comments?post=155515"}],"version-history":[{"count":0,"href":"https:\/\/www.enerjigazetesi.ist\/en\/wp-json\/wp\/v2\/posts\/155515\/revisions"}],"wp:featuredmedia":[{"embeddable":true,"href":"https:\/\/www.enerjigazetesi.ist\/en\/wp-json\/wp\/v2\/media\/155520"}],"wp:attachment":[{"href":"https:\/\/www.enerjigazetesi.ist\/en\/wp-json\/wp\/v2\/media?parent=155515"}],"wp:term":[{"taxonomy":"category","embeddable":true,"href":"https:\/\/www.enerjigazetesi.ist\/en\/wp-json\/wp\/v2\/categories?post=155515"},{"taxonomy":"post_tag","embeddable":true,"href":"https:\/\/www.enerjigazetesi.ist\/en\/wp-json\/wp\/v2\/tags?post=155515"}],"curies":[{"name":"wp","href":"https:\/\/api.w.org\/{rel}","templated":true}]}}