{"id":155495,"date":"2022-05-12T11:01:44","date_gmt":"2022-05-12T08:01:44","guid":{"rendered":"https:\/\/www.enerjigazetesi.ist\/?p=155495"},"modified":"2022-05-12T11:01:44","modified_gmt":"2022-05-12T08:01:44","slug":"ruzgar-gunu-festivali-canakkale-onsekiz-mart-universitesinde-duzenlendi","status":"publish","type":"post","link":"https:\/\/www.enerjigazetesi.ist\/en\/ruzgar-gunu-festivali-canakkale-onsekiz-mart-universitesinde-duzenlendi\/","title":{"rendered":"(Turkish) R\u00fczgar G\u00fcn\u00fc Festivali \u00c7anakkale Onsekiz Mart \u00dcniversitesi\u2019nde D\u00fczenlendi"},"content":{"rendered":"<p class=\"qtranxs-available-languages-message qtranxs-available-languages-message-en\">Sorry, this entry is only available in <a href=\"https:\/\/www.enerjigazetesi.ist\/tr\/wp-json\/wp\/v2\/posts\/155495\" class=\"qtranxs-available-language-link qtranxs-available-language-link-tr\" title=\"Turkish\">Turkish<\/a>. For the sake of viewer convenience, the content is shown below in the alternative language. You may click the link to switch the active language.<\/p><p><\/p>\n<h2>Enerjisa \u00dcretim, \u201cEnerjimiz r\u00fczgarla, gelece\u011fimiz sizinle\u201d diyerek 10 \u2013 11 May\u0131s 2022 tarihlerinde R\u00fczgar G\u00fcn\u00fc festivali ger\u00e7ekle\u015ftirdi. Bu y\u0131l 1&#8217;incisi yap\u0131lan ve \u00f6n\u00fcm\u00fczdeki y\u0131llarda geleneksel hale getirilmesi planlanan festivalde, \u00f6\u011frenciler enerji sekt\u00f6r\u00fcn\u00fcn lider isimleriyle bir araya geldi.<\/h2>\n<p>\u0130lk g\u00fcn <em>r\u00fczgar teknolojileri, enerji sekt\u00f6r\u00fcnde dijitalle\u015fme ve veri, s\u00fcrd\u00fcr\u00fclebilir stratejiler, r\u00fczgar enerji santralleri yat\u0131r\u0131m s\u00fcre\u00e7leri<\/em> konular\u0131n\u0131n i\u015flendi\u011fi etkinlikte tarih\u00e7i ve yazar <strong>Prof. Dr. Emrah <img loading=\"lazy\" class=\"alignright wp-image-155498\" src=\"https:\/\/www.enerjigazetesi.ist\/wp-content\/uploads\/2022\/05\/ruzgar-gunu-festivali-canakkale-onsekiz-mart-universitesinde-duzenlendi-2.jpg\" alt=\"\" width=\"320\" height=\"205\" srcset=\"https:\/\/www.enerjigazetesi.ist\/wp-content\/uploads\/2022\/05\/ruzgar-gunu-festivali-canakkale-onsekiz-mart-universitesinde-duzenlendi-2.jpg 550w, https:\/\/www.enerjigazetesi.ist\/wp-content\/uploads\/2022\/05\/ruzgar-gunu-festivali-canakkale-onsekiz-mart-universitesinde-duzenlendi-2-300x193.jpg 300w, https:\/\/www.enerjigazetesi.ist\/wp-content\/uploads\/2022\/05\/ruzgar-gunu-festivali-canakkale-onsekiz-mart-universitesinde-duzenlendi-2-500x321.jpg 500w, https:\/\/www.enerjigazetesi.ist\/wp-content\/uploads\/2022\/05\/ruzgar-gunu-festivali-canakkale-onsekiz-mart-universitesinde-duzenlendi-2-78x50.jpg 78w\" sizes=\"(max-width: 320px) 100vw, 320px\" \/>Safa G\u00fcrkan<\/strong> konuk konu\u015fmac\u0131 olarak yer ald\u0131.<\/p>\n<p>A\u00e7\u0131l\u0131\u015f konu\u015fmalar\u0131, <em>\u00c7anakkale Onsekiz Mart \u00dcniversitesi Rekt\u00f6r\u00fc<\/em> <strong>Prof. Dr. Sedat Murat<\/strong> ile ba\u015flad\u0131. Gelece\u011fin yenilenebilir enerjide oldu\u011funa vurgu yapan Prof. Dr. Sedat Murat,\u00a0<em>\u201cAlan\u0131nda lider ve \u00f6nc\u00fc olan, T\u00fcrkiye\u2019nin enerji sekt\u00f6r\u00fcne y\u00f6n veren Enerjisa \u00dcretim ba\u015fta olmak \u00fczere konuklar\u0131m\u0131z\u0131 <strong>\u00c7anakkale Onsekiz Mart \u00dcniversitesi<\/strong>\u2019nde a\u011f\u0131rlamaktan dolay\u0131 mutluluk duyuyoruz. Hedeflerimiz <strong>yenilenebilir enerji<\/strong> konusunda <strong>\u00c7anakkale\u2019yi T\u00fcrkiye\u2019nin<\/strong> lideri yapmak\u201d<\/em> dedi.<\/p>\n<h3><strong>\u201cR\u00fczgar enerjisi yat\u0131r\u0131m \u00e7al\u0131\u015fmalar\u0131m\u0131z\u0131 t\u00fcm titizli\u011fimizle s\u00fcrd\u00fcr\u00fcyoruz\u201d<\/strong><\/h3>\n<p>Enerjisa \u00dcretim CEO\u2019su \u0130hsan Erbil Bay\u00e7\u00f6l a\u00e7\u0131l\u0131\u015f konu\u015fmas\u0131nda, <em>\u201cBu y\u0131l ilkini d\u00fczenledi\u011fimiz ve geleneksel hale getirmeyi hedefledi\u011fimiz Enerjisa \u00dcretim <strong>R\u00fczgar G\u00fcn\u00fc<\/strong> dolay\u0131s\u0131yla r\u00fczgar\u0131n ba\u015fkenti \u00c7anakkale\u2019de sizlerle birlikte olmaktan b\u00fcy\u00fck mutluluk duyuyoruz. Gelece\u011fimizi \u015fekillendirecek olan siz gen\u00e7leri de sekt\u00f6r\u00fcm\u00fczle ve \u00f6zellikle r\u00fczgar enerjisi konusunda bilgilendirmek, yeti\u015ftirmek ve enerji sekt\u00f6r\u00fcne kazand\u0131rmak en b\u00fcy\u00fck \u00f6nceliklerimiz aras\u0131nda yer al\u0131yor. Bu etkinlik de bundan dolay\u0131 bizim i\u00e7in b\u00fcy\u00fck \u00f6nem ta\u015f\u0131yor. Enerjisa \u00dcretim olarak toplam <strong>3 adet<\/strong> R\u00fczgar Enerjisi Santrali i\u015fletmekteyiz. Yak\u0131n zamanda <strong>\u00c7anakkale R\u00fczgar Santrali<\/strong>\u2019mizde g\u00fcne\u015f santralimiz de i\u015fletmeye ge\u00e7ecek ve santralimiz hibrit santrale d\u00f6n\u00fc\u015fecek. <strong>\u00c7anakkale<\/strong> ve <strong>Ayd\u0131n<\/strong>\u2019da ger\u00e7ekle\u015ftirmeyi hedefledi\u011fimiz<strong> 500 MW\u2019l\u0131k YEKA-2 R\u00fczgar Santralleri<\/strong> yat\u0131r\u0131m \u00e7al\u0131\u015fmalar\u0131m\u0131z\u0131 da t\u00fcm titizli\u011fimizle s\u00fcrd\u00fcr\u00fcyoruz. <strong>65 MW<\/strong> kurulu g\u00fcce sahip olacak <strong>Erciyes R\u00fczgar Santralimiz<\/strong> ise sene sonunda i\u015fletmeye ge\u00e7ecek\u201d<\/em> dedi.<\/p>\n<p>Sekt\u00f6rde kad\u0131n istihdam\u0131n\u0131 daha iyi bir noktaya getirmek hedefiyle mezun olmak \u00fczere olan kad\u0131n \u00f6\u011frencilere <em><strong>\u201c500 Kad\u0131n \u00d6\u011frenciye E\u011fitim Program\u0131\u201d<\/strong> ad\u0131 alt\u0131nda proje ba\u015flatt\u0131klar\u0131na da de\u011finen Bay\u00e7\u00f6l, \u201c\u0130lk yola \u00e7\u0131k\u0131\u015f\u0131m\u0131zda<strong> 500<\/strong> kad\u0131n \u00f6\u011frenciye ula\u015fmay\u0131 hedeflemi\u015ftik, \u015fu anda ise <strong>54<\/strong> farkl\u0131 ilden <strong>879<\/strong> kad\u0131n \u00f6\u011frenci ile program\u0131m\u0131za ba\u015flad\u0131k. K\u0131sa s\u00fcrede program\u0131m\u0131z\u0131n yo\u011fun ilgi g\u00f6rmesinden \u00e7ok memnunuz. <strong>Online platformlarda<\/strong> ger\u00e7ekle\u015fecek e\u011fitim program\u0131m\u0131z ile sekt\u00f6re insan kayna\u011f\u0131 anlam\u0131nda de\u011fer yaratacak farkl\u0131 \u00e7al\u0131\u015fmalar hayata ge\u00e7irmeye devam ediyor; \u00f6\u011frencilere <strong>ki\u015fisel geli\u015fimden kariyer planlamas\u0131na, s\u00fcrd\u00fcr\u00fclebilirlikten elektrik \u00fcretimine<\/strong> kadar bir\u00e7ok farkl\u0131 alanda <strong>e\u011fitim<\/strong> ve <strong>deney<\/strong> alanlar\u0131yla desteklenen bir <strong>\u2018birlikte \u00f6\u011frenme\u2019<\/strong> deneyimi sunuyoruz\u201d<\/em> ifadelerini kulland\u0131.<\/p>\n<p>Festivalin b\u00f6lgenin yenilenebilir enerji anlam\u0131nda bir g\u00fc\u00e7 olmas\u0131 hedeflerinde somut bir ad\u0131m oldu\u011funu kaydeden GMKA Genel Sekreteri Abdullah G\u00fc\u00e7 ise, <em>\u201c<strong>G\u00fcney Marmara Kalk\u0131nma Ajans\u0131<\/strong> olarak bir hedefimiz bulunuyor ve <strong>\u00c7anakkale<\/strong>\u2019yi bu anlamda \u00f6ne \u00e7\u0131karmak istiyoruz. B\u00f6lgemiz, yenilenebilir enerji a\u00e7\u0131s\u0131ndan da elveri\u015fli bir konumdad\u0131r. Bu kapsamda bu bulu\u015fmay\u0131 \u00c7anakkale\u2019de ger\u00e7ekle\u015ftirmek bizler i\u00e7in \u00f6nemli. Kurulan merkezlere t\u00fcm gen\u00e7lerimizi bekliyoruz\u201d<\/em> dedi.<\/p>\n<h3><strong>\u00d6\u011frenciler r\u00fczgar enerjisi santrallerinin yolculu\u011funu dinledi<\/strong><\/h3>\n<p>\u00c7anakkale Onsekiz Mart \u00dcniversitesi\u2019nde ger\u00e7ekle\u015fen Enerjisa \u00dcretim R\u00fczgar G\u00fcn\u00fc festivalinde, bir \u00e7ok panel ve s\u00f6yle\u015fide \u00f6\u011frenciler r\u00fczgar ile ilgili merak etti\u011fi t\u00fcm sorulara da yan\u0131t buldu. Festival boyunca enerji sekt\u00f6r\u00fcnde dijitalle\u015fmeyi \u00f6rneklerle birlikte dinleyen \u00f6\u011frenciler; verinin sekt\u00f6rde nas\u0131l y\u00f6netildi\u011fini, <strong>yeni nesil \u015firketlerin k\u00fclt\u00fcr\u00fcn\u00fc<\/strong> ve <strong>s\u00fcrd\u00fcr\u00fclebilirlik<\/strong> kapsamda nas\u0131l fark yarataca\u011f\u0131na y\u00f6nelik somut \u00f6rnekleri dinleme f\u0131rsat\u0131 yakalad\u0131.\u00a0<strong>R\u00fczgar enerji santralleri<\/strong> yat\u0131r\u0131m s\u00fcre\u00e7leri hakk\u0131nda detayl\u0131 bilgi \u00f6\u011frenen \u00f6\u011frenciler, yat\u0131r\u0131m s\u00fcre\u00e7leri ile bir santralin projeden i\u015fletmeye kadar b\u00fct\u00fcn yolculu\u011funu dinledi. <strong>S\u00fcrd\u00fcr\u00fclebilirlik at\u00f6lyesi<\/strong>, <strong>360 derece<\/strong> yava\u015f \u00e7ekim selfie alan\u0131, \u00f6d\u00fcll\u00fc pedal \u00e7evirme yar\u0131\u015fmas\u0131 gibi etkinliklerin de yer ald\u0131\u011f\u0131 festivalin ilk g\u00fcn\u00fc ise <strong>Adamlar konseri<\/strong> ile son buldu.<\/p>\n<p>Etkinli\u011fin <strong>2&#8217;inci g\u00fcn\u00fc<\/strong> ise insan kaynaklar\u0131n\u0131n d\u00f6n\u00fc\u015f\u00fcm\u00fc ele al\u0131narak <strong>G\u00fcney Marmara Kalk\u0131nma Ajans\u0131<\/strong>&#8216;n\u0131n <strong>Yenilenebilir Enerji \u0130stihdam Piyasas\u0131 Analizi Raporu<\/strong> payla\u015f\u0131ld\u0131.<\/p>","protected":false},"excerpt":{"rendered":"<p>Sorry, this entry is only available in Turkish. For the sake of viewer convenience, the content is shown below in the alternative language. You may click the link to switch the active language. Enerjisa \u00dcretim, \u201cEnerjimiz r\u00fczgarla, gelece\u011fimiz sizinle\u201d diyerek 10 \u2013 11 May\u0131s 2022 tarihlerinde R\u00fczgar G\u00fcn\u00fc festivali ger\u00e7ekle\u015ftirdi. Bu y\u0131l 1&#8217;incisi yap\u0131lan ve [&hellip;]<\/p>\n","protected":false},"author":1,"featured_media":155499,"comment_status":"open","ping_status":"open","sticky":false,"template":"","format":"standard","meta":[],"categories":[51,53,50],"tags":[100148,55072,40956,35365,47663,103285,103284,103283,34960],"views":343,"_links":{"self":[{"href":"https:\/\/www.enerjigazetesi.ist\/en\/wp-json\/wp\/v2\/posts\/155495"}],"collection":[{"href":"https:\/\/www.enerjigazetesi.ist\/en\/wp-json\/wp\/v2\/posts"}],"about":[{"href":"https:\/\/www.enerjigazetesi.ist\/en\/wp-json\/wp\/v2\/types\/post"}],"author":[{"embeddable":true,"href":"https:\/\/www.enerjigazetesi.ist\/en\/wp-json\/wp\/v2\/users\/1"}],"replies":[{"embeddable":true,"href":"https:\/\/www.enerjigazetesi.ist\/en\/wp-json\/wp\/v2\/comments?post=155495"}],"version-history":[{"count":0,"href":"https:\/\/www.enerjigazetesi.ist\/en\/wp-json\/wp\/v2\/posts\/155495\/revisions"}],"wp:featuredmedia":[{"embeddable":true,"href":"https:\/\/www.enerjigazetesi.ist\/en\/wp-json\/wp\/v2\/media\/155499"}],"wp:attachment":[{"href":"https:\/\/www.enerjigazetesi.ist\/en\/wp-json\/wp\/v2\/media?parent=155495"}],"wp:term":[{"taxonomy":"category","embeddable":true,"href":"https:\/\/www.enerjigazetesi.ist\/en\/wp-json\/wp\/v2\/categories?post=155495"},{"taxonomy":"post_tag","embeddable":true,"href":"https:\/\/www.enerjigazetesi.ist\/en\/wp-json\/wp\/v2\/tags?post=155495"}],"curies":[{"name":"wp","href":"https:\/\/api.w.org\/{rel}","templated":true}]}}