{"id":155458,"date":"2022-05-11T13:23:52","date_gmt":"2022-05-11T10:23:52","guid":{"rendered":"https:\/\/www.enerjigazetesi.ist\/?p=155458"},"modified":"2022-05-11T13:23:52","modified_gmt":"2022-05-11T10:23:52","slug":"gain-in-yeni-dizisi-aslinda-ozgursun-1inci-bolumuyle-izleyiciyle-bulustu","status":"publish","type":"post","link":"https:\/\/www.enerjigazetesi.ist\/en\/gain-in-yeni-dizisi-aslinda-ozgursun-1inci-bolumuyle-izleyiciyle-bulustu\/","title":{"rendered":"(Turkish) GA\u0130N\u2019in Yeni Dizisi&#8217; Asl\u0131nda \u00d6zg\u00fcrs\u00fcn&#8217; 1&#8217;inci B\u00f6l\u00fcm\u00fcyle \u0130zleyiciyle Bulu\u015ftu&#8230;"},"content":{"rendered":"<p class=\"qtranxs-available-languages-message qtranxs-available-languages-message-en\">Sorry, this entry is only available in <a href=\"https:\/\/www.enerjigazetesi.ist\/tr\/wp-json\/wp\/v2\/posts\/155458\" class=\"qtranxs-available-language-link qtranxs-available-language-link-tr\" title=\"Turkish\">Turkish<\/a>. For the sake of viewer convenience, the content is shown below in the alternative language. You may click the link to switch the active language.<\/p><p><\/p>\n<h2>Yakla\u015f\u0131k 3 ayd\u0131r set s\u00fcreci s\u00fcren yeni dizi \u201cAsl\u0131nda \u00d6zg\u00fcrs\u00fcn\u201d, GA\u0130N\u2019de ba\u015flad\u0131.<\/h2>\n<p><strong>1&#8217;inci<\/strong> b\u00f6l\u00fcmde seyirci,<strong> i\u015f<\/strong> ve <strong>a\u015fk hayat\u0131nda<\/strong> \u00f6nemli d\u00f6neme\u00e7lerin arifesinde olan <strong>Berna<\/strong> ile evlili\u011fini sorgulamaya ba\u015flayan <strong>Belgin\u2019in<\/strong> d\u00fcnyalar\u0131yla tan\u0131\u015ft\u0131. Ba\u015far\u0131l\u0131 oyunculuklar\u0131 ve ilgi \u00e7eken <img loading=\"lazy\" class=\"alignright wp-image-155462\" src=\"https:\/\/www.enerjigazetesi.ist\/wp-content\/uploads\/2022\/05\/aslinda-ozgursun-dizisi-duygu-asena-romanindan-ekrana-01.jpg\" alt=\"\" width=\"320\" height=\"192\" srcset=\"https:\/\/www.enerjigazetesi.ist\/wp-content\/uploads\/2022\/05\/aslinda-ozgursun-dizisi-duygu-asena-romanindan-ekrana-01.jpg 643w, https:\/\/www.enerjigazetesi.ist\/wp-content\/uploads\/2022\/05\/aslinda-ozgursun-dizisi-duygu-asena-romanindan-ekrana-01-300x180.jpg 300w, https:\/\/www.enerjigazetesi.ist\/wp-content\/uploads\/2022\/05\/aslinda-ozgursun-dizisi-duygu-asena-romanindan-ekrana-01-500x299.jpg 500w, https:\/\/www.enerjigazetesi.ist\/wp-content\/uploads\/2022\/05\/aslinda-ozgursun-dizisi-duygu-asena-romanindan-ekrana-01-80x48.jpg 80w\" sizes=\"(max-width: 320px) 100vw, 320px\" \/>sinematografisinin yan\u0131 s\u0131ra dizi, <strong>merak uyand\u0131ran vurulma sahnesiyle<\/strong> izleyiciye <strong>g\u00fc\u00e7l\u00fc<\/strong> ve <strong>\u00e7ok katmanl\u0131 bir \u00f6yk\u00fc<\/strong> ile kar\u015f\u0131 kar\u015f\u0131ya oldu\u011funun ipu\u00e7lar\u0131n\u0131 vermi\u015f oldu.<\/p>\n<p>Dizide ayr\u0131ca \u00fcnl\u00fc \u015fark\u0131c\u0131 <strong>N\u00fckhet Duru<\/strong> da izleyici ile bulu\u015ftu. <strong>Deniz \u00c7ak\u0131r<\/strong>\u2019\u0131n <em>deli dolu teyzesini<\/em> canland\u0131ran Duru, \u00e7ok konu\u015fulacak<strong> \u201cbo\u015fanma partisi<\/strong>\u201d sekans\u0131nda sergiledi\u011fi performansla <strong>pop\u00fcler k\u00fclt\u00fcr sahnesindeki ustal\u0131\u011f\u0131n\u0131<\/strong> bir kez daha ortaya koydu.<\/p>\n<p><strong>Yazd\u0131klar\u0131<\/strong> ve <strong>fikirleriyle<\/strong> T\u00fcrkiye\u2019de <strong>kad\u0131n haklar\u0131 konusu<\/strong>nun geni\u015f kitlelerce konu\u015fulmas\u0131n\u0131 sa\u011flayan ilk isimlerden olan gazeteci-yazar <strong>Duygu Asena<\/strong>\u2019n\u0131n <strong>s\u00fcr\u00fckleyici eseri<\/strong> ile ayn\u0131 ad\u0131 ta\u015f\u0131yan <strong>\u201cAsl\u0131nda \u00d6zg\u00fcrs\u00fcn\u201d<\/strong>, Belgin ve Berna isimli <strong>40 ya\u015flar\u0131ndaki<\/strong> iki \u00e7ocukluk arkada\u015f\u0131 kad\u0131n\u0131n <strong>\u00f6zg\u00fcrl\u00fck<\/strong> ve <strong>kimlik aray\u0131\u015flar\u0131n\u0131<\/strong> anlat\u0131yor. Dizinin <strong>senaristli\u011fini<\/strong> ve <strong>y\u00f6netmenli\u011fini<\/strong> <em>Ali Kemal G\u00fcven<\/em> \u00fcstleniyor. \u0130lerleyen b\u00f6l\u00fcmlerde,<strong> Alican Y\u00fccesoy, Berk Cankat, Ceren Ta\u015f\u00e7\u0131, Sergen Deveci, Perihan Sava\u015f, Asl\u0131 \u0130\u00e7\u00f6z\u00fc <\/strong>ve<strong> Nurhan \u00d6zenen<\/strong> gibi ba\u015far\u0131l\u0131 oyuncular\u0131n da izleyici kar\u015f\u0131s\u0131na \u00e7\u0131kaca\u011f\u0131 yap\u0131mda, usta oyuncu<strong> Zuhal Olcay<\/strong> ise konuk oyuncu olarak <strong>Duygu Asena\u2019n\u0131n<\/strong> kendisini canland\u0131r\u0131yor.<\/p>\n<p><strong>\u201cAsl\u0131nda \u00d6zg\u00fcrs\u00fcn\u201d<\/strong>, yeni b\u00f6l\u00fcmleri her hafta<strong> Pazartesi<\/strong> g\u00fcn\u00fc<strong> GA\u0130N\u2019de<\/strong> yay\u0131nda&#8230;<\/p>\n<h3>Gain\u2019i \u0130ndirmek \u0130\u00e7in:<\/h3>\n<p style=\"margin: 0cm; margin-bottom: .0001pt; text-align: justify;\"><span style=\"font-family: 'Calibri','sans-serif'; color: #1c2b28;\"><a style=\"user-select: auto;\" href=\"https:\/\/play.google.com\/store\/apps\/details?id=com.trgain.mikrogain\" target=\"_blank\" rel=\"nofollow noopener\"><span style=\"color: #954f72;\">https:\/\/play.google.com\/store\/apps\/details?id=com.trgain.mikrogain<\/span><\/a><\/span><\/p>\n<p style=\"margin: 0cm; margin-bottom: .0001pt; text-align: justify;\"><span style=\"font-family: 'Calibri','sans-serif'; color: #1c2b28;\"><a style=\"user-select: auto;\" href=\"https:\/\/apps.apple.com\/us\/app\/gai-n\/id1516180910\" target=\"_blank\" rel=\"noopener\"><span style=\"color: #954f72;\">https:\/\/apps.apple.com\/us\/app\/gai-n\/id1516180910<\/span><\/a><\/span><\/p>\n<p><\/p>","protected":false},"excerpt":{"rendered":"<p>Sorry, this entry is only available in Turkish. For the sake of viewer convenience, the content is shown below in the alternative language. You may click the link to switch the active language. Yakla\u015f\u0131k 3 ayd\u0131r set s\u00fcreci s\u00fcren yeni dizi \u201cAsl\u0131nda \u00d6zg\u00fcrs\u00fcn\u201d, GA\u0130N\u2019de ba\u015flad\u0131. 1&#8217;inci b\u00f6l\u00fcmde seyirci, i\u015f ve a\u015fk hayat\u0131nda \u00f6nemli d\u00f6neme\u00e7lerin arifesinde [&hellip;]<\/p>\n","protected":false},"author":1,"featured_media":155463,"comment_status":"open","ping_status":"open","sticky":false,"template":"","format":"standard","meta":[],"categories":[53,4],"tags":[103266,103263,103264,103267,103262,103268,103265],"views":134,"_links":{"self":[{"href":"https:\/\/www.enerjigazetesi.ist\/en\/wp-json\/wp\/v2\/posts\/155458"}],"collection":[{"href":"https:\/\/www.enerjigazetesi.ist\/en\/wp-json\/wp\/v2\/posts"}],"about":[{"href":"https:\/\/www.enerjigazetesi.ist\/en\/wp-json\/wp\/v2\/types\/post"}],"author":[{"embeddable":true,"href":"https:\/\/www.enerjigazetesi.ist\/en\/wp-json\/wp\/v2\/users\/1"}],"replies":[{"embeddable":true,"href":"https:\/\/www.enerjigazetesi.ist\/en\/wp-json\/wp\/v2\/comments?post=155458"}],"version-history":[{"count":0,"href":"https:\/\/www.enerjigazetesi.ist\/en\/wp-json\/wp\/v2\/posts\/155458\/revisions"}],"wp:featuredmedia":[{"embeddable":true,"href":"https:\/\/www.enerjigazetesi.ist\/en\/wp-json\/wp\/v2\/media\/155463"}],"wp:attachment":[{"href":"https:\/\/www.enerjigazetesi.ist\/en\/wp-json\/wp\/v2\/media?parent=155458"}],"wp:term":[{"taxonomy":"category","embeddable":true,"href":"https:\/\/www.enerjigazetesi.ist\/en\/wp-json\/wp\/v2\/categories?post=155458"},{"taxonomy":"post_tag","embeddable":true,"href":"https:\/\/www.enerjigazetesi.ist\/en\/wp-json\/wp\/v2\/tags?post=155458"}],"curies":[{"name":"wp","href":"https:\/\/api.w.org\/{rel}","templated":true}]}}