{"id":155444,"date":"2022-05-11T12:06:13","date_gmt":"2022-05-11T09:06:13","guid":{"rendered":"https:\/\/www.enerjigazetesi.ist\/?p=155444"},"modified":"2022-05-11T12:06:13","modified_gmt":"2022-05-11T09:06:13","slug":"atik-balikci-aglari-ndan-geri-donusturulen-malzemeler-emisyonu-yuzde-25-azaltti","status":"publish","type":"post","link":"https:\/\/www.enerjigazetesi.ist\/en\/atik-balikci-aglari-ndan-geri-donusturulen-malzemeler-emisyonu-yuzde-25-azaltti\/","title":{"rendered":"(Turkish) At\u0131k Bal\u0131k\u00e7\u0131 A\u011flar\u0131ndan Geri D\u00f6n\u00fc\u015ft\u00fcr\u00fclen Malzemeler Emisyonu %25 Azaltt\u0131"},"content":{"rendered":"<p class=\"qtranxs-available-languages-message qtranxs-available-languages-message-en\">Sorry, this entry is only available in <a href=\"https:\/\/www.enerjigazetesi.ist\/tr\/wp-json\/wp\/v2\/posts\/155444\" class=\"qtranxs-available-language-link qtranxs-available-language-link-tr\" title=\"Turkish\">Turkish<\/a>. For the sake of viewer convenience, the content is shown below in the alternative language. You may click the link to switch the active language.<\/p><p><\/p>\n<h2>Samsung\u2019un Galaxy mobil cihazlar\u0131nda kulland\u0131\u011f\u0131 okyanus kaynakl\u0131 geri d\u00f6n\u00fc\u015ft\u00fcr\u00fclm\u00fc\u015f plastik kullan\u0131m, s\u0131radan plastik kullan\u0131m\u0131yla k\u0131yasland\u0131\u011f\u0131nda karbondioksit (CO2) emisyonunu %25 oran\u0131nda azaltt\u0131\u011f\u0131 ara\u015ft\u0131rmalarla ortaya koyuldu.<\/h2>\n<p><img loading=\"lazy\" class=\"alignright wp-image-155448\" src=\"https:\/\/www.enerjigazetesi.ist\/wp-content\/uploads\/2022\/05\/atik-balikci-aglari-ndan-geri-donusturulen-malzemeler-emisyonu-yuzde-25-azaltti-2.jpg\" alt=\"\" width=\"300\" height=\"203\" srcset=\"https:\/\/www.enerjigazetesi.ist\/wp-content\/uploads\/2022\/05\/atik-balikci-aglari-ndan-geri-donusturulen-malzemeler-emisyonu-yuzde-25-azaltti-2.jpg 550w, https:\/\/www.enerjigazetesi.ist\/wp-content\/uploads\/2022\/05\/atik-balikci-aglari-ndan-geri-donusturulen-malzemeler-emisyonu-yuzde-25-azaltti-2-300x203.jpg 300w, https:\/\/www.enerjigazetesi.ist\/wp-content\/uploads\/2022\/05\/atik-balikci-aglari-ndan-geri-donusturulen-malzemeler-emisyonu-yuzde-25-azaltti-2-500x338.jpg 500w, https:\/\/www.enerjigazetesi.ist\/wp-content\/uploads\/2022\/05\/atik-balikci-aglari-ndan-geri-donusturulen-malzemeler-emisyonu-yuzde-25-azaltti-2-74x50.jpg 74w\" sizes=\"(max-width: 300px) 100vw, 300px\" \/>Piyasaya s\u00fcr\u00fclen yeni <em>Galaxy S22 serisi, Galaxy Tab S8 serisi<\/em> ve <em>Galaxy Book2 Pro<\/em> serisi cihazlarda, okyanusa at\u0131lan ve <strong>\u2018hayalet a\u011flar\u2019<\/strong> olarak da adland\u0131r\u0131lan <strong>bal\u0131k\u00e7\u0131 a\u011flar\u0131ndan yap\u0131lm\u0131\u015f<\/strong> ve <strong>geri d\u00f6n\u00fc\u015ft\u00fcr\u00fclerek<\/strong> yeniden<strong> i\u015flevlendirilmi\u015f malzemeler<\/strong> kullan\u0131l\u0131yor.<\/p>\n<h3><strong>Karbon emisyonlar\u0131n\u0131 \u00f6nemli miktarda azaltarak, b\u00fcy\u00fck ba\u015far\u0131 sa\u011flad\u0131<\/strong><\/h3>\n<p><em>G\u00fcvenlik sertifikasyon kurulu\u015fu<\/em> <strong>Underwriters Laboratories (UL)<\/strong> taraf\u0131ndan y\u00fcr\u00fct\u00fclen<strong> Ya\u015fam\u00a0D\u00f6ng\u00fcs\u00fc De\u011ferlendirmesi (LCA)<\/strong> sonu\u00e7lar\u0131na g\u00f6re,<strong> 1 tonluk<\/strong> s\u0131radan plasti\u011fin \u00fcretilmesi i\u00e7in <strong>4,4 ton karbon emisyonu<\/strong> ger\u00e7ekle\u015ftiriliyor. Ayn\u0131 miktarda okyanus kaynakl\u0131<strong> geri d\u00f6n\u00fc\u015ft\u00fcr\u00fclm\u00fc\u015f plasti\u011fin kullan\u0131lmas\u0131<\/strong> sonucunda ise <strong>3,3 tonluk karbon emisyonu<\/strong> olu\u015fuyor. 1 tonluk plastik \u00fcretimi i\u00e7in; geleneksel y\u00f6ntemler yerine <strong>at\u0131k bal\u0131k\u00e7\u0131 a\u011flar\u0131<\/strong>n\u0131n <strong>geri d\u00f6n\u00fc\u015ft\u00fcr\u00fclerek<\/strong> kullan\u0131lmas\u0131 ile karbon emisyonu <strong>1,1 ton<\/strong>\u00a0bu azalma, <strong>30<\/strong> ya\u015f\u0131ndaki <strong>120 adet<\/strong> \u00e7am a\u011fac\u0131n\u0131n emece\u011fi <strong>karbon miktar\u0131na <\/strong>e\u015fde\u011ferdir.<\/p>","protected":false},"excerpt":{"rendered":"<p>Sorry, this entry is only available in Turkish. For the sake of viewer convenience, the content is shown below in the alternative language. You may click the link to switch the active language. Samsung\u2019un Galaxy mobil cihazlar\u0131nda kulland\u0131\u011f\u0131 okyanus kaynakl\u0131 geri d\u00f6n\u00fc\u015ft\u00fcr\u00fclm\u00fc\u015f plastik kullan\u0131m, s\u0131radan plastik kullan\u0131m\u0131yla k\u0131yasland\u0131\u011f\u0131nda karbondioksit (CO2) emisyonunu %25 oran\u0131nda azaltt\u0131\u011f\u0131 ara\u015ft\u0131rmalarla [&hellip;]<\/p>\n","protected":false},"author":1,"featured_media":155451,"comment_status":"open","ping_status":"open","sticky":false,"template":"","format":"standard","meta":[],"categories":[53,52],"tags":[103238,103241,103242,103235,103243,101218,61754,2529,4578,103237,37957,1863,95044,103239,103240],"views":137,"_links":{"self":[{"href":"https:\/\/www.enerjigazetesi.ist\/en\/wp-json\/wp\/v2\/posts\/155444"}],"collection":[{"href":"https:\/\/www.enerjigazetesi.ist\/en\/wp-json\/wp\/v2\/posts"}],"about":[{"href":"https:\/\/www.enerjigazetesi.ist\/en\/wp-json\/wp\/v2\/types\/post"}],"author":[{"embeddable":true,"href":"https:\/\/www.enerjigazetesi.ist\/en\/wp-json\/wp\/v2\/users\/1"}],"replies":[{"embeddable":true,"href":"https:\/\/www.enerjigazetesi.ist\/en\/wp-json\/wp\/v2\/comments?post=155444"}],"version-history":[{"count":0,"href":"https:\/\/www.enerjigazetesi.ist\/en\/wp-json\/wp\/v2\/posts\/155444\/revisions"}],"wp:featuredmedia":[{"embeddable":true,"href":"https:\/\/www.enerjigazetesi.ist\/en\/wp-json\/wp\/v2\/media\/155451"}],"wp:attachment":[{"href":"https:\/\/www.enerjigazetesi.ist\/en\/wp-json\/wp\/v2\/media?parent=155444"}],"wp:term":[{"taxonomy":"category","embeddable":true,"href":"https:\/\/www.enerjigazetesi.ist\/en\/wp-json\/wp\/v2\/categories?post=155444"},{"taxonomy":"post_tag","embeddable":true,"href":"https:\/\/www.enerjigazetesi.ist\/en\/wp-json\/wp\/v2\/tags?post=155444"}],"curies":[{"name":"wp","href":"https:\/\/api.w.org\/{rel}","templated":true}]}}