{"id":155432,"date":"2022-05-11T10:02:38","date_gmt":"2022-05-11T07:02:38","guid":{"rendered":"https:\/\/www.enerjigazetesi.ist\/?p=155432"},"modified":"2022-05-11T10:02:38","modified_gmt":"2022-05-11T07:02:38","slug":"sedas-tan-bolu-ya-160-km-havai-hat-ve-12-km-yer-alti-sebeke-yatirimi","status":"publish","type":"post","link":"https:\/\/www.enerjigazetesi.ist\/en\/sedas-tan-bolu-ya-160-km-havai-hat-ve-12-km-yer-alti-sebeke-yatirimi\/","title":{"rendered":"(Turkish) &#8217;Seda\u015f&#8217;tan Bolu\u2019ya 160 km Havai Hat ve 12 km Yer Alt\u0131 \u015eebeke Yat\u0131r\u0131m\u0131"},"content":{"rendered":"<p class=\"qtranxs-available-languages-message qtranxs-available-languages-message-en\">Sorry, this entry is only available in <a href=\"https:\/\/www.enerjigazetesi.ist\/tr\/wp-json\/wp\/v2\/posts\/155432\" class=\"qtranxs-available-language-link qtranxs-available-language-link-tr\" title=\"Turkish\">Turkish<\/a>. For the sake of viewer convenience, the content is shown below in the alternative language. You may click the link to switch the active language.<\/p><p><\/p>\n<h2>SEDA\u015e, 20.000 kilometrekarelik hizmet b\u00f6lgesindeki yat\u0131r\u0131m projelerine h\u0131z verirken Bolu\u2019da il\u00e7e merkezleri ile k\u00f6yler de dahil olmak \u00fczere \u015fehrin tamam\u0131nda altyap\u0131 ve \u00fcstyap\u0131 \u00e7al\u0131\u015fmalar\u0131 s\u00fcrd\u00fcr\u00fcrken 2021 y\u0131l\u0131 boyunca kent genelindeki \u015febeke, trafo postas\u0131, armat\u00fcr, direk ve kabin montajlar\u0131n\u0131n yan\u0131 s\u0131ra ek tesis \u00e7al\u0131\u015fmalar\u0131yla m\u00fc\u015fteri memnuniyetinin art\u0131r\u0131lmas\u0131n\u0131 sa\u011flad\u0131.<\/h2>\n<h3><strong>160 km\u2019lik havai hat \u015febekesinin montaj\u0131 tamamland\u0131<\/strong><\/h3>\n<p><img loading=\"lazy\" class=\"alignright wp-image-155436\" src=\"https:\/\/www.enerjigazetesi.ist\/wp-content\/uploads\/2022\/05\/sedas-tan-bolu-ya-160-km-havai-hat-ve-12-km-yer-alti-sebeke-yatirimi-2.jpg\" alt=\"\" width=\"320\" height=\"214\" srcset=\"https:\/\/www.enerjigazetesi.ist\/wp-content\/uploads\/2022\/05\/sedas-tan-bolu-ya-160-km-havai-hat-ve-12-km-yer-alti-sebeke-yatirimi-2.jpg 550w, https:\/\/www.enerjigazetesi.ist\/wp-content\/uploads\/2022\/05\/sedas-tan-bolu-ya-160-km-havai-hat-ve-12-km-yer-alti-sebeke-yatirimi-2-300x200.jpg 300w, https:\/\/www.enerjigazetesi.ist\/wp-content\/uploads\/2022\/05\/sedas-tan-bolu-ya-160-km-havai-hat-ve-12-km-yer-alti-sebeke-yatirimi-2-500x334.jpg 500w, https:\/\/www.enerjigazetesi.ist\/wp-content\/uploads\/2022\/05\/sedas-tan-bolu-ya-160-km-havai-hat-ve-12-km-yer-alti-sebeke-yatirimi-2-75x50.jpg 75w, https:\/\/www.enerjigazetesi.ist\/wp-content\/uploads\/2022\/05\/sedas-tan-bolu-ya-160-km-havai-hat-ve-12-km-yer-alti-sebeke-yatirimi-2-450x300.jpg 450w\" sizes=\"(max-width: 320px) 100vw, 320px\" \/>SEDA\u015e\u2019\u0131n, Bolu\u2019daki <strong>\u015febeke yat\u0131r\u0131mlar\u0131<\/strong> kapsam\u0131nda y\u00fcr\u00fctt\u00fc\u011f\u00fc tesis \u00e7al\u0131\u015fmalar\u0131 ile montaj\u0131n\u0131 tamamlad\u0131\u011f\u0131 yer alt\u0131 \u015febekesinin uzunlu\u011fu <strong>12 km<\/strong> olurken havai hatt\u0131n uzunlu\u011fu <strong>160 km<\/strong>\u2019ye ula\u015ft\u0131. Ayr\u0131ca geride kalan y\u0131l i\u00e7inde <strong>42<\/strong> trafo postas\u0131, <strong>5044<\/strong> direk, <strong>4412<\/strong> armat\u00fcr ve <strong>16<\/strong> mono blok kabinin de montajlar\u0131 yap\u0131ld\u0131. Enerji m\u00fcsaadesi ba\u015fvurusunda bulunan <strong>150\u2019ye<\/strong> yak\u0131n m\u00fc\u015fterinin tesis \u00e7al\u0131\u015fmas\u0131 tamamland\u0131 ve r<strong>esm\u00ee kurumlar<\/strong> ile m\u00fc\u015fterilerden gelen <strong>\u015febeke deplase talepleri<\/strong> de ger\u00e7ekle\u015ftirildi.<\/p>\n<h3><strong>Bak\u0131m ve yenileme \u00e7al\u0131\u015fmalar\u0131 <\/strong><\/h3>\n<p>Bak\u0131m \u00e7al\u0131\u015fmalar\u0131 kapsam\u0131nda ise SEDA\u015e taraf\u0131ndan <strong>49 km<\/strong>\u2019lik havai hat ve <strong>3 km<\/strong> uzunluktaki <strong>yer alt\u0131 \u015febeke tesisi<\/strong> yenilendi. Ayr\u0131ca <strong>Bolu<\/strong> genelinde 8&#8217;er <strong>mod\u00fcler h\u00fccre<\/strong> ve<strong> da\u011f\u0131t\u0131m panosu<\/strong>, 1.162 direk ve <strong>2034<\/strong> ayd\u0131nlatma armat\u00fcr\u00fcn\u00fcn bak\u0131mlar\u0131 ger\u00e7ekle\u015ftirildi.<strong> Damga ayar s\u00fcreleri<\/strong> doldu\u011fu tespit edilen <strong>18.000 elektrik sayac\u0131<\/strong> de\u011fi\u015ftirilirken y\u0131l boyunca <strong>\u00f6l\u00e7\u00fc devre kontrollerine<\/strong> devam edildi.<\/p>\n<h3><strong>Bolu, m\u00fc\u015fteri memnuniyetinde T\u00fcrkiye 4&#8217;\u00fcnc\u00fcs\u00fc oldu<\/strong><\/h3>\n<p><strong>SEDA\u015e\u2019<\/strong>\u0131n <strong>yat\u0131r\u0131m projeleri<\/strong> ve <strong>bak\u0131m \u00e7al\u0131\u015fmalar\u0131<\/strong>n\u0131n <strong>Bolu\u2019daki<\/strong> ortalama kesinti <strong>s\u00fcre<\/strong> ve <strong>s\u0131kl\u0131\u011f\u0131n\u0131<\/strong> \u00f6nemli \u00f6l\u00e7\u00fcde iyile\u015ftirerek m\u00fc\u015fteri memnuniyetini art\u0131rd\u0131\u011f\u0131 g\u00f6r\u00fcld\u00fc. T\u00fcrkiye genelini kapsayan <strong>m\u00fc\u015fteri memnuniyet anketi<\/strong>nde <strong>Bolu<\/strong> en iyi<strong> 4&#8217;\u00fcnc\u00fc<\/strong> il olurken kent genelindeki m\u00fc\u015fteri taleplerinde bir \u00f6nceki y\u0131la k\u0131yasla <strong>% 21<\/strong> art\u0131\u015f olmas\u0131na ra\u011fmen m\u00fc\u015fteri \u015fikayetleri de <strong>% 34<\/strong> azald\u0131.<\/p>","protected":false},"excerpt":{"rendered":"<p>Sorry, this entry is only available in Turkish. For the sake of viewer convenience, the content is shown below in the alternative language. You may click the link to switch the active language. SEDA\u015e, 20.000 kilometrekarelik hizmet b\u00f6lgesindeki yat\u0131r\u0131m projelerine h\u0131z verirken Bolu\u2019da il\u00e7e merkezleri ile k\u00f6yler de dahil olmak \u00fczere \u015fehrin tamam\u0131nda altyap\u0131 ve [&hellip;]<\/p>\n","protected":false},"author":1,"featured_media":155437,"comment_status":"open","ping_status":"open","sticky":false,"template":"","format":"standard","meta":[],"categories":[51,53],"tags":[103234,26353,6600,64561],"views":106,"_links":{"self":[{"href":"https:\/\/www.enerjigazetesi.ist\/en\/wp-json\/wp\/v2\/posts\/155432"}],"collection":[{"href":"https:\/\/www.enerjigazetesi.ist\/en\/wp-json\/wp\/v2\/posts"}],"about":[{"href":"https:\/\/www.enerjigazetesi.ist\/en\/wp-json\/wp\/v2\/types\/post"}],"author":[{"embeddable":true,"href":"https:\/\/www.enerjigazetesi.ist\/en\/wp-json\/wp\/v2\/users\/1"}],"replies":[{"embeddable":true,"href":"https:\/\/www.enerjigazetesi.ist\/en\/wp-json\/wp\/v2\/comments?post=155432"}],"version-history":[{"count":0,"href":"https:\/\/www.enerjigazetesi.ist\/en\/wp-json\/wp\/v2\/posts\/155432\/revisions"}],"wp:featuredmedia":[{"embeddable":true,"href":"https:\/\/www.enerjigazetesi.ist\/en\/wp-json\/wp\/v2\/media\/155437"}],"wp:attachment":[{"href":"https:\/\/www.enerjigazetesi.ist\/en\/wp-json\/wp\/v2\/media?parent=155432"}],"wp:term":[{"taxonomy":"category","embeddable":true,"href":"https:\/\/www.enerjigazetesi.ist\/en\/wp-json\/wp\/v2\/categories?post=155432"},{"taxonomy":"post_tag","embeddable":true,"href":"https:\/\/www.enerjigazetesi.ist\/en\/wp-json\/wp\/v2\/tags?post=155432"}],"curies":[{"name":"wp","href":"https:\/\/api.w.org\/{rel}","templated":true}]}}