{"id":155352,"date":"2022-05-09T14:24:07","date_gmt":"2022-05-09T11:24:07","guid":{"rendered":"https:\/\/www.enerjigazetesi.ist\/?p=155352"},"modified":"2022-05-09T14:24:07","modified_gmt":"2022-05-09T11:24:07","slug":"ab-de-onemli-seviyede-gunes-paneli-uretim-kapasitesi-devreye-alinacak","status":"publish","type":"post","link":"https:\/\/www.enerjigazetesi.ist\/en\/ab-de-onemli-seviyede-gunes-paneli-uretim-kapasitesi-devreye-alinacak\/","title":{"rendered":"(Turkish) AB&#8217;de \u00d6nemli Seviyede G\u00fcne\u015f Paneli \u00dcretim Kapasitesi Devreye Al\u0131nacak"},"content":{"rendered":"<p class=\"qtranxs-available-languages-message qtranxs-available-languages-message-en\">Sorry, this entry is only available in <a href=\"https:\/\/www.enerjigazetesi.ist\/tr\/wp-json\/wp\/v2\/posts\/155352\" class=\"qtranxs-available-language-link qtranxs-available-language-link-tr\" title=\"Turkish\">Turkish<\/a>. For the sake of viewer convenience, the content is shown below in the alternative language. You may click the link to switch the active language.<\/p><p><\/p>\n<h2 class=\"md-end-block md-p\"><span class=\"md-plain\"><strong>EurObserv\u2019ER<\/strong>&#8216;in haz\u0131rlad\u0131\u011f\u0131 <strong>2021 y\u0131l\u0131 Fotovoltaik Barometre Raporu<\/strong>&#8216;na g\u00f6re halihaz\u0131rda yat\u0131r\u0131m planlar\u0131n\u0131 a\u00e7\u0131klam\u0131\u015f olan 6 ayr\u0131 firma taraf\u0131ndan <strong>2022-2025 d\u00f6neminde<\/strong> h\u00fccre dahil olmak \u00fczere 14 GW\u2019a yak\u0131n kapasite <img loading=\"lazy\" class=\"alignright wp-image-155355\" src=\"https:\/\/www.enerjigazetesi.ist\/wp-content\/uploads\/2022\/05\/ab-de-onemli-seviyede-gunes-paneli-uretim-kapasitesi-devreye-alinacak-1.jpg\" alt=\"\" width=\"320\" height=\"192\" srcset=\"https:\/\/www.enerjigazetesi.ist\/wp-content\/uploads\/2022\/05\/ab-de-onemli-seviyede-gunes-paneli-uretim-kapasitesi-devreye-alinacak-1.jpg 550w, https:\/\/www.enerjigazetesi.ist\/wp-content\/uploads\/2022\/05\/ab-de-onemli-seviyede-gunes-paneli-uretim-kapasitesi-devreye-alinacak-1-300x180.jpg 300w, https:\/\/www.enerjigazetesi.ist\/wp-content\/uploads\/2022\/05\/ab-de-onemli-seviyede-gunes-paneli-uretim-kapasitesi-devreye-alinacak-1-500x300.jpg 500w, https:\/\/www.enerjigazetesi.ist\/wp-content\/uploads\/2022\/05\/ab-de-onemli-seviyede-gunes-paneli-uretim-kapasitesi-devreye-alinacak-1-80x48.jpg 80w\" sizes=\"(max-width: 320px) 100vw, 320px\" \/>art\u0131\u015f\u0131 \u00f6ng\u00f6r\u00fcl\u00fcyor.<\/span><\/h2>\n<p><strong>AB \u00fclkeleri<\/strong>nde <strong>k\u0131sa<\/strong> ve<strong> orta vadede<\/strong> \u00f6nemli seviyede <strong>g\u00fcne\u015f paneli \u00fcretim kapasitesinin<\/strong> devreye al\u0131nmas\u0131 planlar aras\u0131nda yer al\u0131yor.<\/p>\n<p class=\"md-end-block md-p\"><span class=\"md-plain\">Yay\u0131nlanan \u00e7al\u0131\u015fmada <strong>kapasite art\u0131\u015f\u0131<\/strong> planlar\u0131nda <strong>Avrupa Komisyonu<\/strong>\u2019nun <strong>deste\u011fi<\/strong> ve <strong>s\u0131n\u0131rda karbon vergisi<\/strong> uygulamalar\u0131n\u0131n da etkili oldu\u011fu da vurgulan\u0131rken <em>Avrupa Komisyonu, Enerji Komiseri<\/em> <strong>Kadri Simson<\/strong> ise bu y\u0131l <strong>SolarPower<\/strong> zirvesinde yapt\u0131\u011f\u0131 konu\u015fmada Komisyon\u2019un <strong>Avrupa\u2019da<\/strong> sanayi \u00fcretimini art\u0131rmaya y\u00f6nelik yapmaya haz\u0131r oldu\u011funu dile getirerek Avrupa\u2019da \u00fcretilecek <strong>g\u00fcne\u015f panelleri<\/strong>nin sahip oldu\u011fu avantajlara da vurgu yap\u0131ld\u0131.<\/span><\/p>\n<p>Kaynak: <strong><a href=\"https:\/\/www.eurobserv-er.org\/photovoltaic-barometer-2020\/\" target=\"_blank\" rel=\"noopener\">Photovoltaic barometer 2020<\/a><\/strong><\/p>","protected":false},"excerpt":{"rendered":"<p>Sorry, this entry is only available in Turkish. For the sake of viewer convenience, the content is shown below in the alternative language. You may click the link to switch the active language. EurObserv\u2019ER&#8216;in haz\u0131rlad\u0131\u011f\u0131 2021 y\u0131l\u0131 Fotovoltaik Barometre Raporu&#8216;na g\u00f6re halihaz\u0131rda yat\u0131r\u0131m planlar\u0131n\u0131 a\u00e7\u0131klam\u0131\u015f olan 6 ayr\u0131 firma taraf\u0131ndan 2022-2025 d\u00f6neminde h\u00fccre dahil olmak [&hellip;]<\/p>\n","protected":false},"author":1,"featured_media":155355,"comment_status":"open","ping_status":"open","sticky":false,"template":"","format":"standard","meta":[],"categories":[51,53,49],"tags":[1752,103191,103190,2206,21925,8255,29973],"views":222,"_links":{"self":[{"href":"https:\/\/www.enerjigazetesi.ist\/en\/wp-json\/wp\/v2\/posts\/155352"}],"collection":[{"href":"https:\/\/www.enerjigazetesi.ist\/en\/wp-json\/wp\/v2\/posts"}],"about":[{"href":"https:\/\/www.enerjigazetesi.ist\/en\/wp-json\/wp\/v2\/types\/post"}],"author":[{"embeddable":true,"href":"https:\/\/www.enerjigazetesi.ist\/en\/wp-json\/wp\/v2\/users\/1"}],"replies":[{"embeddable":true,"href":"https:\/\/www.enerjigazetesi.ist\/en\/wp-json\/wp\/v2\/comments?post=155352"}],"version-history":[{"count":0,"href":"https:\/\/www.enerjigazetesi.ist\/en\/wp-json\/wp\/v2\/posts\/155352\/revisions"}],"wp:featuredmedia":[{"embeddable":true,"href":"https:\/\/www.enerjigazetesi.ist\/en\/wp-json\/wp\/v2\/media\/155355"}],"wp:attachment":[{"href":"https:\/\/www.enerjigazetesi.ist\/en\/wp-json\/wp\/v2\/media?parent=155352"}],"wp:term":[{"taxonomy":"category","embeddable":true,"href":"https:\/\/www.enerjigazetesi.ist\/en\/wp-json\/wp\/v2\/categories?post=155352"},{"taxonomy":"post_tag","embeddable":true,"href":"https:\/\/www.enerjigazetesi.ist\/en\/wp-json\/wp\/v2\/tags?post=155352"}],"curies":[{"name":"wp","href":"https:\/\/api.w.org\/{rel}","templated":true}]}}