{"id":155303,"date":"2022-05-08T22:53:03","date_gmt":"2022-05-08T19:53:03","guid":{"rendered":"https:\/\/www.enerjigazetesi.ist\/?p=155303"},"modified":"2022-05-08T22:56:32","modified_gmt":"2022-05-08T19:56:32","slug":"dongusel-ekonomi-ve-kaynak-verimliligi-platformu-projesi-lansmani-yapildi","status":"publish","type":"post","link":"https:\/\/www.enerjigazetesi.ist\/en\/dongusel-ekonomi-ve-kaynak-verimliligi-platformu-projesi-lansmani-yapildi\/","title":{"rendered":"(Turkish) &#8217;D\u00f6ng\u00fcsel Ekonomi ve Kaynak Verimlili\u011fi Platformu Projesi&#8217; Lansman\u0131 Yap\u0131ld\u0131"},"content":{"rendered":"<p class=\"qtranxs-available-languages-message qtranxs-available-languages-message-en\">Sorry, this entry is only available in <a href=\"https:\/\/www.enerjigazetesi.ist\/tr\/wp-json\/wp\/v2\/posts\/155303\" class=\"qtranxs-available-language-link qtranxs-available-language-link-tr\" title=\"Turkish\">Turkish<\/a>. For the sake of viewer convenience, the content is shown below in the alternative language. You may click the link to switch the active language.<\/p><p><\/p>\n<h2>\u0130\u015f D\u00fcnyas\u0131 ve S\u00fcrd\u00fcr\u00fclebilir Kalk\u0131nma Derne\u011fi (SKD T\u00fcrkiye) \u0130stanbul sanayinde d\u00f6ng\u00fcsel ekonomiye ge\u00e7i\u015fi g\u00fc\u00e7lendirecek yeni bir projeye imza atm\u0131\u015f olup SKD T\u00fcrkiye ve \u0130stanbul Sanayi Odas\u0131 (\u0130SO) ortakl\u0131\u011f\u0131 ile y\u00fcr\u00fct\u00fclen, \u0130stanbul Kalk\u0131nma Ajans\u0131 (\u0130STKA) taraf\u0131ndan Yenilik\u00e7i \u0130stanbul Mali Destek Program\u0131 kapsam\u0131nda desteklenen \u201cD\u00f6ng\u00fcsel Ekonomi ve Kaynak Verimlili\u011fi Platformu Projesi\u201dnin lansman\u0131 28 Nisan 2022 yap\u0131ld\u0131.<\/h2>\n<p>\u0130stanbul sanayinde, \u00f6ncelikli sekt\u00f6r ve de\u011fer zincirlerinde <strong>kaynak verimlili\u011finin<\/strong> ve <strong>d\u00f6ng\u00fcselli\u011fin<\/strong> artt\u0131r\u0131lmas\u0131na katk\u0131 sa\u011flanmas\u0131n\u0131 ama\u00e7layan proje ile; <strong>d\u00f6ng\u00fcsel ekonomi<\/strong>, <strong>de\u011fer zincirinde kaynak verimlili\u011fi, s\u00fcrd\u00fcr\u00fclebilirlik, temiz \u00fcretim<\/strong> gibi <strong>AB Ye\u015fil Mutabakat\u0131<\/strong>\u2019yla ilgili konularda \u00fclkemizdeki kurum ve kurulu\u015flar\u0131n bilgilendirilmesi ve bilin\u00e7lendirilmesi ama\u00e7lan\u0131yor. B\u00f6ylelikle \u00f6ncelikli sekt\u00f6rlerin <strong>d\u00f6ng\u00fcsel ekonomi modeline<\/strong> ge\u00e7erek <strong>uluslararas\u0131 ticarette<\/strong> de<strong> avantaj<\/strong> sahibi olmas\u0131 hedefleniyor.<\/p>\n<p style=\"text-align: center;\"><img loading=\"lazy\" class=\"aligncenter wp-image-155305\" src=\"https:\/\/www.enerjigazetesi.ist\/wp-content\/uploads\/2022\/05\/dongusel-ekonomi-ve-kaynak-verimliligi-platformu-projesi-lansmani-yapildi.jpg\" alt=\"\" width=\"500\" height=\"293\" srcset=\"https:\/\/www.enerjigazetesi.ist\/wp-content\/uploads\/2022\/05\/dongusel-ekonomi-ve-kaynak-verimliligi-platformu-projesi-lansmani-yapildi.jpg 550w, https:\/\/www.enerjigazetesi.ist\/wp-content\/uploads\/2022\/05\/dongusel-ekonomi-ve-kaynak-verimliligi-platformu-projesi-lansmani-yapildi-300x176.jpg 300w, https:\/\/www.enerjigazetesi.ist\/wp-content\/uploads\/2022\/05\/dongusel-ekonomi-ve-kaynak-verimliligi-platformu-projesi-lansmani-yapildi-500x293.jpg 500w, https:\/\/www.enerjigazetesi.ist\/wp-content\/uploads\/2022\/05\/dongusel-ekonomi-ve-kaynak-verimliligi-platformu-projesi-lansmani-yapildi-80x47.jpg 80w\" sizes=\"(max-width: 500px) 100vw, 500px\" \/><\/p>\n<p><strong>SKD T\u00fcrkiye Y\u00f6netim Kurulu Ba\u015fkan\u0131 Ebru Dildar Edin<\/strong>, a\u00e7\u0131l\u0131\u015f konu\u015fmas\u0131nda projenin \u00f6nemini \u015fu s\u00f6zlerle dile getirdi: <em>\u201cMevcut lineer ekonomik model ile <strong>s\u00fcrd\u00fcr\u00fclebilir kalk\u0131nman\u0131n<\/strong> ger\u00e7ekle\u015femeyece\u011fini, d\u00fcnyan\u0131n k\u0131s\u0131tl\u0131 kaynaklar\u0131n\u0131 fazlas\u0131yla t\u00fcketen bu model ile bug\u00fcn\u00fcn ve gelecek nesillerin kendi ihtiya\u00e7lar\u0131n\u0131 kar\u015f\u0131layamaz hale geldi\u011fini hepimiz biliyoruz. <strong>D\u00fcnya&#8217;n\u0131n<\/strong> ve <strong>T\u00fcrkiye\u2019nin<\/strong> s\u00fcrd\u00fcr\u00fclebilir kalk\u0131nma i\u00e7in h\u0131zla yol almas\u0131 gereken <strong>ye\u015fil d\u00f6n\u00fc\u015f\u00fcm<\/strong> yolculu\u011funun en \u00f6nemli ad\u0131mlar\u0131ndan biri <strong>d\u00f6ng\u00fcsel ekonomi modeline ge\u00e7i\u015f<\/strong> ile at\u0131lacakt\u0131r.<\/em><\/p>\n<p><em><strong>D\u00f6ng\u00fcsel Ekonomi <\/strong>ve <strong>Kaynak Verimlili\u011fi Platformu Projesi<\/strong> ile<strong> SKD T\u00fcrkiye<\/strong> olarak d\u00f6ng\u00fcsel ekonomi alan\u0131nda yapt\u0131\u011f\u0131m\u0131z projelere bir yenisini ekliyor olmaktan heyecan duymaktay\u0131z. Projenin <strong>\u0130stanbul Sanayi Odas\u0131<\/strong>\u2019n\u0131n i\u015f birli\u011fi ve<strong> \u0130STKA\u2019<\/strong>n\u0131n deste\u011fi ile hayata ge\u00e7mesi, derne\u011fimizin var olu\u015f meselesi olarak g\u00f6rd\u00fc\u011f\u00fc D\u00f6ng\u00fcsel Ekonomi alan\u0131nda kamu ve sivil toplumun i\u015f birli\u011fi i\u00e7inde hareket etmesine de \u00f6nemli bir \u00f6rnek te\u015fkil edecektir. Proje, \u0130stanbul sanayinde \u00f6ncelikli sekt\u00f6r ve de\u011fer zincirlerinde <strong>kaynak verimlili\u011finin<\/strong> ve <strong>d\u00f6ng\u00fcselli\u011fin artt\u0131r\u0131lmas\u0131<\/strong> sayesinde sekt\u00f6rlere uluslararas\u0131 <strong>ticarette rekabet avantaj\u0131<\/strong> sa\u011flayacak ve<strong> ye\u015fil d\u00f6n\u00fc\u015f\u00fcm\u00fc<\/strong> h\u0131zland\u0131racakt\u0131r.\u201d<\/em><\/p>\n<p>Etkinlikte konu\u015fma yapan<strong>\u00a0\u0130SO Y\u00f6netim Kurulu Ba\u015fkan Yard\u0131mc\u0131s\u0131 \u0130rfan \u00d6zhamaratl\u0131 <em>\u201c<\/em><\/strong><em>\u0130klim de\u011fi\u015fikli\u011fine ba\u011fl\u0131 <strong>do\u011fal afetler, Kovid-19 pandemisi<\/strong> ve <strong>Rusya-Ukrayna sava\u015f\u0131<\/strong> verimsiz bir kaynak kullan\u0131m\u0131na dayanan \u201cdo\u011frusal ekonomi modeli\u201dnin kal\u0131t\u0131msal risklerini g\u00f6zler \u00f6n\u00fcne serdi. K\u00fcresel sera gazlar\u0131n\u0131n yar\u0131s\u0131, biyo\u00e7e\u015fitlilik kayb\u0131n\u0131n<strong> % 90<\/strong>\u2019\u0131 kaynak kullan\u0131m\u0131 sebebiyle. Kaynak kullan\u0131m\u0131n\u0131n \u00e7evresel sonu\u00e7lar\u0131yla birle\u015fen bu t\u00fcr bir b\u00fcy\u00fcme; ekonomi \u00fczerinde \u00f6nemli bir bask\u0131 unsuru olu\u015ftururken gelece\u011fin refah\u0131n\u0131 tehlikeye at\u0131yor.\u00a0Odam\u0131z\u0131n <strong>1990\u2019l\u0131 y\u0131llardan bu yana<\/strong> y\u00fcr\u00fctt\u00fc\u011f\u00fc \u00e7evre \u00e7al\u0131\u015fmalar\u0131 2021 itibariyle <strong>s\u00fcrd\u00fcr\u00fclebilirlik oda\u011f\u0131nda<\/strong> devam ediyor. S\u00fcrd\u00fcr\u00fclebilir \u00fcretimin <strong>\u00e7evresel \u2013 ekonomik<\/strong> ve s<strong>osyal sa\u00e7 ayaklar\u0131n\u0131<\/strong> birlikte ele alarak daha iyi bir gelecek \u015fekillendirmek i\u00e7in yo\u011fun bir \u00e7aba sarf ediyoruz<\/em><strong><em>\u201d<\/em>\u00a0<\/strong>dedi.<\/p>\n<p><strong>\u0130stanbul Kalk\u0131nma Ajans\u0131 Genel Sekreteri \u0130smail Erkam T\u00fczgen\u00a0<\/strong>konu\u015fmas\u0131nda<strong>\u00a0<\/strong><em>\u201c\u0130stanbul 16 milyona dayanan n\u00fcfusu ile T\u00fcrkiye\u2019de<strong> enerji t\u00fcketiminde<\/strong> \u00f6nemli bir paya sahip. Kaynaklar\u0131n verimli kullan\u0131lmas\u0131 amac\u0131yla temiz \u00fcretim konusunda fark\u0131ndal\u0131k yarat\u0131lmas\u0131, <strong>temiz enerji \u00fcretimi<\/strong> ve <strong>enerji verimlili\u011fi uygulamalar\u0131n\u0131n desteklenmesi<\/strong> art\u0131k bir zaruret halini ald\u0131. Biz \u0130STKA olarak kuruldu\u011fumuz g\u00fcnden bu yana, <strong>s\u00fcrd\u00fcr\u00fclebilir kalk\u0131nma<\/strong> i\u00e7in<strong> enerji verimlili\u011fin art\u0131r\u0131lmas\u0131na<\/strong> y\u00f6nelik fark\u0131ndal\u0131k olu\u015fturulmas\u0131 ve sanayi kurulu\u015flar\u0131m\u0131z\u0131n<strong> \u00e7evresel performanslar\u0131n\u0131 art\u0131rmaya<\/strong> y\u00f6nelik \u00e7al\u0131\u015fmalar\u0131 destekliyoruz.<strong> \u201cD\u00f6ng\u00fcsel Ekonomi ve Kaynak Verimlili\u011fi Platformu\u201d projesi<\/strong>ni de <strong>kaynak verimlili\u011fi, s\u00fcrd\u00fcr\u00fclebilirlik, temiz \u00fcretim<\/strong> konusunda aksiyon almak isteyen firmalar ve kurumlar\u0131m\u0131z\u0131n fark\u0131ndal\u0131klar\u0131n\u0131 art\u0131rmak \u00fczere destekliyoruz. Bu projemizle sekt\u00f6r bazl\u0131 olarak yol haritalar\u0131n\u0131n ve eylem planlar\u0131n\u0131n olu\u015fturulmas\u0131n\u0131, giri\u015fimcilerin kaynak verimli \u00fcr\u00fcn ve hizmet fikirlerinin sanayi ile bulu\u015fmas\u0131n\u0131 hedefliyoruz. Proje kapsam\u0131nda y\u00fcr\u00fct\u00fclecek \u00e7al\u0131\u015fmalarla firmalar\u0131m\u0131za; <strong>kaynak verimlili\u011fi, s\u00fcrd\u00fcr\u00fclebilirlik, temiz \u00fcretim, d\u00f6ng\u00fcsel ekonomi<\/strong> gibi konularda en iyi \u015fekilde rehberlik edilece\u011fine g\u00f6n\u00fclden inan\u0131yorum\u201d<\/em><strong>\u00a0<\/strong>ifadelerini kulland\u0131.<\/p>\n<p><em>Link\u00f6ping \u00dcniversitesi Y\u00f6netim ve M\u00fchendislik B\u00f6l\u00fcm\u00fc, \u00c7evre Y\u00f6netimi ve Politikas\u0131 \u00d6\u011fretim \u00dcyesi<\/em>\u00a0<strong>Dr. Murat Mirata<\/strong>\u2019n\u0131n konuk konu\u015fmac\u0131 olarak kat\u0131ld\u0131\u011f\u0131 etkinlikte, proje ile ilgili detaylar payla\u015f\u0131ld\u0131. Ayr\u0131ca Avrupa Birli\u011fi D\u00f6ng\u00fcsel Ekonomi Eylem Plan\u0131 ve T\u00fcrkiye\u2019ye etkileri d\u00fczenlenen panelde tart\u0131\u015f\u0131ld\u0131.<\/p>\n<h3><strong><em>D\u00f6ng\u00fcsel Ekonomi ve Kaynak Verimlili\u011fi Platformu Projesi\u2019 Nedir?<\/em><\/strong><\/h3>\n<p>Proje kapsam\u0131nda <strong>tekstil, plastik<\/strong> ve<strong> beyaz e\u015fya<\/strong> sekt\u00f6rlerinde belirlenen firmalara <strong>d\u00f6ng\u00fcsel ekonomi<\/strong> ve<strong> kaynak verimlili\u011fi<\/strong> ile ilgili bire bir analiz, dan\u0131\u015fmanl\u0131k ve e\u011fitim hizmeti verilecek. 3 sekt\u00f6r i\u00e7in <strong>yol haritalar\u0131<\/strong> ve <strong>eylem planlar\u0131<\/strong> olu\u015fturularak,<strong> i\u015f birliklerinin geli\u015ftirilmesi<\/strong> sa\u011flanacak; ayr\u0131ca<strong> e\u011fitim<\/strong> ve <strong>sertifika programlar\u0131<\/strong> d\u00fczenlenerek <strong>D\u00f6ng\u00fcsel Ekonomi<\/strong> ve <strong>Kaynak Verimlili\u011fi<\/strong> alan\u0131nda yetkin uzmanlar yeti\u015ftirilerek projenin s\u00fcrd\u00fcr\u00fclebilir bir etki b\u0131rakmas\u0131 hedefleniyor.<\/p>\n<div>\n<p>Proje kapsam\u0131nda olu\u015fturulan platform, ba\u015fta t\u00fcm \u00f6zel sekt\u00f6r firmalar\u0131 olmak \u00fczere, <strong>d\u00f6ng\u00fcsel ekonomi<\/strong> ve <strong>kaynak verimlili\u011fi<\/strong> alanlar\u0131nda bilgi sahibi olmak, aksiyon almak isteyen ki\u015filer ve kurumlar i\u00e7in bir kaynak niteli\u011fi ta\u015f\u0131yacak bi\u00e7imde tasarland\u0131. <strong>15 \u015eubat 2022<\/strong> tarihinde ba\u015flayan proje <strong>18 ay<\/strong> s\u00fcrecek.<\/p>\n<\/div>\n<p><\/p>","protected":false},"excerpt":{"rendered":"<p>Sorry, this entry is only available in Turkish. For the sake of viewer convenience, the content is shown below in the alternative language. You may click the link to switch the active language. \u0130\u015f D\u00fcnyas\u0131 ve S\u00fcrd\u00fcr\u00fclebilir Kalk\u0131nma Derne\u011fi (SKD T\u00fcrkiye) \u0130stanbul sanayinde d\u00f6ng\u00fcsel ekonomiye ge\u00e7i\u015fi g\u00fc\u00e7lendirecek yeni bir projeye imza atm\u0131\u015f olup SKD T\u00fcrkiye [&hellip;]<\/p>\n","protected":false},"author":1,"featured_media":155307,"comment_status":"open","ping_status":"open","sticky":false,"template":"","format":"standard","meta":[],"categories":[53,52],"tags":[61067,45956,81137,103174,65462,103173,50126,103176,37993,1296,102983,103175,2482],"views":147,"_links":{"self":[{"href":"https:\/\/www.enerjigazetesi.ist\/en\/wp-json\/wp\/v2\/posts\/155303"}],"collection":[{"href":"https:\/\/www.enerjigazetesi.ist\/en\/wp-json\/wp\/v2\/posts"}],"about":[{"href":"https:\/\/www.enerjigazetesi.ist\/en\/wp-json\/wp\/v2\/types\/post"}],"author":[{"embeddable":true,"href":"https:\/\/www.enerjigazetesi.ist\/en\/wp-json\/wp\/v2\/users\/1"}],"replies":[{"embeddable":true,"href":"https:\/\/www.enerjigazetesi.ist\/en\/wp-json\/wp\/v2\/comments?post=155303"}],"version-history":[{"count":0,"href":"https:\/\/www.enerjigazetesi.ist\/en\/wp-json\/wp\/v2\/posts\/155303\/revisions"}],"wp:featuredmedia":[{"embeddable":true,"href":"https:\/\/www.enerjigazetesi.ist\/en\/wp-json\/wp\/v2\/media\/155307"}],"wp:attachment":[{"href":"https:\/\/www.enerjigazetesi.ist\/en\/wp-json\/wp\/v2\/media?parent=155303"}],"wp:term":[{"taxonomy":"category","embeddable":true,"href":"https:\/\/www.enerjigazetesi.ist\/en\/wp-json\/wp\/v2\/categories?post=155303"},{"taxonomy":"post_tag","embeddable":true,"href":"https:\/\/www.enerjigazetesi.ist\/en\/wp-json\/wp\/v2\/tags?post=155303"}],"curies":[{"name":"wp","href":"https:\/\/api.w.org\/{rel}","templated":true}]}}