{"id":155257,"date":"2022-05-08T10:49:27","date_gmt":"2022-05-08T07:49:27","guid":{"rendered":"https:\/\/www.enerjigazetesi.ist\/?p=155257"},"modified":"2022-05-08T10:59:06","modified_gmt":"2022-05-08T07:59:06","slug":"elektrikli-arac-sarj-istasyonlarinda-elektriksel-koruma-egitimi-26-mayista","status":"publish","type":"post","link":"https:\/\/www.enerjigazetesi.ist\/en\/elektrikli-arac-sarj-istasyonlarinda-elektriksel-koruma-egitimi-26-mayista\/","title":{"rendered":"(Turkish) Elektrikli Ara\u00e7 \u015earj \u0130stasyonlar\u0131nda Elektriksel Koruma E\u011fitimi 26 May\u0131s&#8217;ta"},"content":{"rendered":"<p class=\"qtranxs-available-languages-message qtranxs-available-languages-message-en\">Sorry, this entry is only available in <a href=\"https:\/\/www.enerjigazetesi.ist\/tr\/wp-json\/wp\/v2\/posts\/155257\" class=\"qtranxs-available-language-link qtranxs-available-language-link-tr\" title=\"Turkish\">Turkish<\/a>. For the sake of viewer convenience, the content is shown below in the alternative language. You may click the link to switch the active language.<\/p><p><\/p>\n<h2>Elektrik ara\u00e7 \u015farj istasyonlar\u0131 h\u0131zla hayat\u0131m\u0131za girerken bu istasyonlar\u0131n elektriksel olarak sahip olmas\u0131 gereken koruma ekipmanlar\u0131 hakk\u0131nda detayl\u0131 bilgi sunaca\u011f\u0131m\u0131z e\u011fitimimiz 26 May\u0131s Per\u015fembe g\u00fcn\u00fc saat 15.00&#8217;de <img loading=\"lazy\" class=\"alignright wp-image-155260\" src=\"https:\/\/www.enerjigazetesi.ist\/wp-content\/uploads\/2022\/05\/elektrikli-arac-sarj-istasyonlarinda-elektriksel-koruma-egitimi-26-mayista-2.jpg\" alt=\"\" width=\"320\" height=\"180\" srcset=\"https:\/\/www.enerjigazetesi.ist\/wp-content\/uploads\/2022\/05\/elektrikli-arac-sarj-istasyonlarinda-elektriksel-koruma-egitimi-26-mayista-2.jpg 550w, https:\/\/www.enerjigazetesi.ist\/wp-content\/uploads\/2022\/05\/elektrikli-arac-sarj-istasyonlarinda-elektriksel-koruma-egitimi-26-mayista-2-300x169.jpg 300w, https:\/\/www.enerjigazetesi.ist\/wp-content\/uploads\/2022\/05\/elektrikli-arac-sarj-istasyonlarinda-elektriksel-koruma-egitimi-26-mayista-2-500x281.jpg 500w, https:\/\/www.enerjigazetesi.ist\/wp-content\/uploads\/2022\/05\/elektrikli-arac-sarj-istasyonlarinda-elektriksel-koruma-egitimi-26-mayista-2-80x45.jpg 80w\" sizes=\"(max-width: 320px) 100vw, 320px\" \/>d\u00fczenleniyor.<\/h2>\n<p><strong>Elektrikli ara\u00e7lar, elektrikli ara\u00e7 \u015farj istasyonlar\u0131, ag parafudr se\u00e7imi, elektrikli ara\u00e7<\/strong> ve <strong>istasyon<\/strong> i\u00e7eren tesislerde<strong> y\u0131ld\u0131r\u0131mdan korunma, topraklama, ka\u00e7ak ak\u0131m r\u00f6lesi se\u00e7imi<\/strong> ve daha fazlas\u0131 bu e\u011fitimizde!<\/p>\n<p><strong>Online E\u011fitim Konusu:<\/strong>\u00a0Elektrikli Ara\u00e7 \u015earj \u0130stasyonlar\u0131nda Elektriksel Koruma<\/p>\n<p><strong>E\u011fitim Tarihi:<\/strong> 26 May\u0131s 2022 Per\u015fembe<\/p>\n<p><strong>E\u011fitim Saat:<\/strong> 15.00 &#8211; 16.00<\/p>\n<p><strong>E\u011fitime Kay\u0131tlar \u0130\u00e7in: <\/strong><a href=\"https:\/\/www.yilkomer.com\/online-egitim-elektrikli-arac-sarj-istasyonlarinda-elektriksel-koruma\/\" target=\"_blank\" rel=\"noopener\">https:\/\/www.yilkomer.com\/online-egitim-elektrikli-arac-sarj-istasyonlarinda-elektriksel-koruma\/<\/a> adresindeki ilgili kay\u0131t formunun doldurulmas\u0131 gerekiyor.<\/p>","protected":false},"excerpt":{"rendered":"<p>Sorry, this entry is only available in Turkish. For the sake of viewer convenience, the content is shown below in the alternative language. You may click the link to switch the active language. Elektrik ara\u00e7 \u015farj istasyonlar\u0131 h\u0131zla hayat\u0131m\u0131za girerken bu istasyonlar\u0131n elektriksel olarak sahip olmas\u0131 gereken koruma ekipmanlar\u0131 hakk\u0131nda detayl\u0131 bilgi sunaca\u011f\u0131m\u0131z e\u011fitimimiz 26 [&hellip;]<\/p>\n","protected":false},"author":1,"featured_media":155260,"comment_status":"open","ping_status":"open","sticky":false,"template":"","format":"standard","meta":[],"categories":[51,53],"tags":[103152,1311,103154,103153,10573,63377],"views":95,"_links":{"self":[{"href":"https:\/\/www.enerjigazetesi.ist\/en\/wp-json\/wp\/v2\/posts\/155257"}],"collection":[{"href":"https:\/\/www.enerjigazetesi.ist\/en\/wp-json\/wp\/v2\/posts"}],"about":[{"href":"https:\/\/www.enerjigazetesi.ist\/en\/wp-json\/wp\/v2\/types\/post"}],"author":[{"embeddable":true,"href":"https:\/\/www.enerjigazetesi.ist\/en\/wp-json\/wp\/v2\/users\/1"}],"replies":[{"embeddable":true,"href":"https:\/\/www.enerjigazetesi.ist\/en\/wp-json\/wp\/v2\/comments?post=155257"}],"version-history":[{"count":0,"href":"https:\/\/www.enerjigazetesi.ist\/en\/wp-json\/wp\/v2\/posts\/155257\/revisions"}],"wp:featuredmedia":[{"embeddable":true,"href":"https:\/\/www.enerjigazetesi.ist\/en\/wp-json\/wp\/v2\/media\/155260"}],"wp:attachment":[{"href":"https:\/\/www.enerjigazetesi.ist\/en\/wp-json\/wp\/v2\/media?parent=155257"}],"wp:term":[{"taxonomy":"category","embeddable":true,"href":"https:\/\/www.enerjigazetesi.ist\/en\/wp-json\/wp\/v2\/categories?post=155257"},{"taxonomy":"post_tag","embeddable":true,"href":"https:\/\/www.enerjigazetesi.ist\/en\/wp-json\/wp\/v2\/tags?post=155257"}],"curies":[{"name":"wp","href":"https:\/\/api.w.org\/{rel}","templated":true}]}}