{"id":155245,"date":"2022-05-08T08:00:52","date_gmt":"2022-05-08T05:00:52","guid":{"rendered":"https:\/\/www.enerjigazetesi.ist\/?p=155245"},"modified":"2022-05-08T08:00:52","modified_gmt":"2022-05-08T05:00:52","slug":"haftasonu-ozel-annelik-gitgide-buyuyen-ve-derinlesen-bir-ask","status":"publish","type":"post","link":"https:\/\/www.enerjigazetesi.ist\/en\/haftasonu-ozel-annelik-gitgide-buyuyen-ve-derinlesen-bir-ask\/","title":{"rendered":"(Turkish) Haftasonu \u00d6zel: &#8220;Annelik Gitgide B\u00fcy\u00fcyen ve Derinle\u015fen Bir A\u015fk&#8221;"},"content":{"rendered":"<p class=\"qtranxs-available-languages-message qtranxs-available-languages-message-en\">Sorry, this entry is only available in <a href=\"https:\/\/www.enerjigazetesi.ist\/tr\/wp-json\/wp\/v2\/posts\/155245\" class=\"qtranxs-available-language-link qtranxs-available-language-link-tr\" title=\"Turkish\">Turkish<\/a>. For the sake of viewer convenience, the content is shown below in the alternative language. You may click the link to switch the active language.<\/p><p><\/p>\n<h2>Sanat\u00e7\u0131 ve s\u00f6z yazar\u0131 Cemre Kemer, anneli\u011fin verdi\u011fi duygular\u0131, do\u011fumdan sonra hayat\u0131ndaki de\u011fi\u015fiklikleri ve bebe\u011fi Karla\u2019yla ge\u00e7irdi\u011fi anlar\u0131 okurlar ile payla\u015ft\u0131.<\/h2>\n<p><strong>Anneli\u011fi<\/strong> bir c\u00fcmleyle anlat\u0131r m\u0131s\u0131n\u0131z sorusu ile r\u00f6portaj\u0131na ba\u015flayan ve <em>\u201c<strong>Gitgide b\u00fcy\u00fcyen<\/strong> ve <strong>derinle\u015fen bir a\u015fk<\/strong> diyebiliriz\u201d yan\u0131t\u0131n\u0131 veren Cemre Kemer, anne olmakla birlikte hayat\u0131n\u0131n nas\u0131l bir de\u011fi\u015fime u\u011frad\u0131\u011f\u0131n\u0131, beklentileri do\u011frultusunda bir de\u011fi\u015fim olup olmad\u0131\u011f\u0131n\u0131 \u201cHayat\u0131m\u0131 \u00e7ok uzun <img loading=\"lazy\" class=\"alignright wp-image-155247\" src=\"https:\/\/www.enerjigazetesi.ist\/wp-content\/uploads\/2022\/05\/haftasonu-ozel-annelik-gitgide-buyuyen-ve-derinlesen-bir-ask-2.jpg\" alt=\"\" width=\"320\" height=\"330\" srcset=\"https:\/\/www.enerjigazetesi.ist\/wp-content\/uploads\/2022\/05\/haftasonu-ozel-annelik-gitgide-buyuyen-ve-derinlesen-bir-ask-2.jpg 550w, https:\/\/www.enerjigazetesi.ist\/wp-content\/uploads\/2022\/05\/haftasonu-ozel-annelik-gitgide-buyuyen-ve-derinlesen-bir-ask-2-290x300.jpg 290w, https:\/\/www.enerjigazetesi.ist\/wp-content\/uploads\/2022\/05\/haftasonu-ozel-annelik-gitgide-buyuyen-ve-derinlesen-bir-ask-2-387x400.jpg 387w, https:\/\/www.enerjigazetesi.ist\/wp-content\/uploads\/2022\/05\/haftasonu-ozel-annelik-gitgide-buyuyen-ve-derinlesen-bir-ask-2-48x50.jpg 48w, https:\/\/www.enerjigazetesi.ist\/wp-content\/uploads\/2022\/05\/haftasonu-ozel-annelik-gitgide-buyuyen-ve-derinlesen-bir-ask-2-500x516.jpg 500w\" sizes=\"(max-width: 320px) 100vw, 320px\" \/>s\u00fcredir kendi d\u00fczenim ve disiplinim i\u00e7inde ya\u015farken, bir anda bebe\u011fimin saatleri, d\u00fczeni ve huzuruna g\u00f6re de\u011fi\u015ftirdim. Sosyalle\u015fmekten tutun, yedi\u011fime, i\u00e7ti\u011fime, uyudu\u011fum uykuya kadar her \u015feye, onun do\u011frultusunda karar vermeye ba\u015flad\u0131m. Evet, bir bak\u0131ma beklentim de bu \u015fekildeydi; \u00e7ok \u015fa\u015f\u0131r\u0131p afallamad\u0131m, kendimi uzun bir s\u00fcre bu \u015fekilde ya\u015famaya haz\u0131rlam\u0131\u015ft\u0131m. Tecr\u00fcbe sahibi arkada\u015flar\u0131mdan az \u00e7ok bir fark\u0131ndal\u0131\u011f\u0131m vard\u0131 duruma\u201d<\/em> ifadelerini kulland\u0131.<\/p>\n<p>\u00c7ocuklar\u0131n\u0131z\u0131n ismine karar veri\u015f hikayesini<em> \u201cBir hikayesi var tabii ki; ama anlam\u0131 y\u00fcz\u00fcnden tercih ettim diyebiliriz. <strong>\u201cKarla\u201d<\/strong>, <strong>\u00f6zg\u00fcr<\/strong> ve <strong>g\u00fc\u00e7l\u00fc kad\u0131n<\/strong> demek. Bence bir kad\u0131n i\u00e7in en \u00f6nemli ba\u015fl\u0131klardan biri bu olmal\u0131, buras\u0131 \u00f6yle bir d\u00fcnya\u201d ifadeleriyle anlatan Kemer, \u00e7ocuklar\u0131n\u0131z\u0131n kariyer planlamas\u0131na dahil olma konusunda ise \u201cKariyer planlamas\u0131na dahil olmamay\u0131 isterim asl\u0131nda; ama \u00e7ok kontrol manya\u011f\u0131 bir karakter oldu\u011fumdan burnumu sokmadan duramam gibi geliyor. Onun yerine karar vermem ama \u00e7akt\u0131rmadan, alttan alttan y\u00f6nlendirme yapaca\u011f\u0131m kesin!\u201d<\/em> cevab\u0131 ile a\u00e7\u0131klad\u0131.<\/p>\n<p>Beraber yapmaktan en \u00e7ok keyif ald\u0131\u011f\u0131n\u0131z aktivitenin banyo yapmak oldu\u011funu belirten Cemre Kemer <em>\u201cAk\u015famlar\u0131 banyosunu beraber yap\u0131yoruz ve bu ikimizin de en sevdi\u011fi \u015feylerden biri diyebilirim. \u015eu an hen\u00fcz \u00e7ok k\u00fc\u00e7\u00fck oldu\u011fundan \u00e7ok fazla bir aktivitemiz olam\u0131yor. Tabii, oyun oynamak gibi klasik \u015feyleri saymamaya \u00e7al\u0131\u015ft\u0131m. Biraz b\u00fcy\u00fcs\u00fcn, o zaman durmayaca\u011f\u0131z\u201d<\/em> dedi.<\/p>\n<p>Anneler G\u00fcn\u00fc mesaj\u0131n\u0131z\u0131 payla\u015fan Kemer <em>\u201cBen bu konuda hen\u00fcz yeniyim ama her bebek ya da \u00e7ocuk kendine \u00f6zg\u00fc; do\u011fru yapmaya, geli\u015ferek yeti\u015ftirmeye \u00e7al\u0131\u015ft\u0131ktan sonra hepimiz iyi anneleriz. <strong>Bu i\u015f, sonsuz bir okul <\/strong>gibiymi\u015f.<strong> \u00c7ok heyecanl\u0131 ve e\u011flenceli.<\/strong> Her g\u00fcn\u00fc ayr\u0131 macera olan bir okul. <strong>Anneler G\u00fcn\u00fc\u2019m\u00fcz kutlu olsun&#8230;<\/strong>\u201d<\/em> a\u00e7\u0131klamas\u0131nda bulundu.<\/p>\n<p><em><strong>May\u0131s\u00a02022 say\u0131s\u0131<\/strong> ile <strong>MAG Dergi&#8217;nin <\/strong>195&#8217;inci say\u0131s\u0131na dopdolu i\u00e7eri\u011fi, dekorasyon ve yazarlar\u0131 ile <a href=\"http:\/\/www.magdergi.com.tr\/\" target=\"_blank\" rel=\"noopener\" data-saferedirecturl=\"https:\/\/www.google.com\/url?q=http:\/\/www.magdergi.com.tr&amp;source=gmail&amp;ust=1652030001049000&amp;usg=AOvVaw34C5Plb6TUipS7DOyiu9DE\">www.magdergi.com.tr<\/a>, Turkcell Dergilik, Google Play, Apple Store, T\u00fcrkTelekom E-Dergi, Magzter, Dijitalbas\u0131n, \u0130ssuu, dMags ve\u00a0<a href=\"https:\/\/www.magdergi.com\/\" target=\"_blank\" rel=\"noopener\" data-saferedirecturl=\"https:\/\/www.google.com\/url?q=https:\/\/www.magdergi.com\/&amp;source=gmail&amp;ust=1652030001049000&amp;usg=AOvVaw3IqDApS7lfVDWzPMuuHZJS\">https:\/\/www.magdergi.com<\/a> adresinden ula\u015fabilirsiniz.<\/em><\/p>","protected":false},"excerpt":{"rendered":"<p>Sorry, this entry is only available in Turkish. For the sake of viewer convenience, the content is shown below in the alternative language. You may click the link to switch the active language. Sanat\u00e7\u0131 ve s\u00f6z yazar\u0131 Cemre Kemer, anneli\u011fin verdi\u011fi duygular\u0131, do\u011fumdan sonra hayat\u0131ndaki de\u011fi\u015fiklikleri ve bebe\u011fi Karla\u2019yla ge\u00e7irdi\u011fi anlar\u0131 okurlar ile payla\u015ft\u0131. Anneli\u011fi [&hellip;]<\/p>\n","protected":false},"author":1,"featured_media":155248,"comment_status":"open","ping_status":"open","sticky":false,"template":"","format":"standard","meta":[],"categories":[53,4],"tags":[50509,103147,103146,103145,103144,103148],"views":123,"_links":{"self":[{"href":"https:\/\/www.enerjigazetesi.ist\/en\/wp-json\/wp\/v2\/posts\/155245"}],"collection":[{"href":"https:\/\/www.enerjigazetesi.ist\/en\/wp-json\/wp\/v2\/posts"}],"about":[{"href":"https:\/\/www.enerjigazetesi.ist\/en\/wp-json\/wp\/v2\/types\/post"}],"author":[{"embeddable":true,"href":"https:\/\/www.enerjigazetesi.ist\/en\/wp-json\/wp\/v2\/users\/1"}],"replies":[{"embeddable":true,"href":"https:\/\/www.enerjigazetesi.ist\/en\/wp-json\/wp\/v2\/comments?post=155245"}],"version-history":[{"count":0,"href":"https:\/\/www.enerjigazetesi.ist\/en\/wp-json\/wp\/v2\/posts\/155245\/revisions"}],"wp:featuredmedia":[{"embeddable":true,"href":"https:\/\/www.enerjigazetesi.ist\/en\/wp-json\/wp\/v2\/media\/155248"}],"wp:attachment":[{"href":"https:\/\/www.enerjigazetesi.ist\/en\/wp-json\/wp\/v2\/media?parent=155245"}],"wp:term":[{"taxonomy":"category","embeddable":true,"href":"https:\/\/www.enerjigazetesi.ist\/en\/wp-json\/wp\/v2\/categories?post=155245"},{"taxonomy":"post_tag","embeddable":true,"href":"https:\/\/www.enerjigazetesi.ist\/en\/wp-json\/wp\/v2\/tags?post=155245"}],"curies":[{"name":"wp","href":"https:\/\/api.w.org\/{rel}","templated":true}]}}