{"id":155238,"date":"2022-05-07T21:48:16","date_gmt":"2022-05-07T18:48:16","guid":{"rendered":"https:\/\/www.enerjigazetesi.ist\/?p=155238"},"modified":"2022-05-07T21:49:00","modified_gmt":"2022-05-07T18:49:00","slug":"lg-electronics-u-s-epa-tarafindan-2022-enegry-star-ortagi-secildi","status":"publish","type":"post","link":"https:\/\/www.enerjigazetesi.ist\/en\/lg-electronics-u-s-epa-tarafindan-2022-enegry-star-ortagi-secildi\/","title":{"rendered":"(Turkish) &#8217;LG Electronics&#8217; U.S. EPA Taraf\u0131ndan 2022 Enegry Star Orta\u011f\u0131 Se\u00e7ildi"},"content":{"rendered":"<p class=\"qtranxs-available-languages-message qtranxs-available-languages-message-en\">Sorry, this entry is only available in <a href=\"https:\/\/www.enerjigazetesi.ist\/tr\/wp-json\/wp\/v2\/posts\/155238\" class=\"qtranxs-available-language-link qtranxs-available-language-link-tr\" title=\"Turkish\">Turkish<\/a>. For the sake of viewer convenience, the content is shown below in the alternative language. You may click the link to switch the active language.<\/p><p><\/p>\n<h2>LG Electronics, ABD \u00c7evre Koruma Ajans\u0131 (EPA) taraf\u0131ndan 2022 ENERGY STAR\u00ae Y\u0131l\u0131n S\u00fcrd\u00fcr\u00fclen M\u00fckemmellik Orta\u011f\u0131 se\u00e7ildi. LG&#8217;nin 2012&#8217;den bu yana 9 kez lay\u0131k g\u00f6r\u00fcld\u00fc\u011f\u00fc bu prestijli onur, \u015firketin ENERGY STAR sertifikal\u0131 \u00fcr\u00fcnler yoluyla \u00e7evreyi korumaya y\u00f6nelik \u00f6rnek te\u015fkil eden aksiyonlar\u0131n\u0131n bir g\u00f6stergesi olarak kabul ediliyor.<\/h2>\n<p>LG, <strong>Y\u0131l\u0131n \u0130\u015f Orta\u011f\u0131 \u00d6d\u00fcl\u00fc<\/strong>&#8216;ne ek olarak, LG, <strong>43<\/strong> buzdolab\u0131 ve dondurucu modeli ile EPA ENERGY STAR Geli\u015fen Teknoloji \u00d6d\u00fcl\u00fc&#8217;n\u00fc ald\u0131. LG\u2019nin \u00f6d\u00fcl alan \u00fcr\u00fcnleri, geli\u015fmi\u015f <strong>uyarlanabilir kompres\u00f6rlere<\/strong> sahip olmas\u0131n\u0131n yan\u0131 s\u0131ra, <strong>\u00e7ok d\u00fc\u015f\u00fck k\u00fcresel \u0131s\u0131nma potansiyeline (GWP)<\/strong> sahip bir so\u011futucu olan <strong>R-600a&#8217;y\u0131<\/strong> kullan\u0131yor. Bu buzdolaplar\u0131 uyarlanabilir moddayken, kompres\u00f6r\u00fcn sabit <img loading=\"lazy\" class=\"alignright wp-image-155241\" src=\"https:\/\/www.enerjigazetesi.ist\/wp-content\/uploads\/2022\/05\/lg-electronics-u-s-epa-tarafindan-2022-enegry-star-ortagi-secildi-1.jpg\" alt=\"\" width=\"320\" height=\"158\" srcset=\"https:\/\/www.enerjigazetesi.ist\/wp-content\/uploads\/2022\/05\/lg-electronics-u-s-epa-tarafindan-2022-enegry-star-ortagi-secildi-1.jpg 550w, https:\/\/www.enerjigazetesi.ist\/wp-content\/uploads\/2022\/05\/lg-electronics-u-s-epa-tarafindan-2022-enegry-star-ortagi-secildi-1-300x148.jpg 300w, https:\/\/www.enerjigazetesi.ist\/wp-content\/uploads\/2022\/05\/lg-electronics-u-s-epa-tarafindan-2022-enegry-star-ortagi-secildi-1-500x247.jpg 500w, https:\/\/www.enerjigazetesi.ist\/wp-content\/uploads\/2022\/05\/lg-electronics-u-s-epa-tarafindan-2022-enegry-star-ortagi-secildi-1-80x40.jpg 80w\" sizes=\"(max-width: 320px) 100vw, 320px\" \/>h\u0131z modunda oldu\u011fu duruma k\u0131yasla, minimum standarttan en az <strong>% 25<\/strong> daha iyi performans g\u00f6steriyor. \u00d6d\u00fcll\u00fc \u00fcr\u00fcnler ayr\u0131ca, d\u00fc\u015f\u00fck <strong>GWP<\/strong>&#8216;li (15&#8217;in alt\u0131nda) <strong>so\u011futucu<\/strong> ve<strong> k\u00f6p\u00fck<\/strong> i\u00e7eriyor. LG&#8217;nin buzdolab\u0131 serilerinde bulunan <strong>Inverter Linear Compressor\u2122*<\/strong>, LG&#8217;nin geleneksel modellerine k\u0131yasla yiyecekleri daha uzun s\u00fcre taze tutuyor ve<strong> daha g\u00fcr\u00fclt\u00fcs\u00fcz<\/strong> \u00e7al\u0131\u015f\u0131yor.<\/p>\n<p><strong>ENERGY STAR program\u0131<\/strong>, her y\u0131l \u00fcst\u00fcn enerji ba\u015far\u0131lar\u0131yla \u00e7evrenin korunmas\u0131na ola\u011fan\u00fcst\u00fc katk\u0131larda bulunan \u015firketleri \u00f6d\u00fcllendiriyor. ENERGY STAR \u00f6d\u00fcl sahipleri, <strong>enerji verimli \u00fcr\u00fcnlerin<\/strong>, evlerin, binalar\u0131n, hizmetlerin ve stratejilerin <strong>\u00fcretimi, sat\u0131\u015f\u0131<\/strong> ve benimsenmesinde sekt\u00f6rlerine \u00f6nc\u00fcl\u00fck ediyor. Bu \u00e7abalar, <strong>iklim kriziyle m\u00fccadele<\/strong> ve<strong> halk sa\u011fl\u0131\u011f\u0131n\u0131 korumak<\/strong> i\u00e7in \u00f6nem ta\u015f\u0131yor.<\/p>\n<p>LG,<strong> S\u0131f\u0131r Negatif \u00c7evresel Etki giri\u015fimi<\/strong> kapsam\u0131nda, \u00e7evre \u00fczerinde olumlu bir etki yaratan daha fazla \u00fcretim tesisi kurmay\u0131 planl\u0131yor. LG, \u015firketin <strong>karbon n\u00f6trl\u00fc\u011f\u00fc<\/strong> ve <strong>d\u00f6ng\u00fcsel ekonomi<\/strong> konusundaki geni\u015f hedeflerine ula\u015fmas\u0131n\u0131 sa\u011flamak i\u00e7in 2030 y\u0131l\u0131na kadar \u00fcretim s\u00fcrecine<strong> 600.000 tona<\/strong> kadar<strong> geri d\u00f6n\u00fc\u015ft\u00fcr\u00fclm\u00fc\u015f plastik<\/strong> ekleyerek <strong>petrokimya bazl\u0131 plastik kullan\u0131m\u0131<\/strong>n\u0131 azaltma ve <strong>elektronik at\u0131klar\u0131n geri kazan\u0131m\u0131n\u0131<\/strong> neredeyse 2&#8217;ye katlayarak <strong>8 milyon tona<\/strong> \u00e7\u0131kartma niyetini a\u00e7\u0131klad\u0131.<\/p>\n<p>EPA Y\u00f6neticisi <strong>Michael S. Regan<\/strong>&#8216;a g\u00f6re LG, daha <strong>s\u00fcrd\u00fcr\u00fclebilir bir gelecek<\/strong> in\u015fa etmek i\u00e7in ne gerekti\u011fini g\u00f6steriyor. Regan,<em> \u201cLG, temiz bir enerji ekonomisini desteklemek i\u00e7in harekete ge\u00e7menin sadece \u00e7evre i\u00e7in de\u011fil, ayn\u0131 zamanda i\u015f d\u00fcnyas\u0131 ve m\u00fc\u015fteriler i\u00e7in de iyi olabilece\u011fini bir kez daha g\u00f6steriyor. <strong>\u0130klim kriziyle m\u00fccadele<\/strong> i\u00e7in hepimizin birlikte \u00e7al\u0131\u015fmas\u0131n\u0131n gerekece\u011fini biliyoruz\u201d<\/em> ifadelerini kulland\u0131.<\/p>","protected":false},"excerpt":{"rendered":"<p>Sorry, this entry is only available in Turkish. For the sake of viewer convenience, the content is shown below in the alternative language. You may click the link to switch the active language. LG Electronics, ABD \u00c7evre Koruma Ajans\u0131 (EPA) taraf\u0131ndan 2022 ENERGY STAR\u00ae Y\u0131l\u0131n S\u00fcrd\u00fcr\u00fclen M\u00fckemmellik Orta\u011f\u0131 se\u00e7ildi. LG&#8217;nin 2012&#8217;den bu yana 9 kez [&hellip;]<\/p>\n","protected":false},"author":1,"featured_media":155242,"comment_status":"open","ping_status":"open","sticky":false,"template":"","format":"standard","meta":[],"categories":[53,52],"tags":[103140,103141,40039,55978,103142,34231,7135,53017,103143],"views":143,"_links":{"self":[{"href":"https:\/\/www.enerjigazetesi.ist\/en\/wp-json\/wp\/v2\/posts\/155238"}],"collection":[{"href":"https:\/\/www.enerjigazetesi.ist\/en\/wp-json\/wp\/v2\/posts"}],"about":[{"href":"https:\/\/www.enerjigazetesi.ist\/en\/wp-json\/wp\/v2\/types\/post"}],"author":[{"embeddable":true,"href":"https:\/\/www.enerjigazetesi.ist\/en\/wp-json\/wp\/v2\/users\/1"}],"replies":[{"embeddable":true,"href":"https:\/\/www.enerjigazetesi.ist\/en\/wp-json\/wp\/v2\/comments?post=155238"}],"version-history":[{"count":0,"href":"https:\/\/www.enerjigazetesi.ist\/en\/wp-json\/wp\/v2\/posts\/155238\/revisions"}],"wp:featuredmedia":[{"embeddable":true,"href":"https:\/\/www.enerjigazetesi.ist\/en\/wp-json\/wp\/v2\/media\/155242"}],"wp:attachment":[{"href":"https:\/\/www.enerjigazetesi.ist\/en\/wp-json\/wp\/v2\/media?parent=155238"}],"wp:term":[{"taxonomy":"category","embeddable":true,"href":"https:\/\/www.enerjigazetesi.ist\/en\/wp-json\/wp\/v2\/categories?post=155238"},{"taxonomy":"post_tag","embeddable":true,"href":"https:\/\/www.enerjigazetesi.ist\/en\/wp-json\/wp\/v2\/tags?post=155238"}],"curies":[{"name":"wp","href":"https:\/\/api.w.org\/{rel}","templated":true}]}}