{"id":155210,"date":"2022-05-06T12:46:22","date_gmt":"2022-05-06T09:46:22","guid":{"rendered":"https:\/\/www.enerjigazetesi.ist\/?p=155210"},"modified":"2022-05-06T12:46:22","modified_gmt":"2022-05-06T09:46:22","slug":"polat-holding-in-yeni-uyesi-kursad-turkoglu-oldu","status":"publish","type":"post","link":"https:\/\/www.enerjigazetesi.ist\/en\/polat-holding-in-yeni-uyesi-kursad-turkoglu-oldu\/","title":{"rendered":"(Turkish) &#8217;Polat Holding&#8217;in Yeni \u00dcyesi K\u00fcr\u015fad T\u00fcrko\u011flu Oldu"},"content":{"rendered":"<p class=\"qtranxs-available-languages-message qtranxs-available-languages-message-en\">Sorry, this entry is only available in <a href=\"https:\/\/www.enerjigazetesi.ist\/tr\/wp-json\/wp\/v2\/posts\/155210\" class=\"qtranxs-available-language-link qtranxs-available-language-link-tr\" title=\"Turkish\">Turkish<\/a>. For the sake of viewer convenience, the content is shown below in the alternative language. You may click the link to switch the active language.<\/p><p><\/p>\n<h2><strong>Gayrimenkul ve enerji alanlar\u0131nda yapt\u0131\u011f\u0131 de\u011ferli yat\u0131r\u0131mlar ile T\u00fcrkiye\u2019de ve globalde ekonomiye katk\u0131lar\u0131n\u0131 sunan, yar\u0131m asr\u0131 a\u015fk\u0131n tecr\u00fcbesi ile sekt\u00f6r\u00fcne \u00f6nc\u00fc olan Polat Holding; b\u00fcnyesinde bulunan Polat Y\u00f6netim ve Piyalepa\u015fa Y\u00f6netim \u015firketlerine <em>Genel M\u00fcd\u00fcr Yard\u0131mc\u0131s\u0131 olarak K\u00fcr\u015fad T\u00fcrko\u011flu\u2019nu<\/em> atad\u0131.<\/strong><\/h2>\n<p>T\u00fcrkiye\u2019nin lokomotif sekt\u00f6rlerinden<strong> gayrimenkul<\/strong> ve <strong>enerji<\/strong> alanlar\u0131nda<strong> yapt\u0131\u011f\u0131 yat\u0131r\u0131mlar<\/strong> ile <img loading=\"lazy\" class=\"alignright wp-image-155212\" src=\"https:\/\/www.enerjigazetesi.ist\/wp-content\/uploads\/2022\/05\/polat-holding-in-yeni-uyesi-kursad-turkoglu-oldu.jpg\" alt=\"\" width=\"300\" height=\"235\" srcset=\"https:\/\/www.enerjigazetesi.ist\/wp-content\/uploads\/2022\/05\/polat-holding-in-yeni-uyesi-kursad-turkoglu-oldu.jpg 550w, https:\/\/www.enerjigazetesi.ist\/wp-content\/uploads\/2022\/05\/polat-holding-in-yeni-uyesi-kursad-turkoglu-oldu-300x235.jpg 300w, https:\/\/www.enerjigazetesi.ist\/wp-content\/uploads\/2022\/05\/polat-holding-in-yeni-uyesi-kursad-turkoglu-oldu-500x391.jpg 500w, https:\/\/www.enerjigazetesi.ist\/wp-content\/uploads\/2022\/05\/polat-holding-in-yeni-uyesi-kursad-turkoglu-oldu-64x50.jpg 64w\" sizes=\"(max-width: 300px) 100vw, 300px\" \/>bulundu\u011fu \u00fclkelerde de\u011fer yaratmak vizyonunu benimseyen Polat Holding; yar\u0131m asr\u0131 a\u015fk\u0131n tecr\u00fcbesi ile T\u00fcrkiye\u2019de, globalde ise <strong>20 y\u0131l\u0131 a\u015fk\u0131n<\/strong> s\u00fcredir katma de\u011ferli projeleri hayata ge\u00e7iriyor. Sekt\u00f6rdeki uzmanl\u0131\u011f\u0131 ile T\u00fcrkiye\u2019nin <strong>k\u00f6kl\u00fc<\/strong> ve<strong> g\u00fcvenilir<\/strong> \u015firketleri aras\u0131nda yer alan holding; g\u00fc\u00e7l\u00fc kadrosunu her ge\u00e7en g\u00fcn biraz daha geni\u015fleterek 2022\u2019deki \u00e7al\u0131\u015fmalar\u0131na yeni bir ivme kazand\u0131r\u0131yor. Sekt\u00f6r\u00fcn\u00fcn belirleyici isimlerinden biri olan Holding, b\u00fcnyesine ba\u011fl\u0131 <strong>Polat Y\u00f6netim ve Piyalepa\u015fa Y\u00f6netim \u015firketleri<\/strong>nin <strong>Genel M\u00fcd\u00fcr Yard\u0131mc\u0131s\u0131<\/strong> koltu\u011funu; sekt\u00f6r\u00fcn tecr\u00fcbeli ismi<strong> K\u00fcr\u015fad T\u00fcrko\u011flu<\/strong>\u2019na devretti.<\/p>\n<p><em>Lise \u00f6\u011frenimini \u0130stanbul Atat\u00fcrk Fen Lisesi\u2019nde, lisans e\u011fitimini \u0130stanbul Teknik \u00dcniversitesi\u2019nde \u0130n\u015faat M\u00fchendisli\u011fi \u00fczerine tamamlayan K\u00fcr\u015fad T\u00fcrko\u011flu; y\u00fcksek lisans e\u011fitimini de ayn\u0131 \u00fcniversitede tamamlad\u0131. Sekt\u00f6rdeki<strong> 25. Y\u0131l\u0131n\u0131<\/strong> dolduran ve kariyerine <strong>1997 y\u0131l\u0131nda<\/strong> in\u015faat sekt\u00f6r\u00fc ile ba\u015flayan T\u00fcrko\u011flu; kariyeri boyunca T\u00fcrkiye\u2019nin \u00f6nde gelen firmalar\u0131nda, <strong>pazarlama, lojistik, sat\u0131n alma <\/strong>ve <strong>tesis y\u00f6netimi<\/strong> alanlar\u0131nda <strong>y\u00f6neticilik<\/strong> g\u00f6revlerinde bulundu.<\/em><\/p>\n<p>K\u00fcr\u015fad T\u00fcrko\u011flu, <strong>2022 Nisan ay\u0131<\/strong> itibar\u0131yla <strong>Polat Holding<\/strong>\u2019e ba\u011fl\u0131 <strong>Polat Y\u00f6netim ve Piyalepa\u015fa Y\u00f6netim \u015firketleri<\/strong>nde <strong>Genel M\u00fcd\u00fcr Yard\u0131mc\u0131s\u0131<\/strong> olarak g\u00f6reve ba\u015flad\u0131.<\/p>","protected":false},"excerpt":{"rendered":"<p>Sorry, this entry is only available in Turkish. For the sake of viewer convenience, the content is shown below in the alternative language. You may click the link to switch the active language. Gayrimenkul ve enerji alanlar\u0131nda yapt\u0131\u011f\u0131 de\u011ferli yat\u0131r\u0131mlar ile T\u00fcrkiye\u2019de ve globalde ekonomiye katk\u0131lar\u0131n\u0131 sunan, yar\u0131m asr\u0131 a\u015fk\u0131n tecr\u00fcbesi ile sekt\u00f6r\u00fcne \u00f6nc\u00fc olan [&hellip;]<\/p>\n","protected":false},"author":1,"featured_media":155213,"comment_status":"open","ping_status":"open","sticky":false,"template":"","format":"standard","meta":[],"categories":[51,53],"tags":[75783,103128,103127,4798,103126],"views":157,"_links":{"self":[{"href":"https:\/\/www.enerjigazetesi.ist\/en\/wp-json\/wp\/v2\/posts\/155210"}],"collection":[{"href":"https:\/\/www.enerjigazetesi.ist\/en\/wp-json\/wp\/v2\/posts"}],"about":[{"href":"https:\/\/www.enerjigazetesi.ist\/en\/wp-json\/wp\/v2\/types\/post"}],"author":[{"embeddable":true,"href":"https:\/\/www.enerjigazetesi.ist\/en\/wp-json\/wp\/v2\/users\/1"}],"replies":[{"embeddable":true,"href":"https:\/\/www.enerjigazetesi.ist\/en\/wp-json\/wp\/v2\/comments?post=155210"}],"version-history":[{"count":0,"href":"https:\/\/www.enerjigazetesi.ist\/en\/wp-json\/wp\/v2\/posts\/155210\/revisions"}],"wp:featuredmedia":[{"embeddable":true,"href":"https:\/\/www.enerjigazetesi.ist\/en\/wp-json\/wp\/v2\/media\/155213"}],"wp:attachment":[{"href":"https:\/\/www.enerjigazetesi.ist\/en\/wp-json\/wp\/v2\/media?parent=155210"}],"wp:term":[{"taxonomy":"category","embeddable":true,"href":"https:\/\/www.enerjigazetesi.ist\/en\/wp-json\/wp\/v2\/categories?post=155210"},{"taxonomy":"post_tag","embeddable":true,"href":"https:\/\/www.enerjigazetesi.ist\/en\/wp-json\/wp\/v2\/tags?post=155210"}],"curies":[{"name":"wp","href":"https:\/\/api.w.org\/{rel}","templated":true}]}}