{"id":15518,"date":"2013-09-19T10:06:13","date_gmt":"2013-09-19T07:06:13","guid":{"rendered":"https:\/\/www.enerjigazetesi.ist\/?p=15518"},"modified":"2013-09-19T10:06:13","modified_gmt":"2013-09-19T07:06:13","slug":"toshiba-turkiyeyi-enerjide-bolge-ussu-yapmaya-hazirlaniyor","status":"publish","type":"post","link":"https:\/\/www.enerjigazetesi.ist\/en\/toshiba-turkiyeyi-enerjide-bolge-ussu-yapmaya-hazirlaniyor\/","title":{"rendered":"(Turkish) Toshiba, T\u00fcrkiye\u2019yi Enerjide B\u00f6lge \u00dcss\u00fc Yapmaya Haz\u0131rlan\u0131yor!"},"content":{"rendered":"<p class=\"qtranxs-available-languages-message qtranxs-available-languages-message-en\">Sorry, this entry is only available in <a href=\"https:\/\/www.enerjigazetesi.ist\/tr\/wp-json\/wp\/v2\/posts\/15518\" class=\"qtranxs-available-language-link qtranxs-available-language-link-tr\" title=\"Turkish\">Turkish<\/a>. For the sake of viewer convenience, the content is shown below in the alternative language. You may click the link to switch the active language.<\/p><p><strong>T\u00fcrkiye\u2019yi enerjide b\u00f6lge \u00fcss\u00fc yapmaya haz\u0131rlanan Toshiba\u2019n\u0131n Ba\u015fkan Yard\u0131mc\u0131s\u0131 Yasuharu Igarashi, \u201c\u0130lk hedefimiz T\u00fcrkiye\u2019de termik santral kurmak. R\u00fczg\u00e2r, g\u00fcne\u015f ve n\u00fckleeri de takipteyiz\u201d dedi.<\/strong><\/p>\n<p>Alman, Amerikan ve \u00c7inli devlerin k\u00fcresel rekabetini T\u00fcrkiye\u2019ye ta\u015f\u0131d\u0131\u011f\u0131 enerji sekt\u00f6r\u00fcne Asya\u2019dan bir dev daha kat\u0131ld\u0131. 210 bin \u00e7al\u0131\u015fan\u0131yla d\u00fcnyan\u0131n en b\u00fcy\u00fck sanayi \u015firketlerinden Toshiba, T\u00fcrkiye\u2019yi enerji sekt\u00f6r\u00fcnde b\u00f6lgesel \u00fcs yapmaya karar verdi. Ge\u00e7en hafta \u0130stanbul\u2019daki merkezi faaliyete ba\u015flayan T<a href=\"https:\/\/www.enerjigazetesi.ist\/wp-content\/uploads\/2012\/08\/yenilenebilir-enerji.jpg\"><img loading=\"lazy\" class=\"alignleft size-medium wp-image-1332\" title=\"toshiba-turkiyeyi-enerjide-bolge-ussu-yapmaya-hazirlaniyor\" src=\"https:\/\/www.enerjigazetesi.ist\/wp-content\/uploads\/2012\/08\/yenilenebilir-enerji-300x244.jpg\" alt=\"\" width=\"300\" height=\"244\" srcset=\"https:\/\/www.enerjigazetesi.ist\/wp-content\/uploads\/2012\/08\/yenilenebilir-enerji-300x244.jpg 300w, https:\/\/www.enerjigazetesi.ist\/wp-content\/uploads\/2012\/08\/yenilenebilir-enerji-490x400.jpg 490w, https:\/\/www.enerjigazetesi.ist\/wp-content\/uploads\/2012\/08\/yenilenebilir-enerji-61x50.jpg 61w, https:\/\/www.enerjigazetesi.ist\/wp-content\/uploads\/2012\/08\/yenilenebilir-enerji.jpg 500w\" sizes=\"(max-width: 300px) 100vw, 300px\" \/><\/a>oshiba, T\u00fcrkiye\u2019de enerjinin t\u00fcm alanlar\u0131nda \u00e7al\u0131\u015fmay\u0131 hedefliyor.<\/p>\n<h2>\u0130lk plan termik santral<\/h2>\n<p>Toshiba Corporation\u2019un Ba\u015fkan Yard\u0131mc\u0131s\u0131 ve Enerji Birimi Ba\u015fkan\u0131 Yasuharu Igarashi, 2017\u2032de y\u0131ll\u0131k 400 milyon dolarl\u0131k ciroya ula\u015facak T\u00fcrkiye\u2019deki \u015firketin, \u00fcretimde \u00f6nemli bir oyuncu olaca\u011f\u0131n\u0131 a\u00e7\u0131klad\u0131. R\u00fczg\u00e2r, g\u00fcne\u015f, termik, hidroelektrik ve jeotermalin yan\u0131 s\u0131ra n\u00fckleer santral projesinde de olmak istediklerini dile getiren Japon y\u00f6netici, Avrupa ve Ortado\u011fu pazarlar\u0131na \u0130stanbul\u2019dan ula\u015fmay\u0131 hedefliyor.<\/p>\n<p>Toshiba\u2019n\u0131n k\u00fcresel arenada 40\u2032tan fazla \u00fclkede 2 bin 242 trib\u00fcn\u00fcn\u00fcn hidroelektrik enerjisi \u00fcretti\u011fini dile getiren Igarashi, \u201cTermik santral alan\u0131nda ise 40 \u00fclkede 3.3 GW\u2019l\u0131k enerji \u00fcretimi sa\u011fl\u0131yor. Termikteki k\u00fcresel tecr\u00fcbemizle \u00f6nemli bir santral kurabilece\u011fimizi d\u00fc\u015f\u00fcn\u00fcyoruz\u201d diye konu\u015ftu.<\/p>\n<h2>N\u00fckleerde de olmak istiyoruz<\/h2>\n<p>May\u0131sta T\u00fcrkiye\u2019ye gelen Japonya Ba\u015fbakan\u0131 Shinzo Abe\u2019nin 22 milyar dolarl\u0131k n\u00fckleer santral anla\u015fmas\u0131n\u0131n \u00f6nemli bir s\u00fcreci ba\u015flatt\u0131\u011f\u0131n\u0131 s\u00f6yleyen Igarashi, \u201cN\u00fckleer konusunda da projenin detaylanmas\u0131yla konumumuzu belirleyece\u011fiz. Bu da \u00f6nemli hedeflerimiz aras\u0131nda\u201d dedi.<\/p>\n<p>Kaynak: <a href=\"http:\/\/enerjienstitusu.com\/2013\/09\/19\/toshiba-turkiyeyi-enerjide-bolge-ussu-yapmaya-hazirlaniyor\/\" target=\"_blank\">Enerji Enstit\u00fcs\u00fc<\/a><\/p>","protected":false},"excerpt":{"rendered":"<p>Sorry, this entry is only available in Turkish. For the sake of viewer convenience, the content is shown below in the alternative language. You may click the link to switch the active language.T\u00fcrkiye\u2019yi enerjide b\u00f6lge \u00fcss\u00fc yapmaya haz\u0131rlanan Toshiba\u2019n\u0131n Ba\u015fkan Yard\u0131mc\u0131s\u0131 Yasuharu Igarashi, \u201c\u0130lk hedefimiz T\u00fcrkiye\u2019de termik santral kurmak. R\u00fczg\u00e2r, g\u00fcne\u015f ve n\u00fckleeri de takipteyiz\u201d [&hellip;]<\/p>\n","protected":false},"author":1,"featured_media":1332,"comment_status":"open","ping_status":"open","sticky":false,"template":"","format":"standard","meta":[],"categories":[51,53,49,50],"tags":[63,67,1009,165,18,8752,227,70,58,71,88,69,438,8753,8755,846,8754],"views":608,"_links":{"self":[{"href":"https:\/\/www.enerjigazetesi.ist\/en\/wp-json\/wp\/v2\/posts\/15518"}],"collection":[{"href":"https:\/\/www.enerjigazetesi.ist\/en\/wp-json\/wp\/v2\/posts"}],"about":[{"href":"https:\/\/www.enerjigazetesi.ist\/en\/wp-json\/wp\/v2\/types\/post"}],"author":[{"embeddable":true,"href":"https:\/\/www.enerjigazetesi.ist\/en\/wp-json\/wp\/v2\/users\/1"}],"replies":[{"embeddable":true,"href":"https:\/\/www.enerjigazetesi.ist\/en\/wp-json\/wp\/v2\/comments?post=15518"}],"version-history":[{"count":2,"href":"https:\/\/www.enerjigazetesi.ist\/en\/wp-json\/wp\/v2\/posts\/15518\/revisions"}],"predecessor-version":[{"id":15520,"href":"https:\/\/www.enerjigazetesi.ist\/en\/wp-json\/wp\/v2\/posts\/15518\/revisions\/15520"}],"wp:featuredmedia":[{"embeddable":true,"href":"https:\/\/www.enerjigazetesi.ist\/en\/wp-json\/wp\/v2\/media\/1332"}],"wp:attachment":[{"href":"https:\/\/www.enerjigazetesi.ist\/en\/wp-json\/wp\/v2\/media?parent=15518"}],"wp:term":[{"taxonomy":"category","embeddable":true,"href":"https:\/\/www.enerjigazetesi.ist\/en\/wp-json\/wp\/v2\/categories?post=15518"},{"taxonomy":"post_tag","embeddable":true,"href":"https:\/\/www.enerjigazetesi.ist\/en\/wp-json\/wp\/v2\/tags?post=15518"}],"curies":[{"name":"wp","href":"https:\/\/api.w.org\/{rel}","templated":true}]}}