{"id":155104,"date":"2022-05-04T17:36:08","date_gmt":"2022-05-04T14:36:08","guid":{"rendered":"https:\/\/www.enerjigazetesi.ist\/?p=155104"},"modified":"2022-05-04T17:37:00","modified_gmt":"2022-05-04T14:37:00","slug":"kozmetik-ve-aerosol-uretim-tesislerinin-enerjisi-temiz-enerjiden-karsilaniyor","status":"publish","type":"post","link":"https:\/\/www.enerjigazetesi.ist\/en\/kozmetik-ve-aerosol-uretim-tesislerinin-enerjisi-temiz-enerjiden-karsilaniyor\/","title":{"rendered":"(Turkish) Kozmetik ve Aerosol \u00dcretim Tesislerinin Enerjisi Temiz Enerjiden Kar\u015f\u0131lan\u0131yor"},"content":{"rendered":"<p class=\"qtranxs-available-languages-message qtranxs-available-languages-message-en\">Sorry, this entry is only available in <a href=\"https:\/\/www.enerjigazetesi.ist\/tr\/wp-json\/wp\/v2\/posts\/155104\" class=\"qtranxs-available-language-link qtranxs-available-language-link-tr\" title=\"Turkish\">Turkish<\/a>. For the sake of viewer convenience, the content is shown below in the alternative language. You may click the link to switch the active language.<\/p><p><\/p>\n<h2>Evyap, s\u00fcrd\u00fcr\u00fclebilirlik odakl\u0131 y\u00fcr\u00fctt\u00fc\u011f\u00fc enerji verimlili\u011fi \u00e7al\u0131\u015fmalar\u0131yla \u00fcretimde \u00f6nemli \u00f6l\u00e7\u00fcde enerji tasarrufu sa\u011flarken, do\u011fal kaynaklar\u0131 korumak i\u00e7in yenilik\u00e7i teknolojiler de geli\u015ftiriyor.<\/h2>\n<p>Kurulu\u015fun Tuzla fabrikas\u0131ndaki <strong>Kozmetik v<\/strong>e <strong>Aerosol \u00fcretim tesisleri<\/strong>nde t\u00fcketti\u011fi elektri\u011fin <strong>yenilenebilir kaynaklardan<\/strong> elde edildi\u011fini belgeleyen <strong>I-REC<\/strong> s\u0131f\u0131r karbonlu<strong> ye\u015fil elektrik <img loading=\"lazy\" class=\"alignright wp-image-155106\" src=\"https:\/\/www.enerjigazetesi.ist\/wp-content\/uploads\/2022\/05\/kozmetik-ve-aerosol-uretim-tesislerinin-enerjisi-temiz-enerjiden-saglaniyor-2.jpg\" alt=\"\" width=\"320\" height=\"214\" srcset=\"https:\/\/www.enerjigazetesi.ist\/wp-content\/uploads\/2022\/05\/kozmetik-ve-aerosol-uretim-tesislerinin-enerjisi-temiz-enerjiden-saglaniyor-2.jpg 550w, https:\/\/www.enerjigazetesi.ist\/wp-content\/uploads\/2022\/05\/kozmetik-ve-aerosol-uretim-tesislerinin-enerjisi-temiz-enerjiden-saglaniyor-2-300x200.jpg 300w, https:\/\/www.enerjigazetesi.ist\/wp-content\/uploads\/2022\/05\/kozmetik-ve-aerosol-uretim-tesislerinin-enerjisi-temiz-enerjiden-saglaniyor-2-500x334.jpg 500w, https:\/\/www.enerjigazetesi.ist\/wp-content\/uploads\/2022\/05\/kozmetik-ve-aerosol-uretim-tesislerinin-enerjisi-temiz-enerjiden-saglaniyor-2-75x50.jpg 75w, https:\/\/www.enerjigazetesi.ist\/wp-content\/uploads\/2022\/05\/kozmetik-ve-aerosol-uretim-tesislerinin-enerjisi-temiz-enerjiden-saglaniyor-2-450x300.jpg 450w\" sizes=\"(max-width: 320px) 100vw, 320px\" \/>sertifikas\u0131n\u0131<\/strong> ald\u0131. Sertifika; Evyap\u2019\u0131n kozmetik ve aerosol \u00fcretim tesislerinde \u00fcretilen ve <strong>100\u2019den fazla<\/strong> \u00fclkeye ihra\u00e7 edilen lider markalar\u0131 <strong>Arko Nem, Arko Men, Emotion, Blade, Privacy<\/strong> \u00fcr\u00fcnlerinin yenilenebilir enerji kullan\u0131larak \u00fcretildi\u011fini belgeliyor. Ayr\u0131ca Evyap, \u00fcr\u00fcn ambalajlar\u0131nda da \u00e7evre dostu \u00e7\u00f6z\u00fcmler geli\u015ftiriyor. Son olarak; ambalajlar\u0131 yenilenen <strong>Emotion deodorant \u015fi\u015feleri<\/strong>ndeki al\u00fcminyum kullan\u0131m\u0131 <strong>%4,2<\/strong> oran\u0131nda azaltan <strong>Ar-Ge ekibi<\/strong>, daha <strong>az k\u00e2\u011f\u0131t<\/strong> ve<strong> plastik kullan\u0131m\u0131<\/strong> ile ilgili projelerine devam ediyor.<\/p>\n<p>\u00dcretim tesislerinde yenilenebilir enerji kaynaklar\u0131ndan elde edilen elektri\u011fin kullan\u0131m oran\u0131n\u0131 art\u0131rmay\u0131 hedefleyen Evyap, <strong>s\u00fcrd\u00fcr\u00fclebilir kaynak y\u00f6netimi<\/strong> i\u00e7in her alanda <strong>do\u011fa dostu projeler<\/strong> geli\u015ftiriyor. <strong>I-REC Uluslararas\u0131 Yenilenebilir Enerji Sertifikas\u0131<\/strong>\u2019n\u0131n yan\u0131 s\u0131ra;<strong> ISO 50001 Enerji Y\u00f6netim Sistemi<\/strong> belgesine de sahip olan \u015firket; 3 proje ile de <strong>VAP (Verimlilik Artt\u0131r\u0131c\u0131 Proje) destek<\/strong> program\u0131na kabul al\u0131rken bu projelerin toplam bedelinin<strong> %30<\/strong>\u2019u oran\u0131nda<strong> devlet deste\u011fi<\/strong> almaya hak kazand\u0131.<\/p>\n<p>Evyap\u2019ta <strong>\u00e7evresel s\u00fcrd\u00fcr\u00fclebilirlik<\/strong> \u00e7al\u0131\u015fmalar\u0131;<strong> at\u0131k y\u00f6netimi, su t\u00fcketimi, enerji verimlili\u011fi<\/strong> ve <strong>ye\u015fil enerji kullan\u0131m\u0131, karbondioksit emisyonlar\u0131n\u0131n azalt\u0131lmas\u0131<\/strong> ve <strong>ambalajlamada plastik kullan\u0131m\u0131n\u0131n azalt\u0131lmas\u0131<\/strong> gibi farkl\u0131 ba\u015fl\u0131klar alt\u0131nda y\u00fcr\u00fct\u00fcl\u00fcyor. \u00dcretim tesislerinde enerji tasarruflu teknolojiler kullan\u0131l\u0131yor; <strong>s\u0131f\u0131r at\u0131k y\u00f6netmeli\u011fine<\/strong> uygun aksiyonlar al\u0131n\u0131yor. Evyap, \u00fcr\u00fcn ambalajlar\u0131nda kullan\u0131lan <strong>plastik<\/strong> ve <strong>k\u00e2\u011f\u0131t oran\u0131n\u0131<\/strong> her y\u0131l azalt\u0131l\u0131yor.<\/p>\n<p>Al\u0131nan I-REC Uluslararas\u0131 Yenilenebilir Enerji Sertifikas\u0131\u2019n\u0131n Evyap taraf\u0131ndan \u00e7ok \u00f6nem verilen enerji verimlili\u011fi ve ye\u015fil enerji \u00fcretim projeleri kapsam\u0131nda \u00f6nemli bir ad\u0131m oldu\u011funu belirten Evyap Ki\u015fisel Bak\u0131m Genel M\u00fcd\u00fcr\u00fc \u00d6zlem Esen; <em>&#8220;Gelecek nesiller i\u00e7in ya\u015fanabilir bir d\u00fcnya b\u0131rakma hedefiyle kaynaklar\u0131m\u0131z\u0131 verimli kullanmaya ve <strong>ye\u015fil bir gelecek<\/strong> i\u00e7in \u00e7al\u0131\u015fmaya devam ediyoruz. \u0130nsana, \u00e7evremize, do\u011faya ve d\u00fcnyam\u0131za de\u011fer veriyoruz. Bu vizyonla ba\u015flatt\u0131\u011f\u0131m\u0131z <strong>\u00e7evresel s\u00fcrd\u00fcr\u00fclebilirlik<\/strong> projemiz <strong>\u201cYe\u015fil Evyap\u201d<\/strong> ile d\u00fcnyam\u0131z\u0131 daha ya\u015fan\u0131r k\u0131lmaya katk\u0131da bulunuyoruz. Bu do\u011frultuda ald\u0131\u011f\u0131m\u0131z I-REC <strong>Uluslararas\u0131 Yenilenebilir Enerji Sertifikas\u0131,<\/strong> \u00e7evresel s\u00fcrd\u00fcr\u00fclebilirlik \u00e7al\u0131\u015fmalar\u0131m\u0131z a\u00e7\u0131s\u0131ndan b\u00fcy\u00fck \u00f6nem ta\u015f\u0131yor&#8221;<\/em> ifadelerini kulland\u0131.<\/p>","protected":false},"excerpt":{"rendered":"<p>Sorry, this entry is only available in Turkish. For the sake of viewer convenience, the content is shown below in the alternative language. You may click the link to switch the active language. Evyap, s\u00fcrd\u00fcr\u00fclebilirlik odakl\u0131 y\u00fcr\u00fctt\u00fc\u011f\u00fc enerji verimlili\u011fi \u00e7al\u0131\u015fmalar\u0131yla \u00fcretimde \u00f6nemli \u00f6l\u00e7\u00fcde enerji tasarrufu sa\u011flarken, do\u011fal kaynaklar\u0131 korumak i\u00e7in yenilik\u00e7i teknolojiler de geli\u015ftiriyor. Kurulu\u015fun [&hellip;]<\/p>\n","protected":false},"author":1,"featured_media":155107,"comment_status":"open","ping_status":"open","sticky":false,"template":"","format":"standard","meta":[],"categories":[53,52,48],"tags":[4168,103,12,102919,89403,103089,80854,18333],"views":1453,"_links":{"self":[{"href":"https:\/\/www.enerjigazetesi.ist\/en\/wp-json\/wp\/v2\/posts\/155104"}],"collection":[{"href":"https:\/\/www.enerjigazetesi.ist\/en\/wp-json\/wp\/v2\/posts"}],"about":[{"href":"https:\/\/www.enerjigazetesi.ist\/en\/wp-json\/wp\/v2\/types\/post"}],"author":[{"embeddable":true,"href":"https:\/\/www.enerjigazetesi.ist\/en\/wp-json\/wp\/v2\/users\/1"}],"replies":[{"embeddable":true,"href":"https:\/\/www.enerjigazetesi.ist\/en\/wp-json\/wp\/v2\/comments?post=155104"}],"version-history":[{"count":0,"href":"https:\/\/www.enerjigazetesi.ist\/en\/wp-json\/wp\/v2\/posts\/155104\/revisions"}],"wp:featuredmedia":[{"embeddable":true,"href":"https:\/\/www.enerjigazetesi.ist\/en\/wp-json\/wp\/v2\/media\/155107"}],"wp:attachment":[{"href":"https:\/\/www.enerjigazetesi.ist\/en\/wp-json\/wp\/v2\/media?parent=155104"}],"wp:term":[{"taxonomy":"category","embeddable":true,"href":"https:\/\/www.enerjigazetesi.ist\/en\/wp-json\/wp\/v2\/categories?post=155104"},{"taxonomy":"post_tag","embeddable":true,"href":"https:\/\/www.enerjigazetesi.ist\/en\/wp-json\/wp\/v2\/tags?post=155104"}],"curies":[{"name":"wp","href":"https:\/\/api.w.org\/{rel}","templated":true}]}}