{"id":155085,"date":"2022-05-04T14:48:13","date_gmt":"2022-05-04T11:48:13","guid":{"rendered":"https:\/\/www.enerjigazetesi.ist\/?p=155085"},"modified":"2022-05-04T15:12:06","modified_gmt":"2022-05-04T12:12:06","slug":"nordex-turkiye-myo-ogrencileri-icin-ruzgar-turbini-teknik-egitimi-duzenledi","status":"publish","type":"post","link":"https:\/\/www.enerjigazetesi.ist\/en\/nordex-turkiye-myo-ogrencileri-icin-ruzgar-turbini-teknik-egitimi-duzenledi\/","title":{"rendered":"(Turkish) &#8217;Nordex&#8217; MYO \u00d6\u011frencileri \u0130\u00e7in R\u00fczgar T\u00fcrbini Teknik E\u011fitimi D\u00fczenledi"},"content":{"rendered":"<p class=\"qtranxs-available-languages-message qtranxs-available-languages-message-en\">Sorry, this entry is only available in <a href=\"https:\/\/www.enerjigazetesi.ist\/tr\/wp-json\/wp\/v2\/posts\/155085\" class=\"qtranxs-available-language-link qtranxs-available-language-link-tr\" title=\"Turkish\">Turkish<\/a>. For the sake of viewer convenience, the content is shown below in the alternative language. You may click the link to switch the active language.<\/p><p><\/p>\n<h2><strong>Nordex T\u00fcrkiye, Do\u011fu Anadolu B\u00f6lgesi Meslek Y\u00fcksek Okullar\u0131 \u00f6\u011frencileri i\u00e7in R\u00fczgar T\u00fcrbini Teknik E\u011fitimi d\u00fczenledi.<\/strong><\/h2>\n<p>R\u00fczgar enerjisi alan\u0131nda gen\u00e7lerin istihdam\u0131n\u0131 destekleyen ve enerji sekt\u00f6r\u00fcne farkl\u0131 bak\u0131\u015f a\u00e7\u0131lar\u0131 kazand\u0131rarak bir\u00e7ok e\u011fitim projesine imza atan<strong> Nordex T\u00fcrkiye<\/strong>,\u00a0 T\u00fcrkiye\u2019nin do\u011fusunda artan r\u00fczgar projeleri sebebiyle bu kez <strong>Ad\u0131yaman, A\u011fr\u0131, Kayseri, Tokat, Malatya, Diyarbak\u0131r<\/strong> ve <strong>Kahramanmara\u015f<\/strong> gibi farkl\u0131 illerdeki \u00fcniversitelerin <strong>meslek y\u00fcksek okullar\u0131nda<\/strong> \u00f6\u011frenim g\u00f6ren <img loading=\"lazy\" class=\"alignright wp-image-155088\" src=\"https:\/\/www.enerjigazetesi.ist\/wp-content\/uploads\/2022\/05\/nordex-turkiye-myo-ogrencileri-icin-ruzgar-turbini-teknik-egitimi-duzenledi-1.jpg\" alt=\"\" width=\"320\" height=\"214\" srcset=\"https:\/\/www.enerjigazetesi.ist\/wp-content\/uploads\/2022\/05\/nordex-turkiye-myo-ogrencileri-icin-ruzgar-turbini-teknik-egitimi-duzenledi-1.jpg 550w, https:\/\/www.enerjigazetesi.ist\/wp-content\/uploads\/2022\/05\/nordex-turkiye-myo-ogrencileri-icin-ruzgar-turbini-teknik-egitimi-duzenledi-1-300x200.jpg 300w, https:\/\/www.enerjigazetesi.ist\/wp-content\/uploads\/2022\/05\/nordex-turkiye-myo-ogrencileri-icin-ruzgar-turbini-teknik-egitimi-duzenledi-1-500x334.jpg 500w, https:\/\/www.enerjigazetesi.ist\/wp-content\/uploads\/2022\/05\/nordex-turkiye-myo-ogrencileri-icin-ruzgar-turbini-teknik-egitimi-duzenledi-1-75x50.jpg 75w, https:\/\/www.enerjigazetesi.ist\/wp-content\/uploads\/2022\/05\/nordex-turkiye-myo-ogrencileri-icin-ruzgar-turbini-teknik-egitimi-duzenledi-1-450x300.jpg 450w\" sizes=\"(max-width: 320px) 100vw, 320px\" \/><strong>son s\u0131n\u0131f \u00f6grencileriy<\/strong>le <strong>25-29 Nisan 2022 <\/strong>tarihlerinde <strong>r\u00fczgar t\u00fcrbini teknik egitim program\u0131<\/strong> ger\u00e7ekle\u015ftirdi.<\/p>\n<p>Programa meslek y\u00fcksek okullar\u0131n\u0131n <strong>elektrik ve enerji, elektrik, elektronik, otomasyon<\/strong> gibi b\u00f6l\u00fcmlerde \u00f6\u011frenim g\u00f6ren <strong>110\u2019dan fazla \u00f6\u011frenci<\/strong> ba\u015fvurmu\u015f olup, \u00fc\u00e7\u00fc kad\u0131n toplamda <strong>25 son s\u0131n\u0131f \u00f6\u011frencisi<\/strong> e\u011fitim program\u0131na kat\u0131lm\u0131\u015flard\u0131r.<\/p>\n<p><strong>Nordex T\u00fcrkiye E\u011fitim Ekibi<\/strong> taraf\u0131ndan haz\u0131rlanan ve organize edilen e\u011fitimin <strong>ilk 3 g\u00fcn\u00fcnde<\/strong> <strong>teknik<\/strong> ve <strong>teorik bilgiler<\/strong> anlat\u0131ld\u0131. E\u011fitiminin 2&#8217;inci ve 3&#8217;\u00fcnc\u00fc g\u00fcnlerinde programa <em>Ates \u00c7elik Y\u00f6netim Kurulu Ba\u015fkan Yard\u0131mc\u0131s\u0131 Mahmut G\u00fcldo\u011fan, ve Tektu\u011f Elektrik \u00dcretim Y\u00f6netim Kurulu \u00dcyesi ve Ad\u0131yaman Sincik RES yat\u0131r\u0131mc\u0131s\u0131 Elvan Tu\u011fsuz G\u00fcven<\/em> konu\u015fmac\u0131 olarak kat\u0131larak, gen\u00e7 kat\u0131l\u0131mc\u0131larla kendi kariyerleri, y\u00f6netimde bulunduklar\u0131<strong> firmalar\u0131<\/strong> ve <strong>tecr\u00fcbeleri<\/strong> hakk\u0131nda <strong>de\u011ferli payla\u015f\u0131mlarda<\/strong> bulundular. <strong>Teorik e\u011fitimler<\/strong> sonras\u0131, r\u00fczgar t\u00fcrbinlerini<strong> yak\u0131ndan inceleyebilmek<\/strong> ad\u0131na <strong>\u0130zmir, Alia\u011fa<\/strong>\u2019da bulunan <strong>Ak\u00e7a R\u00fczgar Enerji Santrali<\/strong>\u2019ne ziyaret ger\u00e7ekle\u015ftirildi. E\u011fitimin son g\u00fcn\u00fcnde kat\u0131l\u0131mc\u0131lar<strong> Nordex T\u00fcrkiye \u0130zmir Servis ve Teknik E\u011fitim Merkezi\u2019nde<\/strong> <em>r\u00fczgar t\u00fcrbini teknik ekipmanlar\u0131n\u0131<\/em> ve <em>e\u011fitim sim\u00fclat\u00f6rlerini<\/em> yak\u0131ndan tan\u0131ma f\u0131rsat\u0131 buldular.<\/p>\n<h3><strong>Programla ilgili olarak, Nordex T\u00fcrkiye Genel M\u00fcd\u00fcr\u00fc Habib Babacan <span style=\"text-decoration: underline;\">\u015funlar\u0131 s\u00f6yledi: <\/span><\/strong><\/h3>\n<p><em>\u201cNordex T\u00fcrkiye olarak, bu e\u011fitim program\u0131yla birlikte, <strong>Do\u011fu Anadolu<\/strong>\u2019daki gen\u00e7 arkada\u015flar\u0131m\u0131z\u0131n, sekt\u00f6rle ilk tan\u0131\u015fmalar\u0131na vesile olmay\u0131 ve gelecekte <strong>Do\u011fu Anadolu<\/strong>\u2019da geli\u015fimine devam edecek olan <strong>r\u00fczgar enerjisi sekt\u00f6r\u00fcn\u00fcn<\/strong> bir \u00e7al\u0131\u015fan\u0131 olmalar\u0131 yolunda<strong> gen\u00e7 arkada\u015flar\u0131m\u0131z\u0131 cesaretlendirmeyi<\/strong> hedefledik.<\/em><\/p>\n<p><em>Bu programda, r\u00fczgar enerjisi sekt\u00f6r\u00fcyle ilgili teknik bilgilerin yan\u0131s\u0131ra, e\u011fitim anlam\u0131nda Nordex T\u00fcrkiye olarak neler yapt\u0131klar\u0131m\u0131zdan, sahalardaki <strong>g\u00fcvenli \u00e7al\u0131\u015fma ko\u015fullar\u0131ndan<\/strong> ve <strong>detayl\u0131 r\u00fczgar t\u00fcrbin bile\u015fenlerinden<\/strong> bahsedip, <strong>Meslek Y\u00fcksek Okulu Mezunu<\/strong> arkada\u015flar\u0131m\u0131z\u0131n bir r\u00fczgar t\u00fcrbini \u015firketinde teknik alanda neler yapabileceklerini, hangi teknik alanlarda \u00e7al\u0131\u015fabilecekleri konular\u0131nda da arkada\u015flar\u0131m\u0131za bilgiler verdik.<\/em><\/p>\n<p><em>Program kapsam\u0131nda, santrallerini kat\u0131l\u0131mc\u0131lar\u0131m\u0131za a\u00e7an <strong>Akca Enerji<\/strong>\u2019ye, tec\u00fcbeleriyle ve payla\u015f\u0131mlar\u0131yla programa de\u011fer katan <strong>Elvan Tu\u011fsuz G\u00fcven<\/strong> Han\u0131m\u2019a ve <strong>Mahmut G\u00fcldo\u011fan<\/strong> Bey\u2019e te\u015fekk\u00fcr ederiz.<\/em><\/p>\n<p><em>E\u011fitim Program\u0131m\u0131za kat\u0131lan <strong>t\u00fcm gen\u00e7 arkada\u015flar\u0131m\u0131za<\/strong> te\u015fekk\u00fcr eder ve bu program\u0131n gelecekteki kariyerlerini \u015fekillendirme de kendilerine y\u00f6n g\u00f6sterici olmas\u0131n\u0131 temenni eder, kendilerine ba\u015far\u0131lar dilerim.\u201d<\/em><\/p>","protected":false},"excerpt":{"rendered":"<p>Sorry, this entry is only available in Turkish. For the sake of viewer convenience, the content is shown below in the alternative language. You may click the link to switch the active language. Nordex T\u00fcrkiye, Do\u011fu Anadolu B\u00f6lgesi Meslek Y\u00fcksek Okullar\u0131 \u00f6\u011frencileri i\u00e7in R\u00fczgar T\u00fcrbini Teknik E\u011fitimi d\u00fczenledi. R\u00fczgar enerjisi alan\u0131nda gen\u00e7lerin istihdam\u0131n\u0131 destekleyen ve [&hellip;]<\/p>\n","protected":false},"author":1,"featured_media":155089,"comment_status":"open","ping_status":"open","sticky":false,"template":"","format":"standard","meta":[],"categories":[51,53,50],"tags":[4825,10448,5320,103082],"views":402,"_links":{"self":[{"href":"https:\/\/www.enerjigazetesi.ist\/en\/wp-json\/wp\/v2\/posts\/155085"}],"collection":[{"href":"https:\/\/www.enerjigazetesi.ist\/en\/wp-json\/wp\/v2\/posts"}],"about":[{"href":"https:\/\/www.enerjigazetesi.ist\/en\/wp-json\/wp\/v2\/types\/post"}],"author":[{"embeddable":true,"href":"https:\/\/www.enerjigazetesi.ist\/en\/wp-json\/wp\/v2\/users\/1"}],"replies":[{"embeddable":true,"href":"https:\/\/www.enerjigazetesi.ist\/en\/wp-json\/wp\/v2\/comments?post=155085"}],"version-history":[{"count":0,"href":"https:\/\/www.enerjigazetesi.ist\/en\/wp-json\/wp\/v2\/posts\/155085\/revisions"}],"wp:featuredmedia":[{"embeddable":true,"href":"https:\/\/www.enerjigazetesi.ist\/en\/wp-json\/wp\/v2\/media\/155089"}],"wp:attachment":[{"href":"https:\/\/www.enerjigazetesi.ist\/en\/wp-json\/wp\/v2\/media?parent=155085"}],"wp:term":[{"taxonomy":"category","embeddable":true,"href":"https:\/\/www.enerjigazetesi.ist\/en\/wp-json\/wp\/v2\/categories?post=155085"},{"taxonomy":"post_tag","embeddable":true,"href":"https:\/\/www.enerjigazetesi.ist\/en\/wp-json\/wp\/v2\/tags?post=155085"}],"curies":[{"name":"wp","href":"https:\/\/api.w.org\/{rel}","templated":true}]}}