{"id":154989,"date":"2022-05-01T18:41:38","date_gmt":"2022-05-01T15:41:38","guid":{"rendered":"https:\/\/www.enerjigazetesi.ist\/?p=154989"},"modified":"2022-05-01T20:54:22","modified_gmt":"2022-05-01T17:54:22","slug":"1-mayis-emek-ve-dayanisma-gunu-turkiyenin-bircok-ilinde-kutlandi","status":"publish","type":"post","link":"https:\/\/www.enerjigazetesi.ist\/en\/1-mayis-emek-ve-dayanisma-gunu-turkiyenin-bircok-ilinde-kutlandi\/","title":{"rendered":"(Turkish) &#8217;1 May\u0131s Emek ve Dayan\u0131\u015fma G\u00fcn\u00fc&#8217; T\u00fcrkiye&#8217;nin Bir\u00e7ok \u0130linde Kutland\u0131!"},"content":{"rendered":"<p class=\"qtranxs-available-languages-message qtranxs-available-languages-message-en\">Sorry, this entry is only available in <a href=\"https:\/\/www.enerjigazetesi.ist\/tr\/wp-json\/wp\/v2\/posts\/154989\" class=\"qtranxs-available-language-link qtranxs-available-language-link-tr\" title=\"Turkish\">Turkish<\/a>. For the sake of viewer convenience, the content is shown below in the alternative language. You may click the link to switch the active language.<\/p><p><\/p>\n<h2>T\u00fcrkiye\u2019nin bir \u00e7ok ilinde kutlanan 1 May\u0131s Emek ve Dayan\u0131\u015fma G\u00fcn\u00fc\u2019nde kutlamalar\u0131n \u0130stanbul\u2019daki adresi ise Maltepe miting alan\u0131 oldu. D\u0130SK, KESK, TMMOB, TTB, TDB ba\u015fta olmak \u00fczere sivil toplum \u00f6rg\u00fctleri ve siyasi parti temsilcileri sabah saatlerinden itibaren toplanarak bir araya geldi.<\/h2>\n<p><img loading=\"lazy\" class=\"alignright wp-image-154991\" src=\"https:\/\/www.enerjigazetesi.ist\/wp-content\/uploads\/2022\/05\/1-mayis-emek-ve-dayanisma-gunu-turkiyenin-bircok-ilinde-kutlandi-istanbul-2.jpg\" alt=\"\" width=\"320\" height=\"198\" srcset=\"https:\/\/www.enerjigazetesi.ist\/wp-content\/uploads\/2022\/05\/1-mayis-emek-ve-dayanisma-gunu-turkiyenin-bircok-ilinde-kutlandi-istanbul-2.jpg 550w, https:\/\/www.enerjigazetesi.ist\/wp-content\/uploads\/2022\/05\/1-mayis-emek-ve-dayanisma-gunu-turkiyenin-bircok-ilinde-kutlandi-istanbul-2-300x186.jpg 300w, https:\/\/www.enerjigazetesi.ist\/wp-content\/uploads\/2022\/05\/1-mayis-emek-ve-dayanisma-gunu-turkiyenin-bircok-ilinde-kutlandi-istanbul-2-500x310.jpg 500w, https:\/\/www.enerjigazetesi.ist\/wp-content\/uploads\/2022\/05\/1-mayis-emek-ve-dayanisma-gunu-turkiyenin-bircok-ilinde-kutlandi-istanbul-2-80x50.jpg 80w\" sizes=\"(max-width: 320px) 100vw, 320px\" \/>Miting alan\u0131na gitmek i\u00e7in bir \u00e7ok noktada toplanan<strong> i\u015f\u00e7iler, halaylar \u00e7ekerek, m\u00fczik e\u015fli\u011finde<\/strong> oynad\u0131. Saatler <strong>12.00\u2019yi<\/strong> g\u00f6sterdi\u011finde ise toplanan gruplar sloganlar atarak, pankartlarla y\u00fcr\u00fcy\u00fc\u015fe ge\u00e7ti. <strong>Yo\u011fun g\u00fcvenlik \u00f6nlemlerinin<\/strong> al\u0131nd\u0131\u011f\u0131 miting alan\u0131nda gruplar arama noktalar\u0131ndan tek tek ge\u00e7tikten sonra<strong> etkinlik alan\u0131na<\/strong> girdi.<\/p>\n<h3><strong>ANKARA VE \u0130ZM\u0130RDE DE \u0130\u015e\u00c7\u0130LER ALANI DOLDURDU<\/strong><\/h3>\n<p><em><strong>01 May\u0131s<\/strong> Emek ve Dayan\u0131\u015fma Bayram\u0131n\u0131<\/em> kutlayan gruplar, <strong>Ankara ve<\/strong> <strong>\u0130zmir<\/strong>\u2019de de sloganlarla ve <strong>alk\u0131\u015flarla meydanlara<\/strong> y\u00fcr\u00fcy\u00fc\u015f\u00fcn\u00fc ger\u00e7ekle\u015ftirdi.<\/p>\n<p>\u0130zmir B\u00fcy\u00fck\u015fehir Belediye Ba\u015fkan\u0131 <strong>Tun\u00e7 Soyer<\/strong>, <em>1 May\u0131s Emek ve Dayan\u0131\u015fma G\u00fcn\u00fc&#8217;n\u00fc<\/em> emek\u00e7ilerle G\u00fcndo\u011fdu Meydan\u0131&#8217;nda kutlad\u0131. <strong>\u201cYa hep beraber ya hi\u00e7birimiz\u201d<\/strong> diyen Soyer, \u201cBuraya, kavgam\u0131z\u0131 b\u00fcy\u00fctmeye geldik. Buraya,<strong> adalete susayan herkesin sesi olmaya<\/strong> geldik\u201d ifadelerini kulland\u0131. Mitingin ard\u0131ndan <strong>G\u00fcndo\u011fdu Meydan\u0131<\/strong>&#8216;nda<strong> Edip Akbayram<\/strong> konser verdi.<\/p>\n<p>\u0130stanbul Emniyet M\u00fcd\u00fcrl\u00fc\u011f\u00fc&#8217;nden <span style=\"text-decoration: underline;\">yap\u0131lan a\u00e7\u0131klamada; <\/span><\/p>\n<p><em>\u201c\u0130stanbul Emniyet M\u00fcd\u00fcrl\u00fc\u011f\u00fc&#8217;nce 1 May\u0131s \u0130\u015f\u00e7i ve Emek\u00e7iler Bayram\u0131 ile ilgili al\u0131nan<strong> g\u00fcvenlik tedbirleri<\/strong> <span style=\"text-decoration: underline;\">kapsam\u0131nda; <\/span><\/em><em>Etkinliklerin <strong>g\u00fcvenli<\/strong> ve <strong>huzurlu<\/strong> bir \u015fekilde ger\u00e7ekle\u015ftirilebilmesi amac\u0131yla<strong> Beyo\u011flu, Taksim, \u015ei\u015flide al\u0131nan tedbirler<\/strong> kapsam\u0131nda ve <strong>Maltepe miting alan\u0131nda<\/strong> toplam<strong> 10.196<\/strong>, ilimiz genelinde <strong>1 may\u0131sla<\/strong> ilgili al\u0131nan tedbirler kapsam\u0131nda ise ise<strong> 22.171 polis<\/strong> g\u00f6revlendirilmi\u015ftir. Kamuoyunun bilgisine sunulur.\u201d ifadelerine yer verildi.<\/em><\/p>","protected":false},"excerpt":{"rendered":"<p>Sorry, this entry is only available in Turkish. For the sake of viewer convenience, the content is shown below in the alternative language. You may click the link to switch the active language. T\u00fcrkiye\u2019nin bir \u00e7ok ilinde kutlanan 1 May\u0131s Emek ve Dayan\u0131\u015fma G\u00fcn\u00fc\u2019nde kutlamalar\u0131n \u0130stanbul\u2019daki adresi ise Maltepe miting alan\u0131 oldu. D\u0130SK, KESK, TMMOB, [&hellip;]<\/p>\n","protected":false},"author":1,"featured_media":154992,"comment_status":"open","ping_status":"open","sticky":false,"template":"","format":"standard","meta":[],"categories":[51,53],"tags":[2674,103035,33924,8633,70987,1967,2689,48198,6443,15679,103037,103036,1104,26227],"views":116,"_links":{"self":[{"href":"https:\/\/www.enerjigazetesi.ist\/en\/wp-json\/wp\/v2\/posts\/154989"}],"collection":[{"href":"https:\/\/www.enerjigazetesi.ist\/en\/wp-json\/wp\/v2\/posts"}],"about":[{"href":"https:\/\/www.enerjigazetesi.ist\/en\/wp-json\/wp\/v2\/types\/post"}],"author":[{"embeddable":true,"href":"https:\/\/www.enerjigazetesi.ist\/en\/wp-json\/wp\/v2\/users\/1"}],"replies":[{"embeddable":true,"href":"https:\/\/www.enerjigazetesi.ist\/en\/wp-json\/wp\/v2\/comments?post=154989"}],"version-history":[{"count":0,"href":"https:\/\/www.enerjigazetesi.ist\/en\/wp-json\/wp\/v2\/posts\/154989\/revisions"}],"wp:featuredmedia":[{"embeddable":true,"href":"https:\/\/www.enerjigazetesi.ist\/en\/wp-json\/wp\/v2\/media\/154992"}],"wp:attachment":[{"href":"https:\/\/www.enerjigazetesi.ist\/en\/wp-json\/wp\/v2\/media?parent=154989"}],"wp:term":[{"taxonomy":"category","embeddable":true,"href":"https:\/\/www.enerjigazetesi.ist\/en\/wp-json\/wp\/v2\/categories?post=154989"},{"taxonomy":"post_tag","embeddable":true,"href":"https:\/\/www.enerjigazetesi.ist\/en\/wp-json\/wp\/v2\/tags?post=154989"}],"curies":[{"name":"wp","href":"https:\/\/api.w.org\/{rel}","templated":true}]}}