{"id":154969,"date":"2022-05-01T17:44:24","date_gmt":"2022-05-01T14:44:24","guid":{"rendered":"https:\/\/www.enerjigazetesi.ist\/?p=154969"},"modified":"2022-05-01T17:44:24","modified_gmt":"2022-05-01T14:44:24","slug":"yedas-bayram-tedbirlerini-aldi","status":"publish","type":"post","link":"https:\/\/www.enerjigazetesi.ist\/en\/yedas-bayram-tedbirlerini-aldi\/","title":{"rendered":"(Turkish) &#8217;YEDA\u015e&#8217; Bayram Tedbirlerini Ald\u0131"},"content":{"rendered":"<p class=\"qtranxs-available-languages-message qtranxs-available-languages-message-en\">Sorry, this entry is only available in <a href=\"https:\/\/www.enerjigazetesi.ist\/tr\/wp-json\/wp\/v2\/posts\/154969\" class=\"qtranxs-available-language-link qtranxs-available-language-link-tr\" title=\"Turkish\">Turkish<\/a>. For the sake of viewer convenience, the content is shown below in the alternative language. You may click the link to switch the active language.<\/p><p><\/p>\n<h2>Ye\u015fil\u0131rmak Elektrik Da\u011f\u0131t\u0131m A.\u015e.(YEDA\u015e), Ramazan Bayram\u0131\u2019nda vatanda\u015flar\u0131n elektrik da\u011f\u0131t\u0131m\u0131ndan kaynakl\u0131 herhangi bir sorun ile kar\u015f\u0131la\u015fmamas\u0131 i\u00e7in trafo, iletim hatlar\u0131 ve ba\u011flant\u0131 noktalar\u0131na bak\u0131m \u00e7al\u0131\u015fmas\u0131 yapt\u0131\u011f\u0131n\u0131 a\u00e7\u0131klad\u0131.<\/h2>\n<h3>HAZIRLIKLAR TAMAMLANDI<\/h3>\n<p><em>Ramazan Bayram\u0131\u2019nda<\/em> <strong>kaliteli<\/strong> ve<strong> kesintisiz enerji<\/strong> sa\u011flama noktas\u0131nda<strong> Samsun, Ordu, \u00c7orum, <img loading=\"lazy\" class=\"alignright wp-image-154971\" src=\"https:\/\/www.enerjigazetesi.ist\/wp-content\/uploads\/2022\/05\/yedas-bayram-tedbirlerini-aldi-1.jpg\" alt=\"\" width=\"300\" height=\"200\" srcset=\"https:\/\/www.enerjigazetesi.ist\/wp-content\/uploads\/2022\/05\/yedas-bayram-tedbirlerini-aldi-1.jpg 550w, https:\/\/www.enerjigazetesi.ist\/wp-content\/uploads\/2022\/05\/yedas-bayram-tedbirlerini-aldi-1-300x200.jpg 300w, https:\/\/www.enerjigazetesi.ist\/wp-content\/uploads\/2022\/05\/yedas-bayram-tedbirlerini-aldi-1-500x334.jpg 500w, https:\/\/www.enerjigazetesi.ist\/wp-content\/uploads\/2022\/05\/yedas-bayram-tedbirlerini-aldi-1-75x50.jpg 75w, https:\/\/www.enerjigazetesi.ist\/wp-content\/uploads\/2022\/05\/yedas-bayram-tedbirlerini-aldi-1-450x300.jpg 450w\" sizes=\"(max-width: 300px) 100vw, 300px\" \/>Amasya <\/strong>ve<strong> Sinop<\/strong> illerinde<strong> 7\/24<\/strong> hizmet anlay\u0131\u015f\u0131ndan taviz vermeden \u00e7al\u0131\u015fmalar\u0131n devam edece\u011fi bildirildi. <strong>M\u00fc\u015fteri memnuniyeti ilkesi<\/strong> ile tedbirleri en \u00fcst seviyeye \u00e7\u0131karan YEDA\u015e, sorumluluk b\u00f6lgesinde meydana gelebilecek olas\u0131 ar\u0131zalara kar\u015f\u0131 <strong>bak\u0131m<\/strong> ve <strong>onar\u0131m \u00e7al\u0131\u015fmalar\u0131n\u0131<\/strong> g\u00f6zden ge\u00e7irerek <strong>Ramazan&#8217;a haz\u0131r<\/strong> olduklar\u0131n\u0131 belirtti. Sorumlu oldu\u011fu <strong>5 ilden<\/strong> m\u00fc\u015fterileriyle<strong> kontroll\u00fc<\/strong> ve <strong>kaliteli ileti\u015fim kurmak<\/strong> i\u00e7in hizmet veren ve en son geli\u015fmi\u015f teknolojiye sahip<strong> YEDA\u015e<\/strong>&#8216;\u0131n <strong>186 nolu<\/strong> <strong>Elektrik Ar\u0131za Hatt\u0131<\/strong> her an ula\u015f\u0131labilir bir ileti\u015fim merkezi olarak hizmet verirken, 186 nolu Elektrik Ar\u0131za Hatt\u0131&#8217;na ba\u011fl\u0131 ar\u0131za ekipleri de<strong> 7\/24<\/strong> g\u00f6revlerinin ba\u015f\u0131nda olacak. Buna ba\u011fl\u0131 olarak \u00f6zel ekipler de kuran YEDA\u015e, <strong>5 ilde<\/strong> haz\u0131rlad\u0131\u011f\u0131 Ramazan ay\u0131 ekiplerini de olas\u0131 b\u00fcy\u00fck ar\u0131zalarda an\u0131nda m\u00fcdahale etmesi i\u00e7in haz\u0131r halde bulunduracak. M\u00fc\u015fteri memnuniyetini benimseyen YEDA\u015e&#8217;tan yap\u0131lan a\u00e7\u0131klamada, <em>&#8220;\u015eirketimize ait <strong>web sitesinde<\/strong> olu\u015fturdu\u011fumuz <strong>\u00f6neri, talep, \u015fikayet<\/strong> formlar\u0131yla ve <strong>05301060186 WhatsApp hatt\u0131m\u0131z<\/strong> ile m\u00fc\u015fterilerimiz bizimle ileti\u015fime ge\u00e7ebilmektedir&#8221;<\/em> denildi.<\/p>\n<h3>&#8216;EN \u0130Y\u0130 H\u0130ZMET\u0130 SUNUNMAK \u0130\u00c7\u0130N \u00c7ALI\u015eIYORUZ&#8217;<\/h3>\n<p><strong>Ramazan Bayram\u0131\u2019n\u0131n<\/strong> huzurlu bir \u015fekilde ge\u00e7irilmesi i\u00e7in adeta <strong>seferber<\/strong> olduklar\u0131n\u0131 belirten <em>YEDA\u015e Genel M\u00fcd\u00fcr\u00fc<\/em> <strong>Hasan Yasir Bora<\/strong>,<em> &#8220;M\u00fc\u015fterilerimize en iyi hizmeti sunmak ve bu do\u011frultuda operasyonel m\u00fckemmellik bizim i\u00e7in b\u00fcy\u00fck \u00f6nem ta\u015f\u0131yor. G\u00f6revimizi en iyi \u015fekilde yaparak, sorumluluk alan\u0131m\u0131zda bulunan 5 ile hizmet g\u00f6t\u00fcr\u00fcyoruz. Elektrik da\u011f\u0131t\u0131m sekt\u00f6r\u00fcn\u00fcn<strong> \u2018lider\u2019<\/strong> ve <strong>\u2018rol model\u2019<\/strong> \u015firketi olma yolunda b\u00fcy\u00fck ad\u0131mlar atan YEDA\u015e, <strong>\u2018m\u00fckemmellik yolculu\u011fundaki\u2019<\/strong> performans\u0131n\u0131 s\u00fcrekli olarak geli\u015ftirmekte ve <strong>kesintisiz, h\u0131zl\u0131<\/strong> ve <strong>sayg\u0131l\u0131 hizmet<\/strong> anlay\u0131\u015f\u0131n\u0131 m\u00fc\u015fteri memnuniyeti temelinde s\u00fcrd\u00fcr\u00fclebilir bir \u015fekilde devam ettirmektedir. &#8220;<\/em> ifadelerini kulland\u0131.<\/p>\n<p>Ayr\u0131ca Genel M\u00fcd\u00fcr Bora, konu\u015fmas\u0131n\u0131n sonunda t\u00fcm <strong>\u0130slam alemi<\/strong>nin <strong>Ramazan Bayram\u0131\u2019n\u0131<\/strong> kutlayarak <strong>sa\u011fl\u0131kl\u0131<\/strong> ve <strong>huzurlu<\/strong> bir <strong>bayram temenni<\/strong> <strong>ederim<\/strong> dedi.<\/p>","protected":false},"excerpt":{"rendered":"<p>Sorry, this entry is only available in Turkish. For the sake of viewer convenience, the content is shown below in the alternative language. You may click the link to switch the active language. Ye\u015fil\u0131rmak Elektrik Da\u011f\u0131t\u0131m A.\u015e.(YEDA\u015e), Ramazan Bayram\u0131\u2019nda vatanda\u015flar\u0131n elektrik da\u011f\u0131t\u0131m\u0131ndan kaynakl\u0131 herhangi bir sorun ile kar\u015f\u0131la\u015fmamas\u0131 i\u00e7in trafo, iletim hatlar\u0131 ve ba\u011flant\u0131 noktalar\u0131na [&hellip;]<\/p>\n","protected":false},"author":1,"featured_media":154972,"comment_status":"open","ping_status":"open","sticky":false,"template":"","format":"standard","meta":[],"categories":[51,53],"tags":[26353,17382,9138,97911],"views":145,"_links":{"self":[{"href":"https:\/\/www.enerjigazetesi.ist\/en\/wp-json\/wp\/v2\/posts\/154969"}],"collection":[{"href":"https:\/\/www.enerjigazetesi.ist\/en\/wp-json\/wp\/v2\/posts"}],"about":[{"href":"https:\/\/www.enerjigazetesi.ist\/en\/wp-json\/wp\/v2\/types\/post"}],"author":[{"embeddable":true,"href":"https:\/\/www.enerjigazetesi.ist\/en\/wp-json\/wp\/v2\/users\/1"}],"replies":[{"embeddable":true,"href":"https:\/\/www.enerjigazetesi.ist\/en\/wp-json\/wp\/v2\/comments?post=154969"}],"version-history":[{"count":0,"href":"https:\/\/www.enerjigazetesi.ist\/en\/wp-json\/wp\/v2\/posts\/154969\/revisions"}],"wp:featuredmedia":[{"embeddable":true,"href":"https:\/\/www.enerjigazetesi.ist\/en\/wp-json\/wp\/v2\/media\/154972"}],"wp:attachment":[{"href":"https:\/\/www.enerjigazetesi.ist\/en\/wp-json\/wp\/v2\/media?parent=154969"}],"wp:term":[{"taxonomy":"category","embeddable":true,"href":"https:\/\/www.enerjigazetesi.ist\/en\/wp-json\/wp\/v2\/categories?post=154969"},{"taxonomy":"post_tag","embeddable":true,"href":"https:\/\/www.enerjigazetesi.ist\/en\/wp-json\/wp\/v2\/tags?post=154969"}],"curies":[{"name":"wp","href":"https:\/\/api.w.org\/{rel}","templated":true}]}}