{"id":154957,"date":"2022-05-01T17:17:10","date_gmt":"2022-05-01T14:17:10","guid":{"rendered":"https:\/\/www.enerjigazetesi.ist\/?p=154957"},"modified":"2022-05-01T17:19:28","modified_gmt":"2022-05-01T14:19:28","slug":"sedas-ailesi-ramazan-bayrami-mutlulugunu-hep-birlikte-yasadi","status":"publish","type":"post","link":"https:\/\/www.enerjigazetesi.ist\/en\/sedas-ailesi-ramazan-bayrami-mutlulugunu-hep-birlikte-yasadi\/","title":{"rendered":"(Turkish) SEDA\u015e Ailesi Ramazan Bayram\u0131 Mutlulu\u011funu Hep Birlikte Ya\u015fad\u0131"},"content":{"rendered":"<p class=\"qtranxs-available-languages-message qtranxs-available-languages-message-en\">Sorry, this entry is only available in <a href=\"https:\/\/www.enerjigazetesi.ist\/tr\/wp-json\/wp\/v2\/posts\/154957\" class=\"qtranxs-available-language-link qtranxs-available-language-link-tr\" title=\"Turkish\">Turkish<\/a>. For the sake of viewer convenience, the content is shown below in the alternative language. You may click the link to switch the active language.<\/p><p><\/p>\n<h2><strong>SEDA\u015e y\u00f6neticileri ve \u00e7al\u0131\u015fanlar, geleneksel Ramazan Bayram\u0131 bulu\u015fmas\u0131nda bir araya geldi. Genel m\u00fcd\u00fcrl\u00fck ve B\u00f6lge m\u00fcd\u00fcrl\u00fcklerinde e\u015fzamanl\u0131 d\u00fczenlenen etkinlik ile <img loading=\"lazy\" class=\"alignright wp-image-154960\" src=\"https:\/\/www.enerjigazetesi.ist\/wp-content\/uploads\/2022\/05\/sedas-ailesi-ramazan-bayrami-mutlulugunu-hep-birlikte-yasadi-1.jpg\" alt=\"\" width=\"300\" height=\"195\" srcset=\"https:\/\/www.enerjigazetesi.ist\/wp-content\/uploads\/2022\/05\/sedas-ailesi-ramazan-bayrami-mutlulugunu-hep-birlikte-yasadi-1.jpg 550w, https:\/\/www.enerjigazetesi.ist\/wp-content\/uploads\/2022\/05\/sedas-ailesi-ramazan-bayrami-mutlulugunu-hep-birlikte-yasadi-1-300x195.jpg 300w, https:\/\/www.enerjigazetesi.ist\/wp-content\/uploads\/2022\/05\/sedas-ailesi-ramazan-bayrami-mutlulugunu-hep-birlikte-yasadi-1-500x325.jpg 500w, https:\/\/www.enerjigazetesi.ist\/wp-content\/uploads\/2022\/05\/sedas-ailesi-ramazan-bayrami-mutlulugunu-hep-birlikte-yasadi-1-77x50.jpg 77w\" sizes=\"(max-width: 300px) 100vw, 300px\" \/>SEDA\u015e ailesi bayramla\u015ft\u0131.<\/strong><\/h2>\n<p><strong>Sakarya Elektrik Da\u011f\u0131t\u0131m A.\u015e. (SEDA\u015e)<\/strong> \u00e7al\u0131\u015fanlar\u0131, <strong>Ramazan Bayram\u0131<\/strong>\u2019n\u0131n mutlulu\u011funu bu y\u0131l da birlikte ya\u015fad\u0131lar. <strong>Kocaeli, Gebze, Sakarya, Bolu<\/strong> ve<strong> D\u00fczce\u2019<\/strong>deki <strong>SEDA\u015e B\u00f6lge M\u00fcd\u00fcrl\u00fckleri&#8217;<\/strong>nde d\u00fczenlenen geleneksel bulu\u015fmada <strong>y\u00f6neticiler<\/strong> ve<strong> \u00e7al\u0131\u015fanlar<\/strong> bayramla\u015ft\u0131lar.<\/p>\n<p>Etkinli\u011fe SEDA\u015e\u2019\u0131n <strong>\u00dcst Y\u00f6netim Ekibi, b\u00f6lge m\u00fcd\u00fcrleri, y\u00f6neticiler<\/strong> ve<strong> \u00e7al\u0131\u015fanlar<\/strong> kat\u0131ld\u0131. SEDA\u015e ailesinin bayramlar\u0131n\u0131n kutland\u0131\u011f\u0131 t\u00f6rende \u00e7al\u0131\u015fanlara <strong>kolonya<\/strong> ve <strong>\u00e7ikolata<\/strong> ikram edildi. <strong>Bayram bulu\u015fmalar\u0131n\u0131n<\/strong> geleneksel hale getirildi\u011fini belirten <em>SEDA\u015e Y\u00f6netim Kurulu ve \u0130cra Ba\u015fkan\u0131<\/em> <strong>Dr. Necmi Odyakmaz<\/strong>, <em>\u201cBayram\u0131n mutlulu\u011funu arkada\u015flar\u0131m\u0131zla ya\u015famaktan sevin\u00e7 duyduk. T\u00fcm SEDA\u015e ailesinin<strong> Ramazan Bayram\u0131<\/strong> m\u00fcbarek olsun\u201d<\/em> dedi.<\/p>","protected":false},"excerpt":{"rendered":"<p>Sorry, this entry is only available in Turkish. For the sake of viewer convenience, the content is shown below in the alternative language. You may click the link to switch the active language. SEDA\u015e y\u00f6neticileri ve \u00e7al\u0131\u015fanlar, geleneksel Ramazan Bayram\u0131 bulu\u015fmas\u0131nda bir araya geldi. Genel m\u00fcd\u00fcrl\u00fck ve B\u00f6lge m\u00fcd\u00fcrl\u00fcklerinde e\u015fzamanl\u0131 d\u00fczenlenen etkinlik ile SEDA\u015e ailesi [&hellip;]<\/p>\n","protected":false},"author":1,"featured_media":154963,"comment_status":"open","ping_status":"open","sticky":false,"template":"","format":"standard","meta":[],"categories":[51,53],"tags":[26353,17382,51042,45677],"views":146,"_links":{"self":[{"href":"https:\/\/www.enerjigazetesi.ist\/en\/wp-json\/wp\/v2\/posts\/154957"}],"collection":[{"href":"https:\/\/www.enerjigazetesi.ist\/en\/wp-json\/wp\/v2\/posts"}],"about":[{"href":"https:\/\/www.enerjigazetesi.ist\/en\/wp-json\/wp\/v2\/types\/post"}],"author":[{"embeddable":true,"href":"https:\/\/www.enerjigazetesi.ist\/en\/wp-json\/wp\/v2\/users\/1"}],"replies":[{"embeddable":true,"href":"https:\/\/www.enerjigazetesi.ist\/en\/wp-json\/wp\/v2\/comments?post=154957"}],"version-history":[{"count":0,"href":"https:\/\/www.enerjigazetesi.ist\/en\/wp-json\/wp\/v2\/posts\/154957\/revisions"}],"wp:featuredmedia":[{"embeddable":true,"href":"https:\/\/www.enerjigazetesi.ist\/en\/wp-json\/wp\/v2\/media\/154963"}],"wp:attachment":[{"href":"https:\/\/www.enerjigazetesi.ist\/en\/wp-json\/wp\/v2\/media?parent=154957"}],"wp:term":[{"taxonomy":"category","embeddable":true,"href":"https:\/\/www.enerjigazetesi.ist\/en\/wp-json\/wp\/v2\/categories?post=154957"},{"taxonomy":"post_tag","embeddable":true,"href":"https:\/\/www.enerjigazetesi.ist\/en\/wp-json\/wp\/v2\/tags?post=154957"}],"curies":[{"name":"wp","href":"https:\/\/api.w.org\/{rel}","templated":true}]}}