{"id":154943,"date":"2022-04-30T16:21:56","date_gmt":"2022-04-30T13:21:56","guid":{"rendered":"https:\/\/www.enerjigazetesi.ist\/?p=154943"},"modified":"2022-04-30T16:23:31","modified_gmt":"2022-04-30T13:23:31","slug":"istanbul-daki-2-adliye-binasi-icin-enerji-verimliligi-donusumu-hizmeti-alinacak","status":"publish","type":"post","link":"https:\/\/www.enerjigazetesi.ist\/en\/istanbul-daki-2-adliye-binasi-icin-enerji-verimliligi-donusumu-hizmeti-alinacak\/","title":{"rendered":"(Turkish) \u0130stanbul\u2019daki 2 Adliye Binas\u0131 \u0130\u00e7in Enerji Verimlili\u011fi D\u00f6n\u00fc\u015f\u00fcm\u00fc Hizmeti Al\u0131nacak"},"content":{"rendered":"<p class=\"qtranxs-available-languages-message qtranxs-available-languages-message-en\">Sorry, this entry is only available in <a href=\"https:\/\/www.enerjigazetesi.ist\/tr\/wp-json\/wp\/v2\/posts\/154943\" class=\"qtranxs-available-language-link qtranxs-available-language-link-tr\" title=\"Turkish\">Turkish<\/a>. For the sake of viewer convenience, the content is shown below in the alternative language. You may click the link to switch the active language.<\/p><p><\/p>\n<h2>\u00c7evre Bakanl\u0131\u011f\u0131 taraf\u0131ndan \u00c7a\u011flayan Adliyesi ile Kartal Adliyesinde KABEV kapsam\u0131nda yap\u0131lacak enerji verimlili\u011fi d\u00f6n\u00fc\u015f\u00fcm\u00fc i\u00e7in dan\u0131\u015fmanl\u0131k hizmeti al\u0131nacak.<\/h2>\n<p><strong>\u00c7evre, \u015eehircilik ve \u0130klim De\u011fi\u015fikli\u011fi Bakanl\u0131\u011f\u0131, Kamu Binalar\u0131nda Enerji Verimlili\u011fi Projesi (KABEV)<\/strong> kapsam\u0131nda, <strong>D\u00fcnya Bankas\u0131<\/strong> taraf\u0131ndan finanse edilmek \u00fczere,<strong> \u0130stanbul Adalet <img loading=\"lazy\" class=\"alignright wp-image-154945\" src=\"https:\/\/www.enerjigazetesi.ist\/wp-content\/uploads\/2022\/04\/istanbul-daki-2-adliye-binasi-icin-enerji-verimliligi-donusumu-hizmeti-alinacak.jpg\" alt=\"\" width=\"320\" height=\"180\" srcset=\"https:\/\/www.enerjigazetesi.ist\/wp-content\/uploads\/2022\/04\/istanbul-daki-2-adliye-binasi-icin-enerji-verimliligi-donusumu-hizmeti-alinacak.jpg 550w, https:\/\/www.enerjigazetesi.ist\/wp-content\/uploads\/2022\/04\/istanbul-daki-2-adliye-binasi-icin-enerji-verimliligi-donusumu-hizmeti-alinacak-300x169.jpg 300w, https:\/\/www.enerjigazetesi.ist\/wp-content\/uploads\/2022\/04\/istanbul-daki-2-adliye-binasi-icin-enerji-verimliligi-donusumu-hizmeti-alinacak-500x281.jpg 500w, https:\/\/www.enerjigazetesi.ist\/wp-content\/uploads\/2022\/04\/istanbul-daki-2-adliye-binasi-icin-enerji-verimliligi-donusumu-hizmeti-alinacak-80x45.jpg 80w\" sizes=\"(max-width: 320px) 100vw, 320px\" \/>Saray\u0131<\/strong> ile <strong>\u0130stanbul Anadolu Adalet Saray\u0131<\/strong>\u2019nda<strong> enerji denetimleri<\/strong>, <strong>teknik tasar\u0131m<\/strong> ve <strong>dan\u0131\u015fmanl\u0131k hizmetleri<\/strong> ile <strong>enerji verimlili\u011fi tadilatlar\u0131<\/strong> i\u00e7in<strong> in\u015faat kontrol hizmetleri<\/strong> almak \u00fczere <strong>ihale<\/strong> yapacak.<\/p>\n<p>\u0130hale ile <strong>enerji verimlili\u011fi denetimleri<\/strong> yap\u0131lacak olan binalar\u0131n kapal\u0131 alan y\u00fcz\u00f6l\u00e7\u00fcm\u00fc ise <strong>343.000m<sup>2<\/sup><\/strong>\u2019si \u00c7a\u011flayan, <strong>365.321m<sup>2<\/sup><\/strong>\u2019si ise Kartal Adliyesi olmak \u00fczere, toplam da <strong>708.321m<sup>2<\/sup><\/strong>\u00a0olarak belirlenmi\u015ftir.<\/p>\n<p><span style=\"text-decoration: underline;\">Verilecek teklifler;<\/span> en ge\u00e7 <strong>18 May\u0131s 2022<\/strong> tarihinde saat <strong>16.00<\/strong>&#8216;ya kadar,<strong> \u00c7evre, \u015eehircilik ve \u0130klim De\u011fi\u015fikli\u011fi Bakanl\u0131\u011f\u0131, Yap\u0131 \u0130\u015fleri Genel M\u00fcd\u00fcrl\u00fc\u011f\u00fc<\/strong>,<em> D\u0131\u015f Yat\u0131r\u0131m Departman\u0131, Mustafa Kemal Mahallesi, 2082. Cadde, No: 52, 06510, \u00c7ankaya, Ankara<\/em> adresine elden <strong>teslim edilecek<\/strong> ve(ya) ayn\u0131 adrese<strong> posta<\/strong> veya <strong>kurye<\/strong> yoluyla ula\u015ft\u0131racaklar.<\/p>","protected":false},"excerpt":{"rendered":"<p>Sorry, this entry is only available in Turkish. For the sake of viewer convenience, the content is shown below in the alternative language. You may click the link to switch the active language. \u00c7evre Bakanl\u0131\u011f\u0131 taraf\u0131ndan \u00c7a\u011flayan Adliyesi ile Kartal Adliyesinde KABEV kapsam\u0131nda yap\u0131lacak enerji verimlili\u011fi d\u00f6n\u00fc\u015f\u00fcm\u00fc i\u00e7in dan\u0131\u015fmanl\u0131k hizmeti al\u0131nacak. \u00c7evre, \u015eehircilik ve \u0130klim [&hellip;]<\/p>\n","protected":false},"author":1,"featured_media":154945,"comment_status":"open","ping_status":"open","sticky":false,"template":"","format":"standard","meta":[],"categories":[51,53,52],"tags":[49936,9614,41801,12,103026,84073,103027,103025,103028,1296],"views":276,"_links":{"self":[{"href":"https:\/\/www.enerjigazetesi.ist\/en\/wp-json\/wp\/v2\/posts\/154943"}],"collection":[{"href":"https:\/\/www.enerjigazetesi.ist\/en\/wp-json\/wp\/v2\/posts"}],"about":[{"href":"https:\/\/www.enerjigazetesi.ist\/en\/wp-json\/wp\/v2\/types\/post"}],"author":[{"embeddable":true,"href":"https:\/\/www.enerjigazetesi.ist\/en\/wp-json\/wp\/v2\/users\/1"}],"replies":[{"embeddable":true,"href":"https:\/\/www.enerjigazetesi.ist\/en\/wp-json\/wp\/v2\/comments?post=154943"}],"version-history":[{"count":0,"href":"https:\/\/www.enerjigazetesi.ist\/en\/wp-json\/wp\/v2\/posts\/154943\/revisions"}],"wp:featuredmedia":[{"embeddable":true,"href":"https:\/\/www.enerjigazetesi.ist\/en\/wp-json\/wp\/v2\/media\/154945"}],"wp:attachment":[{"href":"https:\/\/www.enerjigazetesi.ist\/en\/wp-json\/wp\/v2\/media?parent=154943"}],"wp:term":[{"taxonomy":"category","embeddable":true,"href":"https:\/\/www.enerjigazetesi.ist\/en\/wp-json\/wp\/v2\/categories?post=154943"},{"taxonomy":"post_tag","embeddable":true,"href":"https:\/\/www.enerjigazetesi.ist\/en\/wp-json\/wp\/v2\/tags?post=154943"}],"curies":[{"name":"wp","href":"https:\/\/api.w.org\/{rel}","templated":true}]}}