{"id":154931,"date":"2022-04-30T14:39:54","date_gmt":"2022-04-30T11:39:54","guid":{"rendered":"https:\/\/www.enerjigazetesi.ist\/?p=154931"},"modified":"2022-04-30T14:40:18","modified_gmt":"2022-04-30T11:40:18","slug":"yildiz-entegre-akhisar-tesisine-6-269kwp-kurulu-gucte-cati-ges-kurulacak","status":"publish","type":"post","link":"https:\/\/www.enerjigazetesi.ist\/en\/yildiz-entegre-akhisar-tesisine-6-269kwp-kurulu-gucte-cati-ges-kurulacak\/","title":{"rendered":"(Turkish) Y\u0131ld\u0131z Entegre Akhisar Tesisi&#8217;ne 6.269kWp Kurulu G\u00fc\u00e7te \u00c7at\u0131 Ges Kurulacak"},"content":{"rendered":"<p class=\"qtranxs-available-languages-message qtranxs-available-languages-message-en\">Sorry, this entry is only available in <a href=\"https:\/\/www.enerjigazetesi.ist\/tr\/wp-json\/wp\/v2\/posts\/154931\" class=\"qtranxs-available-language-link qtranxs-available-language-link-tr\" title=\"Turkish\">Turkish<\/a>. For the sake of viewer convenience, the content is shown below in the alternative language. You may click the link to switch the active language.<\/p><p><\/p>\n<h2>Sekt\u00f6r\u00fcn\u00fcn \u00f6nc\u00fc kurulu\u015flar\u0131ndan olan Y\u0131ld\u0131z Entegre, Akhisar tesisinin \u00e7at\u0131s\u0131na anahtar teslim g\u00fcne\u015f enerji santrali kurulumuna <img loading=\"lazy\" class=\"alignright wp-image-154934\" src=\"https:\/\/www.enerjigazetesi.ist\/wp-content\/uploads\/2022\/04\/yildiz-entegre-akhisar-tesisine-6-269kwp-kurulu-gucte-cati-ges-kurulacak.jpg\" alt=\"\" width=\"300\" height=\"189\" srcset=\"https:\/\/www.enerjigazetesi.ist\/wp-content\/uploads\/2022\/04\/yildiz-entegre-akhisar-tesisine-6-269kwp-kurulu-gucte-cati-ges-kurulacak.jpg 550w, https:\/\/www.enerjigazetesi.ist\/wp-content\/uploads\/2022\/04\/yildiz-entegre-akhisar-tesisine-6-269kwp-kurulu-gucte-cati-ges-kurulacak-300x189.jpg 300w, https:\/\/www.enerjigazetesi.ist\/wp-content\/uploads\/2022\/04\/yildiz-entegre-akhisar-tesisine-6-269kwp-kurulu-gucte-cati-ges-kurulacak-500x315.jpg 500w, https:\/\/www.enerjigazetesi.ist\/wp-content\/uploads\/2022\/04\/yildiz-entegre-akhisar-tesisine-6-269kwp-kurulu-gucte-cati-ges-kurulacak-80x50.jpg 80w\" sizes=\"(max-width: 300px) 100vw, 300px\" \/>y\u00f6nelik bir anla\u015fma yapt\u0131.<\/h2>\n<p><strong>\u201cDo\u011faya ve \u0130nsana Sayg\u0131\u201d<\/strong> mottosuyla, farkl\u0131 co\u011frafyalardaki biri tutkal tesisi olmak \u00fczere <strong>8<\/strong> \u00fcretim tesisi ile faaliyetlerini s\u00fcrd\u00fcren <strong>T\u00fcrkiye\u2019nin en k\u00f6kl\u00fc sanayi \u015firketlerinden<\/strong> biri olan <strong>Y\u0131ld\u0131z Entegre<\/strong>\u2019nin <strong>Akhisar\u2019da<\/strong> bulunan tesisi i\u00e7in planlanan bu proje hayata ge\u00e7irildi\u011finde<strong> 6.269kWp<\/strong> kurulu g\u00fcc\u00fcyle<strong> Ege B\u00f6lgesi<\/strong>&#8216;nde kurulan en b\u00fcy\u00fck end\u00fcstriyel <strong>\u00e7at\u0131 \u00fczeri GES<\/strong>\u2019i olacak.<\/p>\n<p>T\u00fcm <strong>projelendirme<\/strong> ve <strong>tasar\u0131m<\/strong> ad\u0131mlar\u0131 <strong>ASUNiM<\/strong>\u2019in Avrupa\u2019da bulunan <strong>\u00e7at\u0131 uzman\u0131 m\u00fchendislik<\/strong> birimi taraf\u0131ndan ger\u00e7ekle\u015ftirilecek projenin kurulumu ise yine ASUN\u0130M\u2019in uluslararas\u0131 tecr\u00fcbeye sahip uzman<strong> teknik kadrosu<\/strong> taraf\u0131ndan <strong>son teknoloji<\/strong> kullan\u0131larak yap\u0131lacak.<\/p>","protected":false},"excerpt":{"rendered":"<p>Sorry, this entry is only available in Turkish. For the sake of viewer convenience, the content is shown below in the alternative language. You may click the link to switch the active language. Sekt\u00f6r\u00fcn\u00fcn \u00f6nc\u00fc kurulu\u015flar\u0131ndan olan Y\u0131ld\u0131z Entegre, Akhisar tesisinin \u00e7at\u0131s\u0131na anahtar teslim g\u00fcne\u015f enerji santrali kurulumuna y\u00f6nelik bir anla\u015fma yapt\u0131. \u201cDo\u011faya ve \u0130nsana [&hellip;]<\/p>\n","protected":false},"author":1,"featured_media":154934,"comment_status":"open","ping_status":"open","sticky":false,"template":"","format":"standard","meta":[],"categories":[51,53,49],"tags":[103022,103021,58009,53901,2206,22415],"views":242,"_links":{"self":[{"href":"https:\/\/www.enerjigazetesi.ist\/en\/wp-json\/wp\/v2\/posts\/154931"}],"collection":[{"href":"https:\/\/www.enerjigazetesi.ist\/en\/wp-json\/wp\/v2\/posts"}],"about":[{"href":"https:\/\/www.enerjigazetesi.ist\/en\/wp-json\/wp\/v2\/types\/post"}],"author":[{"embeddable":true,"href":"https:\/\/www.enerjigazetesi.ist\/en\/wp-json\/wp\/v2\/users\/1"}],"replies":[{"embeddable":true,"href":"https:\/\/www.enerjigazetesi.ist\/en\/wp-json\/wp\/v2\/comments?post=154931"}],"version-history":[{"count":0,"href":"https:\/\/www.enerjigazetesi.ist\/en\/wp-json\/wp\/v2\/posts\/154931\/revisions"}],"wp:featuredmedia":[{"embeddable":true,"href":"https:\/\/www.enerjigazetesi.ist\/en\/wp-json\/wp\/v2\/media\/154934"}],"wp:attachment":[{"href":"https:\/\/www.enerjigazetesi.ist\/en\/wp-json\/wp\/v2\/media?parent=154931"}],"wp:term":[{"taxonomy":"category","embeddable":true,"href":"https:\/\/www.enerjigazetesi.ist\/en\/wp-json\/wp\/v2\/categories?post=154931"},{"taxonomy":"post_tag","embeddable":true,"href":"https:\/\/www.enerjigazetesi.ist\/en\/wp-json\/wp\/v2\/tags?post=154931"}],"curies":[{"name":"wp","href":"https:\/\/api.w.org\/{rel}","templated":true}]}}