{"id":154902,"date":"2022-04-29T17:49:41","date_gmt":"2022-04-29T14:49:41","guid":{"rendered":"https:\/\/www.enerjigazetesi.ist\/?p=154902"},"modified":"2022-04-29T17:50:50","modified_gmt":"2022-04-29T14:50:50","slug":"prosumer-ureten-tuketiciler-2022-kongre-ve-fuari-31-mayis-01-haziranda","status":"publish","type":"post","link":"https:\/\/www.enerjigazetesi.ist\/en\/prosumer-ureten-tuketiciler-2022-kongre-ve-fuari-31-mayis-01-haziranda\/","title":{"rendered":"(Turkish) &#8217;Prosumer-\u00dcreten T\u00fcketiciler 2022 Kongre ve Fuar\u0131&#8217; 31 May\u0131s&#8217;ta Ba\u015fl\u0131yor!"},"content":{"rendered":"<p class=\"qtranxs-available-languages-message qtranxs-available-languages-message-en\">Sorry, this entry is only available in <a href=\"https:\/\/www.enerjigazetesi.ist\/tr\/wp-json\/wp\/v2\/posts\/154902\" class=\"qtranxs-available-language-link qtranxs-available-language-link-tr\" title=\"Turkish\">Turkish<\/a>. For the sake of viewer convenience, the content is shown below in the alternative language. You may click the link to switch the active language.<\/p><p><\/p>\n<h2><strong>31 May\u0131s-1 Haziran 2022&#8217;de Ankara Congresium\u2019da d\u00fczenlenecek \u201cProsumer-\u00dcreten T\u00fcketiciler 2022 Kongre ve Fuar\u0131\u201dnda yenilenebilir enerjideki t\u00fcm payda\u015flar\u0131 bir araya geliyor.<\/strong><\/h2>\n<p>Yap\u0131lan a\u00e7\u0131klamada, <strong>Prosumer Kongre <\/strong>ve<strong> Fuar\u0131<\/strong>\u2019n\u0131n d\u00fczenleyicisi<em> Solar Prosumer Platformunun Kurucusu<\/em> <strong>Ate\u015f U\u011furel<\/strong>, <em>\u201cHanelere ve \u00fcreticiye sa\u011flanan avantajlar, <strong>te\u015fvikler, kurulum<\/strong> ve <strong>teknoloji ilk yat\u0131r\u0131m maliyetlerinin<\/strong> h\u0131zla d\u00fc\u015fmesi ile art\u0131k g\u00fcne\u015f <img loading=\"lazy\" class=\"alignright wp-image-154905\" src=\"https:\/\/www.enerjigazetesi.ist\/wp-content\/uploads\/2022\/04\/prosumer-ureten-tuketiciler-2022-kongre-ve-fuari-31-mayis-1-haziranda-1.jpg\" alt=\"\" width=\"320\" height=\"182\" srcset=\"https:\/\/www.enerjigazetesi.ist\/wp-content\/uploads\/2022\/04\/prosumer-ureten-tuketiciler-2022-kongre-ve-fuari-31-mayis-1-haziranda-1.jpg 550w, https:\/\/www.enerjigazetesi.ist\/wp-content\/uploads\/2022\/04\/prosumer-ureten-tuketiciler-2022-kongre-ve-fuari-31-mayis-1-haziranda-1-300x170.jpg 300w, https:\/\/www.enerjigazetesi.ist\/wp-content\/uploads\/2022\/04\/prosumer-ureten-tuketiciler-2022-kongre-ve-fuari-31-mayis-1-haziranda-1-500x284.jpg 500w, https:\/\/www.enerjigazetesi.ist\/wp-content\/uploads\/2022\/04\/prosumer-ureten-tuketiciler-2022-kongre-ve-fuari-31-mayis-1-haziranda-1-80x45.jpg 80w\" sizes=\"(max-width: 320px) 100vw, 320px\" \/>enerjisinin en b\u00fcy\u00fck m\u00fc\u015fterisi <strong>bireysel<\/strong> ve<strong> kurumsal<\/strong> elektrik t\u00fcketicileri olacak. Bu de\u011fi\u015fim de yeni bir konseptin do\u011fmas\u0131na yol a\u00e7t\u0131. \u0130ngilizce Producer <strong>(\u00dcretici)<\/strong> ve <strong>Consumer (T\u00fcketici)<\/strong> kelimelerinin birle\u015fmesinden olu\u015fan Prosumer, yani kendi enerjisini kendi \u00fcreten t\u00fcketiciler, art\u0131k enerji sekt\u00f6r\u00fcn\u00fcn \u00f6nemli bir payda\u015f\u0131 haline geliyor. <strong>\u0130klim krizinin<\/strong> artan etkileri,<strong> karbon vergileri,<\/strong> Paris anla\u015fmas\u0131, <strong>Avrupa ye\u015fil mutabakat\u0131<\/strong> ve herkesin g\u00fc\u00e7l\u00fc bir \u015fekilde hissetti\u011fi elektrik zamlar\u0131, art\u0131k her bir elektrik t\u00fcketicisinin h\u0131zl\u0131 bir \u015fekilde <strong>temiz<\/strong> ve<strong> ucuz enerjiye ge\u00e7i\u015fini<\/strong> zorunlu k\u0131lacak. Elektri\u011fini <strong>g\u00fcne\u015ften<\/strong> ve<strong> r\u00fczgardan<\/strong> \u00fcreten <strong>10.000&#8217;lerce<\/strong> Prosumer ile <strong>yenilenebilir enerji kapasitemizi<\/strong> herhangi bir maddi te\u015fvik ihtiyac\u0131 olmadan, \u00f6nemli bir oranda <strong>art\u0131rabilir<\/strong> ve <strong>temiz enerji d\u00f6n\u00fc\u015f\u00fcm s\u00fcrecine<\/strong> \u00f6nemli katk\u0131larda bulunabiliriz\u201d<\/em> ifadelerini kulland\u0131.<\/p>\n<h3><strong>\u201cT\u00fcm enerjimizi yenilenebilir enerjiden sa\u011flamak i\u00e7in \u201cProsumer\u201dda bulu\u015fal\u0131m\u201d<\/strong><\/h3>\n<figure id=\"attachment_15746\" class=\"wp-caption alignleft\" aria-describedby=\"caption-attachment-15746\"><figcaption id=\"caption-attachment-15746\" class=\"wp-caption-text\"><strong>Prosumer Kongre ve Fuar\u0131<\/strong>\u2019n\u0131n d\u00fczenleyicisi <em>Solar Prosumer Platformunun Kurucusu<\/em><strong> Ate\u015f U\u011furel<\/strong> emisyonlar\u0131n\u0131 s\u0131f\u0131rlamak ve t\u00fcm enerji ihtiya\u00e7lar\u0131n\u0131 <strong>yenilenebilir enerji kaynaklar\u0131ndan<\/strong> sa\u011flamak i\u00e7in<strong> taahh\u00fctler<\/strong> verdi\u011fine i\u015faret eden <strong>Ate\u015f U\u011furel<\/strong>, <em>\u201cBu \u015firketler s\u00f6zlerini tutabilmek i\u00e7in birlikte \u00e7al\u0131\u015ft\u0131klar\u0131 ta\u015feron yerel firmalar\u0131 da <strong>temiz enerji d\u00f6n\u00fc\u015f\u00fcm\u00fcne<\/strong> dahil etmek ve aktif yat\u0131r\u0131mc\u0131 olmalar\u0131 y\u00f6n\u00fcnde motive ediyorlar. Yine bu de\u011fi\u015fimin di\u011fer taraf\u0131nda olan <strong>finans kurulu\u015flar\u0131, bankalar, leasing firmalar\u0131<\/strong> da \u015firketlerin yapaca\u011f\u0131 <strong>temiz enerji yat\u0131r\u0131mlar\u0131na<\/strong> \u00e7ok daha kolay ve \u00e7ok daha uygun \u015fartlarda kredi sa\u011flayabiliyor. <strong>31 May\u0131s-01 Haziran 2022<\/strong> tarihinde, 2 g\u00fcn s\u00fcrecek<strong> etkinlik program\u0131nda<\/strong> g\u00fcne\u015f enerjisi sekt\u00f6r\u00fcn\u00fcn \u00f6nde gelen oyuncular\u0131, <strong>kamu kurumlar\u0131<\/strong> ile <strong>kurumsal elektrik t\u00fcketicileri<\/strong> bir araya gelme f\u0131rsat\u0131 bulacak\u201d<\/em> dedi.<\/figcaption><\/figure>\n<p>Prosumer ana konular\u0131 aras\u0131nda, <strong>elektrik t\u00fcketicilerinin g\u00fcne\u015f ve r\u00fczgar enerjisi<\/strong> ile <strong>ucuz-temiz elektrik \u00fcretmesi, teknoloji<\/strong> se\u00e7imindeki \u00f6nemli noktalar, <strong>farkl\u0131 finansman y\u00f6ntemlerinin analizi<\/strong>, kurumsal firmalar\u0131n <strong>elektrikli ula\u015f\u0131ma ge\u00e7mesi, karbon vergilerinin<\/strong> ve<strong> iklim krizinin<\/strong> sanayiciye olan etkisi, <strong>enerji depolama<\/strong>, kurulum sonras\u0131 dikkat edilmesi gereken <strong>s\u00fcre\u00e7ler, mevcut mevzuat\u0131n yorumlanmas\u0131<\/strong> gibi ba\u015fl\u0131klar \u00f6ne \u00e7\u0131k\u0131yor.<\/p>\n<p><strong>Kay\u0131t Olmak \u0130\u00e7in:<\/strong> <a href=\"https:\/\/solarprosumer.com\/prosumertr\/\">prosumerTR.com<\/a>\u00a0adresini ziyaret edebilirsiniz.<\/p>","protected":false},"excerpt":{"rendered":"<p>Sorry, this entry is only available in Turkish. For the sake of viewer convenience, the content is shown below in the alternative language. You may click the link to switch the active language. 31 May\u0131s-1 Haziran 2022&#8217;de Ankara Congresium\u2019da d\u00fczenlenecek \u201cProsumer-\u00dcreten T\u00fcketiciler 2022 Kongre ve Fuar\u0131\u201dnda yenilenebilir enerjideki t\u00fcm payda\u015flar\u0131 bir araya geliyor. Yap\u0131lan a\u00e7\u0131klamada, [&hellip;]<\/p>\n","protected":false},"author":1,"featured_media":154904,"comment_status":"open","ping_status":"open","sticky":false,"template":"","format":"standard","meta":[],"categories":[51,53,49],"tags":[38884,6417,103006,3646,53412,40336,103007,103005,103004,2629],"views":262,"_links":{"self":[{"href":"https:\/\/www.enerjigazetesi.ist\/en\/wp-json\/wp\/v2\/posts\/154902"}],"collection":[{"href":"https:\/\/www.enerjigazetesi.ist\/en\/wp-json\/wp\/v2\/posts"}],"about":[{"href":"https:\/\/www.enerjigazetesi.ist\/en\/wp-json\/wp\/v2\/types\/post"}],"author":[{"embeddable":true,"href":"https:\/\/www.enerjigazetesi.ist\/en\/wp-json\/wp\/v2\/users\/1"}],"replies":[{"embeddable":true,"href":"https:\/\/www.enerjigazetesi.ist\/en\/wp-json\/wp\/v2\/comments?post=154902"}],"version-history":[{"count":0,"href":"https:\/\/www.enerjigazetesi.ist\/en\/wp-json\/wp\/v2\/posts\/154902\/revisions"}],"wp:featuredmedia":[{"embeddable":true,"href":"https:\/\/www.enerjigazetesi.ist\/en\/wp-json\/wp\/v2\/media\/154904"}],"wp:attachment":[{"href":"https:\/\/www.enerjigazetesi.ist\/en\/wp-json\/wp\/v2\/media?parent=154902"}],"wp:term":[{"taxonomy":"category","embeddable":true,"href":"https:\/\/www.enerjigazetesi.ist\/en\/wp-json\/wp\/v2\/categories?post=154902"},{"taxonomy":"post_tag","embeddable":true,"href":"https:\/\/www.enerjigazetesi.ist\/en\/wp-json\/wp\/v2\/tags?post=154902"}],"curies":[{"name":"wp","href":"https:\/\/api.w.org\/{rel}","templated":true}]}}