{"id":154831,"date":"2022-04-28T19:10:37","date_gmt":"2022-04-28T16:10:37","guid":{"rendered":"https:\/\/www.enerjigazetesi.ist\/?p=154831"},"modified":"2022-04-28T19:10:52","modified_gmt":"2022-04-28T16:10:52","slug":"naturelgaz-in-brut-kari-onceki-yila-gore-yuzde-148-artisla-805-milyon-tl-oldu","status":"publish","type":"post","link":"https:\/\/www.enerjigazetesi.ist\/en\/naturelgaz-in-brut-kari-onceki-yila-gore-yuzde-148-artisla-805-milyon-tl-oldu\/","title":{"rendered":"(Turkish) &#8217;Naturelgaz\u2019\u0131n Br\u00fct Kar\u0131, \u00d6nceki Y\u0131la G\u00f6re % 148 Art\u0131\u015fla 80,5 Milyon TL Oldu"},"content":{"rendered":"<p class=\"qtranxs-available-languages-message qtranxs-available-languages-message-en\">Sorry, this entry is only available in <a href=\"https:\/\/www.enerjigazetesi.ist\/tr\/wp-json\/wp\/v2\/posts\/154831\" class=\"qtranxs-available-language-link qtranxs-available-language-link-tr\" title=\"Turkish\">Turkish<\/a>. For the sake of viewer convenience, the content is shown below in the alternative language. You may click the link to switch the active language.<\/p><p><\/p>\n<h2>Ta\u015f\u0131mal\u0131 do\u011fal gaz pazar\u0131nda faaliyet g\u00f6steren Global Yat\u0131r\u0131m Holding i\u015ftiraki Naturelgaz, 2022 y\u0131l\u0131 ilk \u00e7eyre\u011fine ili\u015fkin finansal sonu\u00e7lar\u0131n\u0131 a\u00e7\u0131klad\u0131.<\/h2>\n<p><strong>2022 y\u0131l\u0131<\/strong> ilk \u00e7eyre\u011finde Naturelgaz&#8217;\u0131n <strong>sat\u0131\u015f gelirleri<\/strong> bir \u00f6nceki y\u0131l\u0131n ayn\u0131 d\u00f6nemine k\u0131yasla<strong> % 268<\/strong> artarak <strong>461,2 milyon TL<\/strong> olarak ger\u00e7ekle\u015fti. Ayn\u0131 d\u00f6nemde \u015eirketin <strong>sat\u0131\u015f hacmi<\/strong> ise <strong>% 41<\/strong> oran\u0131nda artarak <strong>67,9 milyon Sm3<\/strong> seviyesine \u00e7\u0131kt\u0131.<\/p>\n<p><strong><img loading=\"lazy\" class=\"alignright wp-image-154833\" src=\"https:\/\/www.enerjigazetesi.ist\/wp-content\/uploads\/2022\/04\/naturelgaz-in-brut-kari-onceki-yila-gore-yuzde-148-artisla-805-milyon-tl-oldu-1.jpg\" alt=\"\" width=\"320\" height=\"210\" srcset=\"https:\/\/www.enerjigazetesi.ist\/wp-content\/uploads\/2022\/04\/naturelgaz-in-brut-kari-onceki-yila-gore-yuzde-148-artisla-805-milyon-tl-oldu-1.jpg 550w, https:\/\/www.enerjigazetesi.ist\/wp-content\/uploads\/2022\/04\/naturelgaz-in-brut-kari-onceki-yila-gore-yuzde-148-artisla-805-milyon-tl-oldu-1-300x197.jpg 300w, https:\/\/www.enerjigazetesi.ist\/wp-content\/uploads\/2022\/04\/naturelgaz-in-brut-kari-onceki-yila-gore-yuzde-148-artisla-805-milyon-tl-oldu-1-500x328.jpg 500w, https:\/\/www.enerjigazetesi.ist\/wp-content\/uploads\/2022\/04\/naturelgaz-in-brut-kari-onceki-yila-gore-yuzde-148-artisla-805-milyon-tl-oldu-1-76x50.jpg 76w\" sizes=\"(max-width: 320px) 100vw, 320px\" \/>2021 y\u0131l\u0131nda<\/strong> toplam sat\u0131\u015f hacmi i\u00e7erisindeki pay\u0131 giderek artan <strong>\u015eehir Gaz\u0131<\/strong> i\u015fkolu sat\u0131\u015flar\u0131, h\u0131zl\u0131 b\u00fcy\u00fcmesini y\u0131l\u0131n ilk \u00e7eyre\u011finde de s\u00fcrd\u00fcrd\u00fc. \u015eehir Gaz\u0131 i\u015f kolunda <strong>boru hatt\u0131 \u015febekesine<\/strong> ba\u011fl\u0131 olmayan il\u00e7e ve beldelerin <strong>do\u011fal gaz ihtiyac\u0131n\u0131 kar\u015f\u0131lamak<\/strong> amac\u0131yla,<strong> do\u011fal gaz da\u011f\u0131t\u0131m \u015firketlerine<\/strong> ta\u015f\u0131mal\u0131 y\u00f6ntem ile <strong>do\u011fal gaz sat\u0131\u015f\u0131<\/strong> yapan <strong>Naturelgaz\u2019\u0131n<\/strong> bu i\u015fkolundaki sat\u0131\u015f hacmi, y\u0131l\u0131n ilk \u00e7eyre\u011finde <strong>y\u00fczde 84<\/strong> art\u0131\u015fla<strong> 35,1 milyon Sm3<\/strong> seviyesine \u00e7\u0131kt\u0131.<\/p>\n<p>Naturelgaz\u2019\u0131n br\u00fct k\u00e2r\u0131 2022 y\u0131l\u0131 ilk \u00e7eyre\u011finde<strong> 80,5 milyon TL<\/strong> oldu. 2021 y\u0131l\u0131nda toplam <strong>137,0 milyon TL<\/strong> br\u00fct kar elde eden \u015eirket, br\u00fct karda g\u00f6r\u00fclen bu b\u00fcy\u00fcme ile <strong>2021 y\u0131l\u0131<\/strong> toplam<strong> br\u00fct kar\u0131n\u0131n<\/strong> <strong>y\u00fczde 60<\/strong>\u2019\u0131n\u0131 y\u0131l\u0131n ilk \u00e7eyre\u011finde ger\u00e7ekle\u015ftirmi\u015f oldu. Br\u00fct kar tutar\u0131nda ger\u00e7ekle\u015fen bu b\u00fcy\u00fcmeye en \u00f6nemli katk\u0131y\u0131, artan <strong>\u015fehir gaz\u0131 sat\u0131\u015flar\u0131<\/strong> ile mevsimsellik etkisinin <strong>\u00f6nemli \u00f6l\u00e7\u00fcde azalmas\u0131<\/strong> ve bu sayede <strong>maliyetlerin<\/strong> etkin bir \u015fekilde y\u00f6netilmesi sa\u011flad\u0131.<\/p>\n<p>\u015eirket\u2019in <strong>faiz, amortisman<\/strong> ve <strong>vergi \u00f6ncesi k\u00e2r\u0131 (FAV\u00d6K)<\/strong> bir \u00f6nceki y\u0131l\u0131n ayn\u0131 d\u00f6nemine g\u00f6re <strong>%192<\/strong> art\u0131\u015f g\u00f6stererek <strong>63,0 milyon TL<\/strong>\u2019ye ula\u015ft\u0131. Ge\u00e7en y\u0131l\u0131n ayn\u0131 d\u00f6neminde <strong>0,3 milyon TL<\/strong> olan vergi \u00f6ncesi <strong>net k\u00e2r<\/strong> ise <strong>2022 y\u0131l\u0131<\/strong> ilk \u00e7eyre\u011finde <strong>41,8 milyon TL<\/strong> olarak ger\u00e7ekle\u015fti.<\/p>\n<h3><strong>\u20182022 y\u0131l\u0131na ba\u015far\u0131l\u0131 finansal sonu\u00e7lar\u0131m\u0131z ile \u00e7ok iyi bir ba\u015flang\u0131\u00e7 yapt\u0131k\u2019<\/strong><\/h3>\n<p>\u015eirketin <strong>2022 y\u0131l\u0131<\/strong> ilk \u00e7eyre\u011findeki <strong>finansal<\/strong> ve<strong> operasyonel performans\u0131n\u0131<\/strong> de\u011ferlendiren <em>Naturelgaz Genel M\u00fcd\u00fcr\u00fc<\/em><strong> Hasan Tahsin Turan<\/strong> \u015funlar\u0131 s\u00f6yledi: <em>&#8220;Naturelgaz olarak <strong>2022 y\u0131l\u0131na<\/strong> hem <strong>operasyonel<\/strong> hem de <strong>finansal<\/strong> anlamda \u00e7ok iyi bir ba\u015flang\u0131\u00e7 yapt\u0131k. Sat\u0131\u015f hacmimizdeki ve kapasite kullan\u0131m\u0131m\u0131zdaki <strong>art\u0131\u015flar<\/strong> ile <strong>operasyonel verimlili\u011fimizi<\/strong> \u00f6nemli bir seviyeye getirdi\u011fimizi, bu verimlilik art\u0131\u015f\u0131n\u0131n <strong>finansal sonu\u00e7lar\u0131m\u0131z<\/strong> \u00fczerindeki yans\u0131malar\u0131n\u0131 2022 y\u0131l\u0131 i\u00e7erisinde <strong>daha net bir \u015fekilde g\u00f6rece\u011fimizi<\/strong> belirtmi\u015ftik. Y\u0131l\u0131n ilk \u00e7eyre\u011findeki <strong>finansal performans\u0131m\u0131z<\/strong> ile bug\u00fcn payda\u015flar\u0131m\u0131za verdi\u011fimiz bu s\u00f6z\u00fc yerine getirmenin mutlulu\u011funu ya\u015f\u0131yoruz. <strong>2022 y\u0131l\u0131<\/strong> ilk \u00e7eyre\u011finde <strong>63,0 milyon TL FAV\u00d6K<\/strong> elde ettik. <strong>Vergi \u00f6ncesi kar<\/strong> tutar\u0131m\u0131z ise <strong>41,8 milyon TL<\/strong> oldu. <strong>Hedeflerimizin<\/strong> ve <strong>ge\u00e7en senenin<\/strong> ayn\u0131 d\u00f6nemine g\u00f6re beklentilerimizin \u00fczerinde sonu\u00e7larla \u00e7al\u0131\u015fmalar\u0131m\u0131za h\u0131z kesmeden devam ediyoruz&#8221;\u00a0<\/em><\/p>\n<p>Hem ge\u00e7en y\u0131l hem bu y\u0131l<strong> k\u00fcresel enerji sekt\u00f6r\u00fcndeki<\/strong> dalgalanmalar\u0131n olumsuz etkilerini en aza indirebilmek i\u00e7in <strong>risk y\u00f6netimine<\/strong> her zamankinden daha fazla \u00f6nem verdiklerini belirten Turan, <em>\u201cStratejik olarak odakland\u0131\u011f\u0131m\u0131z t\u00fcm i\u015fkollar\u0131m\u0131zda<strong> s\u00fcrd\u00fcr\u00fclebilir<\/strong> ve<strong> karl\u0131 b\u00fcy\u00fcmeyi<\/strong> hedefliyoruz\u201d<\/em> \u015feklinde konu\u015ftu.<\/p>","protected":false},"excerpt":{"rendered":"<p>Sorry, this entry is only available in Turkish. For the sake of viewer convenience, the content is shown below in the alternative language. You may click the link to switch the active language. Ta\u015f\u0131mal\u0131 do\u011fal gaz pazar\u0131nda faaliyet g\u00f6steren Global Yat\u0131r\u0131m Holding i\u015ftiraki Naturelgaz, 2022 y\u0131l\u0131 ilk \u00e7eyre\u011fine ili\u015fkin finansal sonu\u00e7lar\u0131n\u0131 a\u00e7\u0131klad\u0131. 2022 y\u0131l\u0131 ilk [&hellip;]<\/p>\n","protected":false},"author":1,"featured_media":154834,"comment_status":"open","ping_status":"open","sticky":false,"template":"","format":"standard","meta":[],"categories":[46,53],"tags":[23219,12812,12810,88708],"views":249,"_links":{"self":[{"href":"https:\/\/www.enerjigazetesi.ist\/en\/wp-json\/wp\/v2\/posts\/154831"}],"collection":[{"href":"https:\/\/www.enerjigazetesi.ist\/en\/wp-json\/wp\/v2\/posts"}],"about":[{"href":"https:\/\/www.enerjigazetesi.ist\/en\/wp-json\/wp\/v2\/types\/post"}],"author":[{"embeddable":true,"href":"https:\/\/www.enerjigazetesi.ist\/en\/wp-json\/wp\/v2\/users\/1"}],"replies":[{"embeddable":true,"href":"https:\/\/www.enerjigazetesi.ist\/en\/wp-json\/wp\/v2\/comments?post=154831"}],"version-history":[{"count":0,"href":"https:\/\/www.enerjigazetesi.ist\/en\/wp-json\/wp\/v2\/posts\/154831\/revisions"}],"wp:featuredmedia":[{"embeddable":true,"href":"https:\/\/www.enerjigazetesi.ist\/en\/wp-json\/wp\/v2\/media\/154834"}],"wp:attachment":[{"href":"https:\/\/www.enerjigazetesi.ist\/en\/wp-json\/wp\/v2\/media?parent=154831"}],"wp:term":[{"taxonomy":"category","embeddable":true,"href":"https:\/\/www.enerjigazetesi.ist\/en\/wp-json\/wp\/v2\/categories?post=154831"},{"taxonomy":"post_tag","embeddable":true,"href":"https:\/\/www.enerjigazetesi.ist\/en\/wp-json\/wp\/v2\/tags?post=154831"}],"curies":[{"name":"wp","href":"https:\/\/api.w.org\/{rel}","templated":true}]}}