{"id":154825,"date":"2022-04-28T18:55:57","date_gmt":"2022-04-28T15:55:57","guid":{"rendered":"https:\/\/www.enerjigazetesi.ist\/?p=154825"},"modified":"2022-04-28T18:55:57","modified_gmt":"2022-04-28T15:55:57","slug":"ulke-olarak-dogru-hamlelerle-dunyanin-enerji-gucu-konumuna-gelebiliriz","status":"publish","type":"post","link":"https:\/\/www.enerjigazetesi.ist\/en\/ulke-olarak-dogru-hamlelerle-dunyanin-enerji-gucu-konumuna-gelebiliriz\/","title":{"rendered":"(Turkish) \u00dclke Olarak Do\u011fru Hamlelerle D\u00fcnyan\u0131n Enerji G\u00fcc\u00fc Konumuna Gelebiliriz"},"content":{"rendered":"<p class=\"qtranxs-available-languages-message qtranxs-available-languages-message-en\">Sorry, this entry is only available in <a href=\"https:\/\/www.enerjigazetesi.ist\/tr\/wp-json\/wp\/v2\/posts\/154825\" class=\"qtranxs-available-language-link qtranxs-available-language-link-tr\" title=\"Turkish\">Turkish<\/a>. For the sake of viewer convenience, the content is shown below in the alternative language. You may click the link to switch the active language.<\/p><p><\/p>\n<h2>K\u00fcresel \u00f6l\u00e7ekte, modern hayat\u0131n her alan\u0131nda enerjiye olan ihtiyac\u0131m\u0131z, \u00e7evre ve iklim g\u00fcvenli\u011fini g\u00f6zetmek ko\u015fuluyla, yenilenebilir enerji kaynaklar\u0131na talebi de h\u0131zla art\u0131r\u0131yor. T\u00fcrkiye\u2019nin k\u00fcresel \u00fcretimdeki iddias\u0131na ve ihracat rekorlar\u0131na ba\u011fl\u0131 olarak artan enerji talebi, \u00fclkemizin enerji alan\u0131nda d\u0131\u015fa ba\u011fl\u0131l\u0131\u011f\u0131n\u0131 azaltacak hamleleri ve yat\u0131r\u0131mlar\u0131 da h\u0131zland\u0131rm\u0131\u015f durumda.<\/h2>\n<p>Bu tablo, <strong>s\u00fcrd\u00fcr\u00fclebilir \u00e7\u00f6z\u00fcmler<\/strong> ad\u0131na, <strong>enerji alan\u0131nda<\/strong> da <strong>\u00e7evre dostu<\/strong> ve <strong>yerli enerji<\/strong> kaynaklar\u0131 olan <strong>yenilenebilir enerjiyi<\/strong> \u00f6n plana \u00e7\u0131k\u0131yor.<\/p>\n<h3><strong>T\u00dcRK\u0130YE\u2019N\u0130N YERL\u0130 ve M\u0130LL\u0130 ENERJ\u0130 KAYNAKLARI HAMLES\u0130 <\/strong><strong>PAHA B\u0130\u00c7\u0130LEMEZ B\u0130R \u00d6NCEL\u0130K KAZANDI<\/strong><\/h3>\n<p><strong>\u0130klim de\u011fi\u015fikli\u011fi<\/strong> ve t\u00fcm d\u00fcnyada <strong>ya\u015fanan siyasi gerilimlerin<\/strong> enerji alan\u0131n\u0131 temelden etkiledi\u011fini belirten <strong>YENADER Ba\u015fkan\u0131 Prof. Dr. Kerem Alkin<\/strong> konu hakk\u0131nda a\u00e7\u0131klamalar\u0131na <span style=\"text-decoration: underline;\">\u015fu \u015fekilde <img loading=\"lazy\" class=\"alignright wp-image-154828\" src=\"https:\/\/www.enerjigazetesi.ist\/wp-content\/uploads\/2022\/04\/ulke-olarak-dogru-hamlelerle-dunyanin-enerji-gucu-konumuna-gelebiliriz-1.jpg\" alt=\"\" width=\"320\" height=\"253\" srcset=\"https:\/\/www.enerjigazetesi.ist\/wp-content\/uploads\/2022\/04\/ulke-olarak-dogru-hamlelerle-dunyanin-enerji-gucu-konumuna-gelebiliriz-1.jpg 550w, https:\/\/www.enerjigazetesi.ist\/wp-content\/uploads\/2022\/04\/ulke-olarak-dogru-hamlelerle-dunyanin-enerji-gucu-konumuna-gelebiliriz-1-300x237.jpg 300w, https:\/\/www.enerjigazetesi.ist\/wp-content\/uploads\/2022\/04\/ulke-olarak-dogru-hamlelerle-dunyanin-enerji-gucu-konumuna-gelebiliriz-1-500x395.jpg 500w, https:\/\/www.enerjigazetesi.ist\/wp-content\/uploads\/2022\/04\/ulke-olarak-dogru-hamlelerle-dunyanin-enerji-gucu-konumuna-gelebiliriz-1-63x50.jpg 63w\" sizes=\"(max-width: 320px) 100vw, 320px\" \/>devam etti:<\/span><\/p>\n<p><em>&#8220;\u0130klim de\u011fi\u015fikli\u011finin <strong>y\u0131k\u0131c\u0131 etkileri<\/strong> d\u00fcnyan\u0131n her taraf\u0131nda her ge\u00e7en g\u00fcn daha \u00e7ok fark ediliyor. \u0130klim diplomasisinin de \u00f6nem kazanmas\u0131yla dikkatlerin yo\u011funla\u015ft\u0131\u011f\u0131, <strong>Birle\u015fmi\u015f Milletler \u0130klim De\u011fi\u015fikli\u011fi \u00c7er\u00e7eve S\u00f6zle\u015fmesi Taraflar Konferans\u0131 <\/strong>&#8211; <strong>COP 26<\/strong>\u2019dan olumlu bir sonu\u00e7 \u00e7\u0131kmad\u0131. Bu sonuca ra\u011fmen <strong>iklim de\u011fi\u015fikli\u011fi<\/strong> konusunda t\u00fcm d\u00fcnyada \u00e7al\u0131\u015fmalar devam ederken <strong>Ukrayna-Rusya krizinin<\/strong> de patlak vermesiyle yeni<strong> ye\u015fil d\u00fczene<\/strong> y\u00f6nelik <strong>\u00e7a\u011fr\u0131<\/strong> ve <strong>politikalar<\/strong> art\u0131\u015f g\u00f6sterdi. T\u00fcrkiye\u2019nin de <strong>son 5 y\u0131l<\/strong> adeta katlanarak ilerleyen<strong> yerli<\/strong> ve <strong>milli enerji kaynaklar\u0131<\/strong>yla teknolojileri hamlesi <strong>b\u00f6ylesi bir konjonkt\u00fcrde paha bi\u00e7ilemez<\/strong> bir \u00f6nem kazand\u0131.&#8221;<\/em><\/p>\n<h3><strong>\u201cYEN\u0130LENEB\u0130L\u0130R ENERJ\u0130 KAYNAKLARINI MAKS\u0130MUM D\u00dcZEYDE KULLANMAK <\/strong><strong>\u00c7OK B\u00dcY\u00dcK \u00d6NEM TA\u015eIYOR\u201d<\/strong><\/h3>\n<p>T\u00fcrkiye\u2019nin <strong>50-55 milyar dolara<\/strong> ula\u015fan enerji ithalat\u0131 oldu\u011funu belirten <strong>YENADER Ba\u015fkan\u0131 Prof. Dr. Kerem Alkin <\/strong>s\u00f6zlerine <span style=\"text-decoration: underline;\">\u015fu \u015fekilde devam etti:<\/span><\/p>\n<p><em>\u201cEnerji alan\u0131ndaki d\u0131\u015fa ba\u011f\u0131ml\u0131l\u0131\u011f\u0131m\u0131z \u00fclke ekonomisini olumsuz etkiliyor. Ancak mevcut co\u011frafi yap\u0131m\u0131z\u0131n yenilenebilir enerji kaynaklar\u0131ndan <strong>enerji \u00fcretmek<\/strong> i\u00e7in olduk\u00e7a b\u00fcy\u00fck bir potansiyeli bulunuyor. Yerli ve milli kaynaklar ile bu potansiyelin daha iyi ve etkin kullan\u0131lmas\u0131 \u00fclke ekonomisine de olduk\u00e7a katk\u0131 sa\u011flayacak. Enerji alan\u0131nda <strong>d\u0131\u015fa ba\u011f\u0131ml\u0131l\u0131\u011f\u0131<\/strong> minimum seviyeye indirmek i\u00e7in yenilenebilir enerji kaynaklar\u0131n\u0131 <strong>maksimum d\u00fczeyde<\/strong> kullanmak \u00e7ok b\u00fcy\u00fck \u00f6nem ta\u015f\u0131yor. <\/em><em>\u00dclkemiz <strong>2000\u2019li y\u0131llarda<\/strong> \u00e7ok d\u00fc\u015f\u00fck <strong>yenilenebilir enerji kapasitesine<\/strong> sahipken, bu alanda yapt\u0131\u011f\u0131 yat\u0131r\u0131mlarla toplam<strong> yenilenebilir enerji kurulu g\u00fcc\u00fc<\/strong> bak\u0131m\u0131ndan Avrupa\u2019da<strong> 5\u2019inci,<\/strong> d\u00fcnyada <strong>12\u2019inci<\/strong> s\u0131raya y\u00fckseldi. Potansiyelimizi do\u011fru kullan\u0131p, bu alandaki yat\u0131r\u0131mlara h\u0131z kesmeden devam edersek <strong>yenilenebilir enerji \u00fcretimi<\/strong> ile hem<strong> cari<\/strong> a\u00e7\u0131k kapanacak hem de <strong>enerji alan\u0131nda<\/strong> kendi kendine yetebilen bir \u00fclke olarak d\u00fcnyada <strong>y\u00fckselen y\u0131ld\u0131z konumuna<\/strong> gelece\u011fiz.\u201d<\/em><\/p>\n<h3><strong>EKONOM\u0130K B\u00dcY\u00dcME \u00dcZER\u0130NDE ENERJ\u0130N\u0130N ETK\u0130S\u0130 B\u00dcY\u00dcK<\/strong><\/h3>\n<p>\u00dclkelerin geli\u015fmi\u015flik g\u00f6stergesinin temel fakt\u00f6rlerinden birinin<strong> temiz<\/strong> ve <strong>kaliteli yenilenebilir enerji<\/strong> kaynaklar\u0131 oldu\u011funu s\u00f6yleyen <em>YENADER Ba\u015fkan\u0131 <\/em><strong>Prof. Dr. Kerem Alkin <\/strong>s\u00f6zlerini <span style=\"text-decoration: underline;\">\u015fu \u015fekilde sonland\u0131rd\u0131:<\/span><\/p>\n<p><em>\u201c<strong>Enerjinin<\/strong> ekonomik b\u00fcy\u00fcme \u00fczerindeki rol\u00fc<strong> \u00e7ok \u00f6nemli<\/strong>. \u00c7\u00fcnk\u00fc \u00fclkelerin hem <strong>bireysel<\/strong> hem de <strong>milli gelir seviyesinin<\/strong> belirlenmesi anlam\u0131nda en \u00f6nemli g\u00f6stergelerden biri. \u00c7\u00fcnk\u00fc <strong>y\u00fcksek enerji t\u00fcketilen<\/strong> \u00fclkelerin ekonomisinde <strong>enerji t\u00fcketiminde<\/strong> mevcut dalgalanmalar \u00fclke ekonomisini ciddi oranda etkiliyor. T\u00fcm bunlara ek <strong>yenilenebilir enerji<\/strong> alan\u0131nda olu\u015fan <strong>ek istihdam, i\u015fsizlik<\/strong> oranlar\u0131n\u0131n d\u00fc\u015fmesine yard\u0131mc\u0131 olurken <strong>refah d\u00fczeyinin artmas\u0131na<\/strong> katk\u0131 sa\u011fl\u0131yor. Ayr\u0131ca <strong>yerli kaynak kullan\u0131m\u0131na dayanan<\/strong> yenilenebilir enerji, yurt i\u00e7indeki <strong>t\u00fcketim<\/strong> ve <strong>yat\u0131r\u0131m<\/strong> harcamalar\u0131n\u0131n artmas\u0131na yard\u0131mc\u0131 oluyor.\u201d<\/em><\/p>","protected":false},"excerpt":{"rendered":"<p>Sorry, this entry is only available in Turkish. For the sake of viewer convenience, the content is shown below in the alternative language. You may click the link to switch the active language. K\u00fcresel \u00f6l\u00e7ekte, modern hayat\u0131n her alan\u0131nda enerjiye olan ihtiyac\u0131m\u0131z, \u00e7evre ve iklim g\u00fcvenli\u011fini g\u00f6zetmek ko\u015fuluyla, yenilenebilir enerji kaynaklar\u0131na talebi de h\u0131zla art\u0131r\u0131yor. [&hellip;]<\/p>\n","protected":false},"author":1,"featured_media":154829,"comment_status":"open","ping_status":"open","sticky":false,"template":"","format":"standard","meta":[],"categories":[51,53],"tags":[988,1999,57216,34977,17771,75795,3504,52743],"views":148,"_links":{"self":[{"href":"https:\/\/www.enerjigazetesi.ist\/en\/wp-json\/wp\/v2\/posts\/154825"}],"collection":[{"href":"https:\/\/www.enerjigazetesi.ist\/en\/wp-json\/wp\/v2\/posts"}],"about":[{"href":"https:\/\/www.enerjigazetesi.ist\/en\/wp-json\/wp\/v2\/types\/post"}],"author":[{"embeddable":true,"href":"https:\/\/www.enerjigazetesi.ist\/en\/wp-json\/wp\/v2\/users\/1"}],"replies":[{"embeddable":true,"href":"https:\/\/www.enerjigazetesi.ist\/en\/wp-json\/wp\/v2\/comments?post=154825"}],"version-history":[{"count":0,"href":"https:\/\/www.enerjigazetesi.ist\/en\/wp-json\/wp\/v2\/posts\/154825\/revisions"}],"wp:featuredmedia":[{"embeddable":true,"href":"https:\/\/www.enerjigazetesi.ist\/en\/wp-json\/wp\/v2\/media\/154829"}],"wp:attachment":[{"href":"https:\/\/www.enerjigazetesi.ist\/en\/wp-json\/wp\/v2\/media?parent=154825"}],"wp:term":[{"taxonomy":"category","embeddable":true,"href":"https:\/\/www.enerjigazetesi.ist\/en\/wp-json\/wp\/v2\/categories?post=154825"},{"taxonomy":"post_tag","embeddable":true,"href":"https:\/\/www.enerjigazetesi.ist\/en\/wp-json\/wp\/v2\/tags?post=154825"}],"curies":[{"name":"wp","href":"https:\/\/api.w.org\/{rel}","templated":true}]}}