{"id":15478,"date":"2013-09-18T17:24:00","date_gmt":"2013-09-18T14:24:00","guid":{"rendered":"https:\/\/www.enerjigazetesi.ist\/?p=15478"},"modified":"2013-09-18T17:24:00","modified_gmt":"2013-09-18T14:24:00","slug":"istanbul-adalet-sarayi-elektrigini-kendisi-uretecek","status":"publish","type":"post","link":"https:\/\/www.enerjigazetesi.ist\/en\/istanbul-adalet-sarayi-elektrigini-kendisi-uretecek\/","title":{"rendered":"(Turkish) \u0130stanbul Adalet Saray\u0131 Elektri\u011fini Kendisi \u00dcretecek&#8230;"},"content":{"rendered":"<p class=\"qtranxs-available-languages-message qtranxs-available-languages-message-en\">Sorry, this entry is only available in <a href=\"https:\/\/www.enerjigazetesi.ist\/tr\/wp-json\/wp\/v2\/posts\/15478\" class=\"qtranxs-available-language-link qtranxs-available-language-link-tr\" title=\"Turkish\">Turkish<\/a>. For the sake of viewer convenience, the content is shown below in the alternative language. You may click the link to switch the active language.<\/p><p><strong>Avrupa\u2019n\u0131n en b\u00fcy\u00fck adalet saray\u0131 olarak in\u015fa edilen \u00c7a\u011flayan\u2019daki \u0130stanbul Adalet Saray\u0131, \u201cyenilenebilir enerji projesi\u201d ile elektri\u011fini kendisi \u00fcretecek. \u0130stanbul Cumhuriyet Ba\u015fsavc\u0131l\u0131\u011f\u0131 ve \u0130stanbul Teknik \u00dcniversitesi\u2019nin ortak \u00e7al\u0131\u015fmas\u0131yla haz\u0131rlanan ve Adalet Bakanl\u0131\u011f\u0131 ile Enerji Bakanl\u0131\u011f\u0131\u2019n\u0131n da destek verdi\u011fi \u201dyenilenebilir enerji projesi\u201d kapsam\u0131nda, 15 bin metrekareden olu\u015fan adliye \u00e7at\u0131s\u0131na kurulacak r\u00fczgar t\u00fcrbinleri ve g\u00fcne\u015f panelleri sayesinde elektrik enerjisi \u00fcretilecek.<\/strong><\/p>\n<h2>Y\u0131l\u0131n her g\u00fcn\u00fc kesintisiz elektrik<\/h2>\n<p>Hem r\u00fczgar hem g\u00fcne\u015f \u0131\u015f\u0131\u011f\u0131ndan faydalan\u0131larak y\u0131l\u0131n her g\u00fcn\u00fc kesintisiz elektrik \u00fcretilmesi planlanan projenin faaliyete ge\u00e7mesi durumunda, elektrik t\u00fcketiminin y\u00fczde 70\u2032inin kar\u015f\u0131lanmas\u0131 ve y\u0131ll\u0131k tasarrufun da 3,5 milyon TL olmas\u0131 bekleniyor.<\/p>\n<p>Konuya ili\u015fkin bas\u0131n mensuplar\u0131na a\u00e7\u0131klama yapan \u0130stanbul Cumhuriyet Ba\u015fsavc\u0131 Vekili Fehmi Tosun, \u0130stanbul Teknik \u00dcniversitesi taraf\u0131ndan y\u00fcr\u00fct\u00fclen projenin fizibilite \u00e7al\u0131\u015fmalar\u0131n\u0131n yap\u0131ld\u0131\u011f\u0131n\u0131 ifade ederek, haz\u0131rlanan fizibilite raporunda, binan\u0131n konumu ve \u00e7at\u0131s\u0131n\u0131n geni\u015fli\u011finin, r<a href=\"https:\/\/www.enerjigazetesi.ist\/wp-content\/uploads\/2013\/09\/istanbul-adalet-sarayi-elektrigini-kendisi-uretecek.jpg\"><img loading=\"lazy\" class=\"alignleft size-medium wp-image-15479\" title=\"istanbul-adalet-sarayi-elektrigini-kendisi-uretecek\" src=\"https:\/\/www.enerjigazetesi.ist\/wp-content\/uploads\/2013\/09\/istanbul-adalet-sarayi-elektrigini-kendisi-uretecek-300x192.jpg\" alt=\"\" width=\"300\" height=\"192\" srcset=\"https:\/\/www.enerjigazetesi.ist\/wp-content\/uploads\/2013\/09\/istanbul-adalet-sarayi-elektrigini-kendisi-uretecek-300x192.jpg 300w, https:\/\/www.enerjigazetesi.ist\/wp-content\/uploads\/2013\/09\/istanbul-adalet-sarayi-elektrigini-kendisi-uretecek-78x50.jpg 78w, https:\/\/www.enerjigazetesi.ist\/wp-content\/uploads\/2013\/09\/istanbul-adalet-sarayi-elektrigini-kendisi-uretecek.jpg 473w\" sizes=\"(max-width: 300px) 100vw, 300px\" \/><\/a>\u00fczgar ve g\u00fcne\u015ften elektrik \u00fcretmek i\u00e7in ideal oldu\u011funun belirtildi\u011fini s\u00f6yledi.<\/p>\n<h2>Y\u00fczde 70\u2032i buradan \u00fcretilecek<\/h2>\n<p>Ba\u015fsavc\u0131 Vekili Tosun, adliyenin g\u00fcnl\u00fck ortalama elektrik t\u00fcketiminin 41-42 bin kilowat oldu\u011funu ve y\u0131ll\u0131k yakla\u015f\u0131k olarak 6 milyon liral\u0131k elektrik t\u00fcketildi\u011fini anlatarak, projenin faaliyete ge\u00e7mesi halinde bina ihtiyac\u0131n\u0131n y\u00fczde 70\u2032nin buradan \u00fcretilecek elektrikle kar\u015f\u0131lanaca\u011f\u0131n\u0131 kaydetti.<\/p>\n<h2>Maliyeti ne olacak?<\/h2>\n<p>\u00c7at\u0131s\u0131nda kendi elektri\u011fini \u00fcreten tek kamu kurumu olaca\u011f\u0131n\u0131 ifade eden Tosun, tesis kurulum maliyetinin \u00e7evre destek\u00e7isi kurulu\u015flar taraf\u0131ndan kar\u015f\u0131lanaca\u011f\u0131n\u0131 ve proje haz\u0131rlama maliyetinin yar\u0131s\u0131n\u0131n \u0130stanbul Valili\u011fi \u00c7evre Koruma Vakf\u0131 taraf\u0131ndan \u00fcstlendi\u011fini belirterek, T\u00fcrkiye\u2019de daha \u00f6nce bu \u015fekilde yap\u0131lm\u0131\u015f \u00f6rnek bir proje olmad\u0131\u011f\u0131 i\u00e7in maliyetinin tam olarak kestirilemedi\u011fini, ancak proje haz\u0131rlama maliyetinin 10-12 milyon TL aras\u0131nda hesapland\u0131\u011f\u0131n\u0131 s\u00f6yledi. Tosun, bu maliyetin de tesisin \u00fcretece\u011fi elektrikten yap\u0131lacak tasarruf ile 5 y\u0131lda kendisini amorti etmesinin beklendi\u011fini dile getirerek, T\u00fcrkiye\u2019de ilk olmas\u0131 nedeniyle hukuki mevzuat\u0131n da bu proje ile \u015fekillenece\u011fini belirtti.<\/p>\n<h2>Proje nas\u0131l olacak?<\/h2>\n<p>Proje kapsam\u0131nda \u00f6n\u00fcm\u00fczdeki g\u00fcnlerde binaya r\u00fczgar \u00f6l\u00e7\u00fcm\u00fcn\u00fc test etmesi i\u00e7in kurulacak sens\u00f6rler, bir y\u0131l s\u00fcreyle y\u0131l\u0131n her mevsimi r\u00fczgar ve g\u00fcne\u015fin durumunu hesaplayacak. Daha sonra \u00e7at\u0131da kullan\u0131lacak t\u00fcrbin ve di\u011fer malzemelerin se\u00e7imi, tesisin kurulumu, \u015fehir \u015febekesine uyum sa\u011flamak i\u00e7in gerekli d\u00f6n\u00fc\u015f\u00fcm i\u015flemleri yap\u0131lacak. Projenin tamamlanmas\u0131yla birlikte 3 y\u0131l i\u00e7erisinde elektrik \u00fcretimine ge\u00e7ilmesi planlan\u0131yor.<\/p>\n<p>Kaynak: <a href=\"http:\/\/enerjienstitusu.com\/2013\/09\/18\/istanbul-adalet-sarayi-elektrigini-kendisi-uretecek\/\" target=\"_blank\">Enerji Enstit\u00fcs\u00fc<\/a><\/p>","protected":false},"excerpt":{"rendered":"<p>Sorry, this entry is only available in Turkish. For the sake of viewer convenience, the content is shown below in the alternative language. You may click the link to switch the active language.Avrupa\u2019n\u0131n en b\u00fcy\u00fck adalet saray\u0131 olarak in\u015fa edilen \u00c7a\u011flayan\u2019daki \u0130stanbul Adalet Saray\u0131, \u201cyenilenebilir enerji projesi\u201d ile elektri\u011fini kendisi \u00fcretecek. \u0130stanbul Cumhuriyet Ba\u015fsavc\u0131l\u0131\u011f\u0131 ve [&hellip;]<\/p>\n","protected":false},"author":1,"featured_media":15479,"comment_status":"open","ping_status":"open","sticky":false,"template":"","format":"standard","meta":[],"categories":[51,53,49,50],"tags":[19,63,67,1009,165,227,108,8726,69,17,8727,105],"views":1050,"_links":{"self":[{"href":"https:\/\/www.enerjigazetesi.ist\/en\/wp-json\/wp\/v2\/posts\/15478"}],"collection":[{"href":"https:\/\/www.enerjigazetesi.ist\/en\/wp-json\/wp\/v2\/posts"}],"about":[{"href":"https:\/\/www.enerjigazetesi.ist\/en\/wp-json\/wp\/v2\/types\/post"}],"author":[{"embeddable":true,"href":"https:\/\/www.enerjigazetesi.ist\/en\/wp-json\/wp\/v2\/users\/1"}],"replies":[{"embeddable":true,"href":"https:\/\/www.enerjigazetesi.ist\/en\/wp-json\/wp\/v2\/comments?post=15478"}],"version-history":[{"count":1,"href":"https:\/\/www.enerjigazetesi.ist\/en\/wp-json\/wp\/v2\/posts\/15478\/revisions"}],"predecessor-version":[{"id":15480,"href":"https:\/\/www.enerjigazetesi.ist\/en\/wp-json\/wp\/v2\/posts\/15478\/revisions\/15480"}],"wp:featuredmedia":[{"embeddable":true,"href":"https:\/\/www.enerjigazetesi.ist\/en\/wp-json\/wp\/v2\/media\/15479"}],"wp:attachment":[{"href":"https:\/\/www.enerjigazetesi.ist\/en\/wp-json\/wp\/v2\/media?parent=15478"}],"wp:term":[{"taxonomy":"category","embeddable":true,"href":"https:\/\/www.enerjigazetesi.ist\/en\/wp-json\/wp\/v2\/categories?post=15478"},{"taxonomy":"post_tag","embeddable":true,"href":"https:\/\/www.enerjigazetesi.ist\/en\/wp-json\/wp\/v2\/tags?post=15478"}],"curies":[{"name":"wp","href":"https:\/\/api.w.org\/{rel}","templated":true}]}}