{"id":154748,"date":"2022-04-27T14:12:57","date_gmt":"2022-04-27T11:12:57","guid":{"rendered":"https:\/\/www.enerjigazetesi.ist\/?p=154748"},"modified":"2022-04-27T14:28:06","modified_gmt":"2022-04-27T11:28:06","slug":"avrupa-da-hava-kirliliginin-ardindan-en-buyuk-cevresel-risk-faktoru-gurultu","status":"publish","type":"post","link":"https:\/\/www.enerjigazetesi.ist\/en\/avrupa-da-hava-kirliliginin-ardindan-en-buyuk-cevresel-risk-faktoru-gurultu\/","title":{"rendered":"(Turkish) Avrupa\u2019da Hava Kirlili\u011finin Ard\u0131ndan En B\u00fcy\u00fck \u00c7evresel Risk Fakt\u00f6r\u00fc &#8216;G\u00fcr\u00fclt\u00fc'"},"content":{"rendered":"<p class=\"qtranxs-available-languages-message qtranxs-available-languages-message-en\">Sorry, this entry is only available in <a href=\"https:\/\/www.enerjigazetesi.ist\/tr\/wp-json\/wp\/v2\/posts\/154748\" class=\"qtranxs-available-language-link qtranxs-available-language-link-tr\" title=\"Turkish\">Turkish<\/a>. For the sake of viewer convenience, the content is shown below in the alternative language. You may click the link to switch the active language.<\/p><p><\/p>\n<h2><strong>\u2018Uluslararas\u0131 G\u00fcr\u00fclt\u00fc Fark\u0131ndal\u0131k G\u00fcn\u00fc\u2019 dolay\u0131s\u0131yla bir a\u00e7\u0131klama yapan \u0130ZODER, sa\u011fl\u0131kl\u0131 ve konforlu bir ya\u015fam i\u00e7in ses yal\u0131t\u0131m\u0131n\u0131n \u00f6nemine dikkat \u00e7ekti.<\/strong><\/h2>\n<p>Yal\u0131t\u0131m sekt\u00f6r\u00fcn\u00fcn \u00e7at\u0131 \u00f6rg\u00fct\u00fc\u00a0<strong>Is\u0131, Su, Ses ve Yang\u0131n Yal\u0131t\u0131mc\u0131lar\u0131 Derne\u011fi (\u0130ZODER), <\/strong>\u2018<strong>Uluslararas\u0131 G\u00fcr\u00fclt\u00fc Fark\u0131ndal\u0131k G\u00fcn\u00fc<\/strong>\u2019ne dikkat \u00e7eken bir a\u00e7\u0131klama yapt\u0131. <strong>\u0130ZODER\u00a0Y\u00f6netim Kurulu Ba\u015fkan\u0131 Emrullah Eruslu,\u00a0<\/strong>ses yal\u0131t\u0131m\u0131 konusunda bilin\u00e7 olu\u015fturman\u0131n, \u0130ZODER\u2019in \u00fcstlendi\u011fi bir <strong>sosyal sorumluluk hamlesi<\/strong> oldu\u011funu vurgulad\u0131.<\/p>\n<p><img loading=\"lazy\" class=\"alignright wp-image-154760\" src=\"https:\/\/www.enerjigazetesi.ist\/wp-content\/uploads\/2022\/04\/avrupa-da-hava-kirliliginin-ardindan-en-buyuk-cevresel-risk-faktoru-gurultu-2.jpg\" alt=\"\" width=\"300\" height=\"223\" srcset=\"https:\/\/www.enerjigazetesi.ist\/wp-content\/uploads\/2022\/04\/avrupa-da-hava-kirliliginin-ardindan-en-buyuk-cevresel-risk-faktoru-gurultu-2.jpg 550w, https:\/\/www.enerjigazetesi.ist\/wp-content\/uploads\/2022\/04\/avrupa-da-hava-kirliliginin-ardindan-en-buyuk-cevresel-risk-faktoru-gurultu-2-300x223.jpg 300w, https:\/\/www.enerjigazetesi.ist\/wp-content\/uploads\/2022\/04\/avrupa-da-hava-kirliliginin-ardindan-en-buyuk-cevresel-risk-faktoru-gurultu-2-500x372.jpg 500w, https:\/\/www.enerjigazetesi.ist\/wp-content\/uploads\/2022\/04\/avrupa-da-hava-kirliliginin-ardindan-en-buyuk-cevresel-risk-faktoru-gurultu-2-67x50.jpg 67w\" sizes=\"(max-width: 300px) 100vw, 300px\" \/>Avrupa\u2019da hava kirlili\u011finin ard\u0131ndan en b\u00fcy\u00fck \u00e7evresel risk fakt\u00f6r\u00fcn\u00fcn <strong>g\u00fcr\u00fclt\u00fc kirlili\u011fi<\/strong> oldu\u011funu hat\u0131rlatan\u00a0<strong>Emrullah Eruslu<\/strong>,\u00a0<em>\u201cBilimsel ara\u015ft\u0131rmalar g\u00fcr\u00fclt\u00fcn\u00fcn insan\u0131n sadece beyin fonksiyonlar\u0131n\u0131 de\u011fil, <strong>t\u00fcm bedensel sistemlerini<\/strong> etkiledi\u011fini ortaya koyuyor. Uzun s\u00fcre g\u00fcr\u00fclt\u00fcye maruz kalmak <strong>dikkat bozukluklar\u0131, ba\u015f a\u011fr\u0131s\u0131, kan bas\u0131nc\u0131nda y\u00fckselme, sinirlilik, yorgunluk, uyku bozukluklar\u0131, i\u015f yapabilme yetene\u011finde azalma, stres<\/strong> ve bunlara ba\u011fl\u0131 olarak uzun d\u00f6nemde hastal\u0131k olu\u015fmas\u0131 riskini art\u0131r\u0131yor. G\u00fcr\u00fclt\u00fc kirlili\u011finin etkilerini\u00a0<strong>yal\u0131t\u0131mla<\/strong>\u00a0en aza indirmek m\u00fcmk\u00fcn.\u00a0T\u00dc\u0130K\u2019in 2020 y\u0131l\u0131 <strong>\u2018Gelir ve Ya\u015fam Ko\u015fullar\u0131 Ara\u015ft\u0131rmas\u0131\u2019<\/strong>na g\u00f6re n\u00fcfusun<strong> y\u00fczde 22,6<\/strong>&#8216;s\u0131 trafik veya end\u00fcstrinin neden oldu\u011fu <strong>hava kirlili\u011fi, \u00e7evre kirlili\u011fi<\/strong> veya di\u011fer<strong> \u00e7evresel sorunlarla<\/strong> kar\u015f\u0131la\u015ft\u0131.\u00a0<strong>G\u00fcr\u00fclt\u00fc<\/strong> ve<strong> etkileri<\/strong> konusunda toplumsal fark\u0131ndal\u0131\u011f\u0131 art\u0131rmam\u0131z vatanda\u015flar\u0131m\u0131za \u00f6nemli katk\u0131lar sa\u011flayacakt\u0131r.\u201d<\/em> dedi.<\/p>\n<p>Yal\u0131t\u0131m konusunun son d\u00f6nemde \u00e7ok daha \u00f6nemli hale geldi\u011fine dikkat \u00e7eken\u00a0<strong>Emrullah Eruslu<\/strong>, \u015funlar\u0131 s\u00f6yledi:\u00a0<em>\u201c\u0130ZODER olarak \u00e7al\u0131\u015fma alan\u0131m\u0131z olan yal\u0131t\u0131m konusu hem <strong>enerji verimlili\u011fi\u00a0<\/strong>sa\u011flamaya,<strong>\u00a0iklim de\u011fi\u015fikli\u011fi\u00a0ile m\u00fccadele<\/strong>ye,\u00a0hem de <strong>g\u00fcvenli, konforlu, sa\u011fl\u0131kl\u0131<\/strong> yap\u0131lar\u0131n, ya\u015fam alanlar\u0131n\u0131n olu\u015fumuna hizmet ediyor.\u00a0<strong>Ses yal\u0131t\u0131m\u0131<\/strong> ile g\u00fcr\u00fclt\u00fc kirlili\u011fini engellemek, g\u00fcn\u00fcm\u00fczde konforun \u00f6tesine ge\u00e7erek sa\u011fl\u0131\u011f\u0131m\u0131z i\u00e7in bir gereklilik haline gelmi\u015ftir.\u00a01 Haziran 2018\u2019de y\u00fcr\u00fcrl\u00fc\u011fe giren <strong>Binalar\u0131n G\u00fcr\u00fclt\u00fcye Kar\u015f\u0131 Korunmas\u0131 Hakk\u0131nda Y\u00f6netmelikle,\u00a0<\/strong>ses yal\u0131t\u0131m\u0131n\u0131n <strong>yeni binalarda <\/strong>uygulanmas\u0131 zorunlu hale getirildi. Bu d\u00fczenlemeye g\u00f6re \u015fehir hayat\u0131n\u0131n en b\u00fcy\u00fck sorunlar\u0131ndan biri olan<strong> g\u00fcr\u00fclt\u00fc kirlili\u011fine<\/strong> kar\u015f\u0131 binalarda kullan\u0131lan yal\u0131t\u0131m sistemlerinin teknik kurallar\u0131 belirlendi. Y\u00f6netmelik, yap\u0131 i\u00e7inde olu\u015fan <strong>TV, m\u00fczik, konu\u015fma<\/strong> gibi kom\u015fulardan gelen g\u00fcr\u00fclt\u00fclerin yan\u0131 s\u0131ra, <strong>darbe sesleri, mekanik sistem ve servis ekipmanlar\u0131<\/strong>n\u0131n g\u00fcr\u00fclt\u00fclerinin kontrol alt\u0131na al\u0131nmas\u0131na y\u00f6nelik \u00f6nlemleri i\u00e7eriyor. Y\u00f6netmelik, konutlar\u0131n yan\u0131 s\u0131ra <strong>okul, hastane<\/strong> gibi halk\u0131n yo\u011fun olarak bulundu\u011fu binalar\u0131 da kaps\u0131yor. \u0130ZODER olarak<strong> toplum sa\u011fl\u0131\u011f\u0131<\/strong> i\u00e7in <strong>g\u00fcr\u00fclt\u00fc fark\u0131ndal\u0131\u011f\u0131<\/strong>n\u0131n olu\u015fmas\u0131, <strong>g\u00fcr\u00fclt\u00fcye al\u0131\u015fmamak<\/strong> i\u00e7in \u00e7al\u0131\u015fmalar\u0131m\u0131z\u0131 s\u00fcrd\u00fcrece\u011fiz.\u201d<\/em><\/p>\n<p><em>Binalar\u0131n G\u00fcr\u00fclt\u00fcye Kar\u015f\u0131 Korunmas\u0131 Hakk\u0131nda Y\u00f6netmeli\u011fin A\u00e7\u0131klama ve Uygulama K\u0131lavuzu\u2019nu \u0130ndirmek \u0130\u00e7in <strong><a href=\"https:\/\/www.izoder.org.tr\/dosyalar\/kilavuz-kapak-bina-yonetmelik.pdf\" target=\"_blank\" rel=\"noopener\">TIKLAYIN &gt;&gt;&gt;<\/a><\/strong><\/em><\/p>","protected":false},"excerpt":{"rendered":"<p>Sorry, this entry is only available in Turkish. For the sake of viewer convenience, the content is shown below in the alternative language. You may click the link to switch the active language. \u2018Uluslararas\u0131 G\u00fcr\u00fclt\u00fc Fark\u0131ndal\u0131k G\u00fcn\u00fc\u2019 dolay\u0131s\u0131yla bir a\u00e7\u0131klama yapan \u0130ZODER, sa\u011fl\u0131kl\u0131 ve konforlu bir ya\u015fam i\u00e7in ses yal\u0131t\u0131m\u0131n\u0131n \u00f6nemine dikkat \u00e7ekti. Yal\u0131t\u0131m sekt\u00f6r\u00fcn\u00fcn [&hellip;]<\/p>\n","protected":false},"author":1,"featured_media":154757,"comment_status":"open","ping_status":"open","sticky":false,"template":"","format":"standard","meta":[],"categories":[53],"tags":[94116,102941,675,5118,43665,102942,70648],"views":115,"_links":{"self":[{"href":"https:\/\/www.enerjigazetesi.ist\/en\/wp-json\/wp\/v2\/posts\/154748"}],"collection":[{"href":"https:\/\/www.enerjigazetesi.ist\/en\/wp-json\/wp\/v2\/posts"}],"about":[{"href":"https:\/\/www.enerjigazetesi.ist\/en\/wp-json\/wp\/v2\/types\/post"}],"author":[{"embeddable":true,"href":"https:\/\/www.enerjigazetesi.ist\/en\/wp-json\/wp\/v2\/users\/1"}],"replies":[{"embeddable":true,"href":"https:\/\/www.enerjigazetesi.ist\/en\/wp-json\/wp\/v2\/comments?post=154748"}],"version-history":[{"count":0,"href":"https:\/\/www.enerjigazetesi.ist\/en\/wp-json\/wp\/v2\/posts\/154748\/revisions"}],"wp:featuredmedia":[{"embeddable":true,"href":"https:\/\/www.enerjigazetesi.ist\/en\/wp-json\/wp\/v2\/media\/154757"}],"wp:attachment":[{"href":"https:\/\/www.enerjigazetesi.ist\/en\/wp-json\/wp\/v2\/media?parent=154748"}],"wp:term":[{"taxonomy":"category","embeddable":true,"href":"https:\/\/www.enerjigazetesi.ist\/en\/wp-json\/wp\/v2\/categories?post=154748"},{"taxonomy":"post_tag","embeddable":true,"href":"https:\/\/www.enerjigazetesi.ist\/en\/wp-json\/wp\/v2\/tags?post=154748"}],"curies":[{"name":"wp","href":"https:\/\/api.w.org\/{rel}","templated":true}]}}